{"id":300349,"date":"2025-08-06T12:21:29","date_gmt":"2025-08-06T12:21:29","guid":{"rendered":"https:\/\/www.europesays.com\/fr\/300349\/"},"modified":"2025-08-06T12:21:29","modified_gmt":"2025-08-06T12:21:29","slug":"des-travaux-ferroviaires-sur-la-ligne-saint-die-des-vosges-nancy-en-aout","status":"publish","type":"post","link":"https:\/\/www.europesays.com\/fr\/300349\/","title":{"rendered":"Des travaux ferroviaires sur la ligne Saint-Di\u00e9-des-Vosges-Nancy en ao\u00fbt"},"content":{"rendered":"<p>\t\t\t\t\t\t\t\t<a href=\"https:\/\/vosgesinfo.fr\/app\/uploads\/sites\/4\/2023\/07\/travaux-ligne-ferroviaire-sddv-saales-9.jpg\" data-slb-active=\"1\" data-slb-asset=\"1809801243\" data-slb-internal=\"0\" data-slb-group=\"slb\" target=\"_blank\" rel=\"noopener\"><img aria-describedby=\"caption-attachment-25819\" decoding=\"async\" loading=\"lazy\" class=\"size-large wp-image-25819\" src=\"https:\/\/www.europesays.com\/fr\/wp-content\/uploads\/2025\/08\/travaux-ligne-ferroviaire-sddv-saales-9-1024x771.jpg\" alt=\"\" width=\"1024\" height=\"771\"  \/><\/a><\/p>\n<p id=\"caption-attachment-25819\" class=\"wp-caption-text\">(Illustration)<\/p>\n<p>Du <strong>19 au 30 ao\u00fbt prochains<\/strong>, <strong>SNCF R\u00e9seau<\/strong> r\u00e9alisera des <strong>travaux de renouvellement de rails sur 14 kilom\u00e8tres de voie<\/strong>, entre <strong>Rosi\u00e8res-aux-Salines<\/strong> et <strong>Lun\u00e9ville<\/strong>. Ce chantier estival s\u2019inscrit dans le cadre de son programme de modernisation du r\u00e9seau. L\u2019objectif \u00e9tant de <strong>renforcer la s\u00e9curit\u00e9, la r\u00e9gularit\u00e9 et la performance<\/strong> de cette ligne \u00e0 fort trafic.<\/p>\n<p><strong>5,2 millions d\u2019euros de travaux<\/strong><\/p>\n<p>D\u2019un montant de <strong>5,2 millions d\u2019euros<\/strong>, financ\u00e9s par <strong>SNCF R\u00e9seau<\/strong>, les travaux consistent \u00e0 <strong>remplacer les rails existants<\/strong>. Pour limiter la g\u00eane occasionn\u00e9e envers les voyageurs, ce chantier, qui mobilisera jusqu\u2019\u00e0 <strong>40 personnes<\/strong>, sera men\u00e9 <strong>de nuit<\/strong>.<\/p>\n<p><strong>Deux trains supprim\u00e9s entre Nancy et Saint-Di\u00e9-des-Vosges<\/strong><\/p>\n<p>L\u2019organisation de ces travaux entra\u00eene, jusqu\u2019au <strong>vendredi 5 septembre<\/strong>, la <strong>suppression de deux TER<\/strong> entre <strong>Nancy<\/strong> et <strong>Saint-Di\u00e9-des-Vosges<\/strong> :<\/p>\n<p>\u2013 <strong>TER 834157<\/strong> : d\u00e9part de <strong>Nancy \u00e0 21h59<\/strong>, arriv\u00e9e \u00e0 <strong>Saint-Di\u00e9-des-Vosges \u00e0 22h57<\/strong>, supprim\u00e9 <strong>du lundi au vendredi<\/strong> ;<br \/>\u2013 <strong>TER 834100<\/strong> : d\u00e9part de <strong>Saint-Di\u00e9-des-Vosges \u00e0 5h06<\/strong>, arriv\u00e9e \u00e0 <strong>Nancy \u00e0 6h03<\/strong>, supprim\u00e9 <strong>du mardi au vendredi<\/strong>.<\/p>\n<p>Des <strong>cars de substitution<\/strong> seront mis en place pour garantir la <strong>continuit\u00e9 du service<\/strong>. En compl\u00e9ment, les voyageurs sont invit\u00e9s \u00e0 consulter les <strong>fiches horaires actualis\u00e9es<\/strong> sur le site <a href=\"https:\/\/www.ter.sncf.com\/grand-est\" target=\"_blank\" rel=\"noopener\">ter.sncf.com\/grand-est<\/a>, ou via les canaux d\u2019information habituels.<\/p>\n","protected":false},"excerpt":{"rendered":"(Illustration) Du 19 au 30 ao\u00fbt prochains, SNCF R\u00e9seau r\u00e9alisera des travaux de renouvellement de rails sur 14&hellip;\n","protected":false},"author":2,"featured_media":300350,"comment_status":"","ping_status":"","sticky":false,"template":"","format":"standard","meta":{"footnotes":""},"categories":[9635],"tags":[1111,11,1777,674,1011,27,775,44073,10634,1702,12,25,10870,35526,44074],"class_list":{"0":"post-300349","1":"post","2":"type-post","3":"status-publish","4":"format-standard","5":"has-post-thumbnail","7":"category-nancy","8":"tag-actu","9":"tag-actualites","10":"tag-eu","11":"tag-europe","12":"tag-fr","13":"tag-france","14":"tag-grand-est","15":"tag-ligne-ferroviaire-saint-die-des-vosges-nancy","16":"tag-luneville","17":"tag-nancy","18":"tag-news","19":"tag-republique-francaise","20":"tag-rosieres-aux-salines","21":"tag-sncf-reseau","22":"tag-travaux-ferroviaires"},"share_on_mastodon":{"url":"https:\/\/pubeurope.com\/@fr\/114981796865618927","error":""},"_links":{"self":[{"href":"https:\/\/www.europesays.com\/fr\/wp-json\/wp\/v2\/posts\/300349","targetHints":{"allow":["GET"]}}],"collection":[{"href":"https:\/\/www.europesays.com\/fr\/wp-json\/wp\/v2\/posts"}],"about":[{"href":"https:\/\/www.europesays.com\/fr\/wp-json\/wp\/v2\/types\/post"}],"author":[{"embeddable":true,"href":"https:\/\/www.europesays.com\/fr\/wp-json\/wp\/v2\/users\/2"}],"replies":[{"embeddable":true,"href":"https:\/\/www.europesays.com\/fr\/wp-json\/wp\/v2\/comments?post=300349"}],"version-history":[{"count":0,"href":"https:\/\/www.europesays.com\/fr\/wp-json\/wp\/v2\/posts\/300349\/revisions"}],"wp:featuredmedia":[{"embeddable":true,"href":"https:\/\/www.europesays.com\/fr\/wp-json\/wp\/v2\/media\/300350"}],"wp:attachment":[{"href":"https:\/\/www.europesays.com\/fr\/wp-json\/wp\/v2\/media?parent=300349"}],"wp:term":[{"taxonomy":"category","embeddable":true,"href":"https:\/\/www.europesays.com\/fr\/wp-json\/wp\/v2\/categories?post=300349"},{"taxonomy":"post_tag","embeddable":true,"href":"https:\/\/www.europesays.com\/fr\/wp-json\/wp\/v2\/tags?post=300349"}],"curies":[{"name":"wp","href":"https:\/\/api.w.org\/{rel}","templated":true}]}}