{"id":300351,"date":"2025-08-06T12:22:15","date_gmt":"2025-08-06T12:22:15","guid":{"rendered":"https:\/\/www.europesays.com\/fr\/300351\/"},"modified":"2025-08-06T12:22:15","modified_gmt":"2025-08-06T12:22:15","slug":"retour-du-distributeur-automatique-de-billets-a-la-valette-un-premier-pas-vers-la-nouvelle-mairie-annexe","status":"publish","type":"post","link":"https:\/\/www.europesays.com\/fr\/300351\/","title":{"rendered":"Retour du distributeur automatique de billets \u00e0 La Valette: un premier pas vers la nouvelle mairie annexe"},"content":{"rendered":"<p>Le distributeur automatique de billets fait son grand retour au c\u0153ur du quartier de la Coupiane, sur l\u2019avenue Paul-Val\u00e9ry.<\/p>\n<p>Depuis le 1er ao\u00fbt, les habitants peuvent \u00e0 nouveau retirer des esp\u00e8ces sans quitter leur quartier.<\/p>\n<p>Install\u00e9 devant la future mairie annexe, le retour attendu de ce distributeur marque la premi\u00e8re \u00e9tape visible de la transformation du site, dont l\u2019ouverture est pr\u00e9vue prochainement.<\/p>\n<p>Un petit changement, mais un vrai confort retrouv\u00e9 pour les riverains.\u00a0<\/p>\n","protected":false},"excerpt":{"rendered":"Le distributeur automatique de billets fait son grand retour au c\u0153ur du quartier de la Coupiane, sur l\u2019avenue&hellip;\n","protected":false},"author":2,"featured_media":300352,"comment_status":"","ping_status":"","sticky":false,"template":"","format":"standard","meta":{"footnotes":""},"categories":[9619],"tags":[1111,11,1777,674,1011,27,12,882,25,2310,3366],"class_list":{"0":"post-300351","1":"post","2":"type-post","3":"status-publish","4":"format-standard","5":"has-post-thumbnail","7":"category-toulon","8":"tag-actu","9":"tag-actualites","10":"tag-eu","11":"tag-europe","12":"tag-fr","13":"tag-france","14":"tag-news","15":"tag-provence-alpes-cote-dazur","16":"tag-republique-francaise","17":"tag-toulon","18":"tag-vie-locale"},"share_on_mastodon":{"url":"https:\/\/pubeurope.com\/@fr\/114981800675218292","error":""},"_links":{"self":[{"href":"https:\/\/www.europesays.com\/fr\/wp-json\/wp\/v2\/posts\/300351","targetHints":{"allow":["GET"]}}],"collection":[{"href":"https:\/\/www.europesays.com\/fr\/wp-json\/wp\/v2\/posts"}],"about":[{"href":"https:\/\/www.europesays.com\/fr\/wp-json\/wp\/v2\/types\/post"}],"author":[{"embeddable":true,"href":"https:\/\/www.europesays.com\/fr\/wp-json\/wp\/v2\/users\/2"}],"replies":[{"embeddable":true,"href":"https:\/\/www.europesays.com\/fr\/wp-json\/wp\/v2\/comments?post=300351"}],"version-history":[{"count":0,"href":"https:\/\/www.europesays.com\/fr\/wp-json\/wp\/v2\/posts\/300351\/revisions"}],"wp:featuredmedia":[{"embeddable":true,"href":"https:\/\/www.europesays.com\/fr\/wp-json\/wp\/v2\/media\/300352"}],"wp:attachment":[{"href":"https:\/\/www.europesays.com\/fr\/wp-json\/wp\/v2\/media?parent=300351"}],"wp:term":[{"taxonomy":"category","embeddable":true,"href":"https:\/\/www.europesays.com\/fr\/wp-json\/wp\/v2\/categories?post=300351"},{"taxonomy":"post_tag","embeddable":true,"href":"https:\/\/www.europesays.com\/fr\/wp-json\/wp\/v2\/tags?post=300351"}],"curies":[{"name":"wp","href":"https:\/\/api.w.org\/{rel}","templated":true}]}}