{"id":300357,"date":"2025-08-06T12:26:47","date_gmt":"2025-08-06T12:26:47","guid":{"rendered":"https:\/\/www.europesays.com\/fr\/300357\/"},"modified":"2025-08-06T12:26:47","modified_gmt":"2025-08-06T12:26:47","slug":"horizon-transports-un-nouveau-centre-de-formation-dedie-aux-metiers-du-transport-a-rouen","status":"publish","type":"post","link":"https:\/\/www.europesays.com\/fr\/300357\/","title":{"rendered":"Horizon Transports, un nouveau centre de formation d\u00e9di\u00e9 aux m\u00e9tiers du transport \u00e0 Rouen"},"content":{"rendered":"<p>Baptis\u00e9 Horizon Transports Formations,\u00a0cet \u00e9tablissement s\u2019adresse \u00e0 tous ceux qui souhaitent se former aux m\u00e9tiers du transport de voyageurs ou de marchandises, que ce soit pour d\u00e9buter une carri\u00e8re, se reconvertir ou cr\u00e9er leur entreprise.<\/p>\n<p>Dans un secteur en pleine mutation : mobilit\u00e9 urbaine, livraisons \u00e0 domicile, transports \u00e0 la demande\u2026, les besoins \u00e9voluent rapidement. Horizon Transports entend y r\u00e9pondre avec une offre de formations qualifiantes, reconnues par les autorit\u00e9s comp\u00e9tentes (DREAL, CMA, Pr\u00e9fecture), et accessibles \u00e0 un large public : jeunes actifs, professionnels en reconversion, autoentrepreneurs ou futurs dirigeants.<\/p>\n<p>Large \u00e9ventail de formation<\/p>\n<p>Le centre propose un large choix de cursus dans quatre grandes sp\u00e9cialit\u00e9s. La formation de chauffeur VTC comprend une pr\u00e9paration compl\u00e8te \u00e0 l\u2019examen, un accompagnement personnalis\u00e9, des cours de conduite et un volet d\u00e9di\u00e9 \u00e0 la relation client.\u00a0Le parcours taxi, couvre \u00e0 la fois la th\u00e9orie et la pratique, avec des entra\u00eenements sp\u00e9cifiques aux \u00e9preuves de la CMA et un appui pour l\u2019obtention de la carte professionnelle.\u00a0Pour ceux qui souhaitent se lancer dans la livraison ou le transport local, la formation au transport l\u00e9ger de marchandises concerne les v\u00e9hicules de moins de 3,5 tonnes. Valid\u00e9e par la DREAL, la formation au transport de personnes (hors taxis et VTC) s\u2019adresse aux futurs conducteurs de navettes, circuits touristiques ou transports scolaires.<\/p>\n","protected":false},"excerpt":{"rendered":"Baptis\u00e9 Horizon Transports Formations,\u00a0cet \u00e9tablissement s\u2019adresse \u00e0 tous ceux qui souhaitent se former aux m\u00e9tiers du transport de&hellip;\n","protected":false},"author":2,"featured_media":300358,"comment_status":"","ping_status":"","sticky":false,"template":"","format":"standard","meta":{"footnotes":""},"categories":[9587],"tags":[1111,11,1777,674,1011,27,12,5161,25,9590],"class_list":{"0":"post-300357","1":"post","2":"type-post","3":"status-publish","4":"format-standard","5":"has-post-thumbnail","7":"category-rouen","8":"tag-actu","9":"tag-actualites","10":"tag-eu","11":"tag-europe","12":"tag-fr","13":"tag-france","14":"tag-news","15":"tag-normandie","16":"tag-republique-francaise","17":"tag-rouen"},"share_on_mastodon":{"url":"https:\/\/pubeurope.com\/@fr\/114981820420667965","error":""},"_links":{"self":[{"href":"https:\/\/www.europesays.com\/fr\/wp-json\/wp\/v2\/posts\/300357","targetHints":{"allow":["GET"]}}],"collection":[{"href":"https:\/\/www.europesays.com\/fr\/wp-json\/wp\/v2\/posts"}],"about":[{"href":"https:\/\/www.europesays.com\/fr\/wp-json\/wp\/v2\/types\/post"}],"author":[{"embeddable":true,"href":"https:\/\/www.europesays.com\/fr\/wp-json\/wp\/v2\/users\/2"}],"replies":[{"embeddable":true,"href":"https:\/\/www.europesays.com\/fr\/wp-json\/wp\/v2\/comments?post=300357"}],"version-history":[{"count":0,"href":"https:\/\/www.europesays.com\/fr\/wp-json\/wp\/v2\/posts\/300357\/revisions"}],"wp:featuredmedia":[{"embeddable":true,"href":"https:\/\/www.europesays.com\/fr\/wp-json\/wp\/v2\/media\/300358"}],"wp:attachment":[{"href":"https:\/\/www.europesays.com\/fr\/wp-json\/wp\/v2\/media?parent=300357"}],"wp:term":[{"taxonomy":"category","embeddable":true,"href":"https:\/\/www.europesays.com\/fr\/wp-json\/wp\/v2\/categories?post=300357"},{"taxonomy":"post_tag","embeddable":true,"href":"https:\/\/www.europesays.com\/fr\/wp-json\/wp\/v2\/tags?post=300357"}],"curies":[{"name":"wp","href":"https:\/\/api.w.org\/{rel}","templated":true}]}}