{"id":300359,"date":"2025-08-06T12:27:44","date_gmt":"2025-08-06T12:27:44","guid":{"rendered":"https:\/\/www.europesays.com\/fr\/300359\/"},"modified":"2025-08-06T12:27:44","modified_gmt":"2025-08-06T12:27:44","slug":"zigzag-festival-darchitecture-et-des-arts-de-lespace-rouen-dates-horaires-parcours","status":"publish","type":"post","link":"https:\/\/www.europesays.com\/fr\/300359\/","title":{"rendered":"Zigzag \u2013 Festival d\u2019architecture et des arts de l\u2019espace Rouen : dates, horaires, parcours"},"content":{"rendered":"<p class=\"fw-bold font-size-16 my-1\"> Du 27\/09\/2025 au 12\/10\/2025<\/p>\n<p class=\"fw-bold font-size-16 my-1\"> Maison de l&rsquo;architecture de Normandie &#8211; le Forum,<br \/>\n48 Rue Victor Hugo | <a href=\"https:\/\/www.jds.fr\/rouen\/\" rel=\"nofollow noopener\" target=\"_blank\">Rouen<\/a><\/p>\n<p class=\"fw-bold font-size-16 my-1\"> NC <\/p>\n<p><strong>Se d\u00e9caler pour mieux regarder<\/strong><\/p>\n<p>De l\u2019estuaire de la Seine jusqu\u2019\u00e0 Vitry, la Seine dessine un territoire singulier, alternant espaces naturels et urbains, friches industrielles et zones portuaires. Ces endroits correspondent \u00e0 des lieux de vie, de vacances ou bien encore de travail. H\u00e9rit\u00e9s d\u2019une histoire pass\u00e9e propre \u00e0 cette vall\u00e9e de la Seine industrielle, ils se transforment pour faire face aux d\u00e9fis du XXIe si\u00e8cle, de la transition climatique \u00e0 nos modes de vie.<\/p>\n<p>ZIGZAG invite \u00e0 prendre la mesure de ces d\u00e9fis en se rendant dans les sites concern\u00e9s. Visites, parcours, expositions in situ, installations proposent des regards d\u2019experts, d\u2019artistes, d\u2019\u00e9lus pour \u00e9prouver le paysage, ressentir les lieux, d\u00e9couvrir des architectures.<\/p>\n<p><strong>DEAMBULATIONS \/ INSTALLATIONS \/ PARCOURS \/ RANDONNEES \/ TABLEES \/ TRAIL \/ VISITES<\/strong><\/p>\n<p>Le festival Zigzag offre une programmation gratuite* Les \u00e9v\u00e9nements sont sur inscription et ouverts \u00e0 tous <br \/>*sauf mentions contraires. Inscription obligatoire en ligne\u00a0: festivalzigzag.fr<\/p>\n<p><strong>Villes concern\u00e9es sur le territoire de la M\u00e9tropole\u00a0:<\/strong><\/p>\n<ul>\n<li>Bois-Guillaume<\/li>\n<li>Bonsecours<\/li>\n<li>Canteleu<\/li>\n<li>Duclair<\/li>\n<li>Elbeuf<\/li>\n<li>Grand Quevilly<\/li>\n<li>Maromme<\/li>\n<li>Rouen<\/li>\n<li>St-Etienne-du-Rouvray<\/li>\n<\/ul>\n<p class=\"text-italic font-size-12\">Cet \u00e9v\u00e9nement a \u00e9t\u00e9 renseign\u00e9 par un organisme institutionnel (Office de tourisme Rouen tourisme). Date de derni\u00e8re mise \u00e0 jour le 04\/08\/2025.<\/p>\n<p>            Renseignements<\/p>\n<p><strong class=\"font-size-18\">O\u00f9\u00a0:<\/strong><br \/> Maison de l&rsquo;architecture de Normandie &#8211; le Forum,<br \/>\n48 Rue Victor Hugo<a class=\"mt-1 d-block ps-4\" href=\"https:\/\/www.jds.fr\/rouen\/\" rel=\"nofollow noopener\" target=\"_blank\"> 76000 Rouen<\/a><\/p>\n<p>Dates et horaires\u00a0: <\/p>\n<ul class=\"liste-dates list-unstyled\" id=\"liste-dates-689281a979f3b\">\n<li>du Samedi 27 Septembre 2025 au Dimanche 12 Octobre 2025<\/li>\n<\/ul>\n<p>Tarifs\u00a0:  <\/p>\n<p>Dans la m\u00eame rubrique<\/p>\n<ul class=\"mt-3 list-unstyled list-articles-v2\">\n<li class=\"col-12 pt-4\" data-view-id-type=\"1\" data-view-id=\"876449\" data-view-bc=\"0\"><a class=\"d-block titre text-black mb-1 mb-md-2\" href=\"https:\/\/www.jds.fr\/rouen\/sports\/balades\/rando-azimut-and-caux-876449_A\" rel=\"nofollow noopener\" target=\"_blank\">Rando Azimut and Caux<\/a>Le 06\/08\/2025 Val-de-ScieAu cours de cette balade, tracez et suivez votre itin\u00e9raire selon les azimuts donn\u00e9s sur le livret. Cette promenade vous emm\u00e8nera pendant 2 heures 30 sur un parcours de 8 [\u2026]<a class=\"image\" href=\"https:\/\/www.jds.fr\/rouen\/sports\/balades\/rando-azimut-and-caux-876449_A\" rel=\"nofollow noopener\" target=\"_blank\"><img decoding=\"async\" loading=\"lazy\" src=\"https:\/\/www.europesays.com\/fr\/wp-content\/uploads\/2025\/07\/marches-populaires-16559-180-180.webp.webp\" width=\"180\" height=\"180\" alt=\"Rando Azimut and Caux\" class=\"border\"\/><\/a><\/li>\n<li class=\"col-12 pt-4\" data-view-id-type=\"1\" data-view-id=\"915496\" data-view-bc=\"0\"><a class=\"d-block titre text-black mb-1 mb-md-2\" href=\"https:\/\/www.jds.fr\/rouen\/sports\/balades\/la-foret-monumentale-2-915496_A\" rel=\"nofollow noopener\" target=\"_blank\">La For\u00eat Monumentale #2<\/a>Jusqu&rsquo;au 30\/09\/2026 CanteleuLa seconde \u00e9dition de cette biennale d\u2019art aura lieu dans la for\u00eat domaniale de Roumare, \u00e0 Canteleu, \u00e0 proximit\u00e9 de Rouen. Ce parcours unique de plusieurs kilom\u00e8tres vous [\u2026]<a class=\"image\" href=\"https:\/\/www.jds.fr\/rouen\/sports\/balades\/la-foret-monumentale-2-915496_A\" rel=\"nofollow noopener\" target=\"_blank\"><img decoding=\"async\" loading=\"lazy\" src=\"https:\/\/www.europesays.com\/fr\/wp-content\/uploads\/2025\/07\/marches-populaires-16559-180-180.webp.webp\" width=\"180\" height=\"180\" alt=\"La For\u00eat Monumentale #2\" class=\"border\"\/><\/a><\/li>\n<li class=\"li_gp_div\">\n<\/li>\n<li class=\"col-12 pt-4\" data-view-id-type=\"1\" data-view-id=\"547869\" data-view-bc=\"0\"><a class=\"d-block titre text-black mb-1 mb-md-2\" href=\"https:\/\/www.jds.fr\/rouen\/sports\/balades\/rallye-photos-la-foret-monumentale-2-547869_A\" rel=\"nofollow noopener\" target=\"_blank\">Rallye photos &#8211; La For\u00eat Monumentale #2<\/a>Jusqu&rsquo;au 11\/07\/2026 CanteleuD\u00e9couvrez la for\u00eat monumentale lors d\u2019un jeu photo. Arriverez-vous \u00e0 retrouver les lieux, puis \u00e0 reprendre les m\u00eames photos que nous\u00a0?.<br \/>\nAnim\u00e9 par la M\u00e9tropole.<br \/>\nTout [\u2026]<a class=\"image\" href=\"https:\/\/www.jds.fr\/rouen\/sports\/balades\/rallye-photos-la-foret-monumentale-2-547869_A\" rel=\"nofollow noopener\" target=\"_blank\"><img decoding=\"async\" loading=\"lazy\" src=\"https:\/\/www.europesays.com\/fr\/wp-content\/uploads\/2025\/07\/marches-populaires-16559-180-180.webp.webp\" width=\"180\" height=\"180\" alt=\"Rallye photos - La For\u00eat Monumentale #2\" class=\"border\"\/><\/a><\/li>\n<li class=\"col-12 pt-4\" data-view-id-type=\"1\" data-view-id=\"937284\" data-view-bc=\"0\"><a class=\"image\" href=\"https:\/\/www.jds.fr\/rouen\/sports\/balades\/experience-cheval-debutants-ecurie-de-la-foret-de-lyons-937284_A\" rel=\"nofollow noopener\" target=\"_blank\"><img decoding=\"async\" loading=\"lazy\" src=\"https:\/\/www.europesays.com\/fr\/wp-content\/uploads\/2025\/07\/marches-populaires-16559-180-180.webp.webp\" width=\"180\" height=\"180\" alt=\"Exp\u00e9rience Cheval D\u00e9butants - \u00c9curie de la For\u00eat de Lyons\" class=\"border\"\/><\/a><\/li>\n<li class=\"col-12 pt-4\" data-view-id-type=\"1\" data-view-id=\"876417\" data-view-bc=\"0\"><a class=\"d-block titre text-black mb-1 mb-md-2\" href=\"https:\/\/www.jds.fr\/rouen\/sports\/balades\/randonnee-libre-a-la-rencontre-de-flaubert-876417_A\" rel=\"nofollow noopener\" target=\"_blank\">Randonn\u00e9e libre \u00ab\u00a0A la rencontre de Flaubert\u00a0\u00bb<\/a>Le 08\/08\/2025 Vassonville<br \/>\nPlongez-vous dans le roman Madame Bovary et sur les traces de Gustave Flaubert, qui planta entre T\u00f4tes et Auffay le d\u00e9cor de la premi\u00e8re partie de son c\u00e9l\u00e8bre [\u2026]<a class=\"image\" href=\"https:\/\/www.jds.fr\/rouen\/sports\/balades\/randonnee-libre-a-la-rencontre-de-flaubert-876417_A\" rel=\"nofollow noopener\" target=\"_blank\"><img decoding=\"async\" loading=\"lazy\" src=\"https:\/\/www.europesays.com\/fr\/wp-content\/uploads\/2025\/07\/marches-populaires-16559-180-180.webp.webp\" width=\"180\" height=\"180\" alt=\"Randonn\u00e9e libre A la rencontre de Flaubert\" class=\"border\"\/><\/a><\/li>\n<li class=\"li_gp_div li_gp_div_infeed\"\/>\n<li class=\"col-12 pt-4\" data-view-id-type=\"1\" data-view-id=\"887409\" data-view-bc=\"0\"><a class=\"d-block titre text-black mb-1 mb-md-2\" href=\"https:\/\/www.jds.fr\/rouen\/sports\/balades\/randonnee-commentee-a-argueil-887409_A\" rel=\"nofollow noopener\" target=\"_blank\">Randonn\u00e9e comment\u00e9e \u00e0 Argueil<\/a>Le 08\/08\/2025 Argueil<br \/>\nRandonn\u00e9e \u00e0 Argueil, d\u00e9couverte de son \u00e9glise et de l\u2019histoire du village.<br \/>\nTarif unique de 3 euros<br \/>\nInscription obligatoire au 02 35 90 52 10 avant la veille 17h<br \/>\n6 km<br \/>\n<a class=\"image\" href=\"https:\/\/www.jds.fr\/rouen\/sports\/balades\/randonnee-commentee-a-argueil-887409_A\" rel=\"nofollow noopener\" target=\"_blank\"><img decoding=\"async\" loading=\"lazy\" src=\"https:\/\/www.europesays.com\/fr\/wp-content\/uploads\/2025\/07\/marches-populaires-16559-180-180.webp.webp\" width=\"180\" height=\"180\" alt=\"Randonn\u00e9e comment\u00e9e \u00e0 Argueil\" class=\"border\"\/><\/a><\/li>\n<li class=\"col-12 pt-4\" data-view-id-type=\"1\" data-view-id=\"1117747\" data-view-bc=\"0\"><a class=\"image\" href=\"https:\/\/www.jds.fr\/rouen\/sports\/balades\/mini-croisieres-gratuites-en-bateau-solaire-sur-la-seine-1117747_A\" rel=\"nofollow noopener\" target=\"_blank\"><img decoding=\"async\" loading=\"lazy\" src=\"https:\/\/www.europesays.com\/fr\/wp-content\/uploads\/2025\/07\/marches-populaires-16559-180-180.webp.webp\" width=\"180\" height=\"180\" alt=\"Mini croisi\u00e8res gratuites en bateau solaire sur la Seine\" class=\"border\"\/><\/a><\/li>\n<li class=\"col-12 pt-4\" data-view-id-type=\"1\" data-view-id=\"910774\" data-view-bc=\"0\"><a class=\"d-block titre text-black mb-1 mb-md-2\" href=\"https:\/\/www.jds.fr\/rouen\/sports\/balades\/les-secrets-ouville-l-abbaye-910774_A\" rel=\"nofollow noopener\" target=\"_blank\">Les Secrets\u00a0: Ouville l&rsquo;Abbaye<\/a>Le 09\/08\/2025 Ouville-l&rsquo;Abbaye<br \/>\nPartez \u00e0 la d\u00e9couverte d\u2019un patrimoine exceptionnel et insoup\u00e7onn\u00e9 avec ses ch\u00e2teaux et manoirs remarquables. Et oui, autrefois le village d\u2019Ouville-l\u2019Abbaye, mais o\u00f9 [\u2026]<a class=\"image\" href=\"https:\/\/www.jds.fr\/rouen\/sports\/balades\/les-secrets-ouville-l-abbaye-910774_A\" rel=\"nofollow noopener\" target=\"_blank\"><img decoding=\"async\" loading=\"lazy\" src=\"https:\/\/www.europesays.com\/fr\/wp-content\/uploads\/2025\/07\/marches-populaires-16559-180-180.webp.webp\" width=\"180\" height=\"180\" alt=\"Les Secrets : Ouville l'Abbaye\" class=\"border\"\/><\/a><\/li>\n<li class=\"col-12 pt-4\" data-view-id-type=\"1\" data-view-id=\"915498\" data-view-bc=\"0\"><a class=\"d-block titre text-black mb-1 mb-md-2\" href=\"https:\/\/www.jds.fr\/rouen\/sports\/balades\/rando-azimut-and-caux-915498_A\" rel=\"nofollow noopener\" target=\"_blank\">Rando Azimut and Caux<\/a>Le 09\/08\/2025 Val-de-ScieAu cours de cette balade, tracez et suivez votre itin\u00e9raire selon les azimuts donn\u00e9s sur le livret. Cette promenade vous emm\u00e8nera pendant 2 heures 30 sur un parcours de 8 [\u2026]<a class=\"image\" href=\"https:\/\/www.jds.fr\/rouen\/sports\/balades\/rando-azimut-and-caux-915498_A\" rel=\"nofollow noopener\" target=\"_blank\"><img decoding=\"async\" loading=\"lazy\" src=\"https:\/\/www.europesays.com\/fr\/wp-content\/uploads\/2025\/07\/marches-populaires-16559-180-180.webp.webp\" width=\"180\" height=\"180\" alt=\"Rando Azimut and Caux\" class=\"border\"\/><\/a><\/li>\n<li class=\"li_gp_div li_gp_div_infeed\"\/>\n<li class=\"col-12 pt-4\" data-view-id-type=\"1\" data-view-id=\"1112946\" data-view-bc=\"0\"><a class=\"image\" href=\"https:\/\/www.jds.fr\/rouen\/sports\/balades\/evenements-des-tout-petits-balade-en-tous-sens-1112946_A\" rel=\"nofollow noopener\" target=\"_blank\"><img decoding=\"async\" loading=\"lazy\" src=\"https:\/\/www.europesays.com\/fr\/wp-content\/uploads\/2025\/07\/marches-populaires-16559-180-180.webp.webp\" width=\"180\" height=\"180\" alt=\"\u00c9v\u00e9nements des tout-petits : Balade en tous sens\" class=\"border\"\/><\/a><\/li>\n<li class=\"col-12 pt-4\" data-view-id-type=\"1\" data-view-id=\"915389\" data-view-bc=\"0\"><a class=\"d-block titre text-black mb-1 mb-md-2\" href=\"https:\/\/www.jds.fr\/rouen\/sports\/balades\/rando-azimut-and-caux-915389_A\" rel=\"nofollow noopener\" target=\"_blank\">Rando Azimut and Caux<\/a>Le 13\/08\/2025 Val-de-ScieAu cours de cette balade, tracez et suivez votre itin\u00e9raire selon les azimuts donn\u00e9s sur le livret. Cette promenade vous emm\u00e8nera pendant 2 heures 30 sur un parcours de 8 [\u2026]<a class=\"image\" href=\"https:\/\/www.jds.fr\/rouen\/sports\/balades\/rando-azimut-and-caux-915389_A\" rel=\"nofollow noopener\" target=\"_blank\"><img decoding=\"async\" loading=\"lazy\" src=\"https:\/\/www.europesays.com\/fr\/wp-content\/uploads\/2025\/07\/marches-populaires-16559-180-180.webp.webp\" width=\"180\" height=\"180\" alt=\"Rando Azimut and Caux\" class=\"border\"\/><\/a><\/li>\n<li class=\"col-12 pt-4\" data-view-id-type=\"1\" data-view-id=\"1112977\" data-view-bc=\"0\"><a class=\"image\" href=\"https:\/\/www.jds.fr\/rouen\/sports\/balades\/heure-du-conte-animaux-et-nature-au-jardin-1112977_A\" rel=\"nofollow noopener\" target=\"_blank\"><img decoding=\"async\" loading=\"lazy\" src=\"https:\/\/www.europesays.com\/fr\/wp-content\/uploads\/2025\/07\/marches-populaires-16559-180-180.webp.webp\" width=\"180\" height=\"180\" alt=\"Heure du conte : Animaux et nature au jardin \" class=\"border\"\/><\/a><\/li>\n<li class=\"col-12 pt-4\" data-view-id-type=\"1\" data-view-id=\"992778\" data-view-bc=\"0\"><a class=\"image\" href=\"https:\/\/www.jds.fr\/rouen\/sports\/balades\/randonnee-decouverte-des-jardins-du-domaine-de-bracquetuit-992778_A\" rel=\"nofollow noopener\" target=\"_blank\"><img decoding=\"async\" loading=\"lazy\" src=\"https:\/\/www.europesays.com\/fr\/wp-content\/uploads\/2025\/07\/marches-populaires-16559-180-180.webp.webp\" width=\"180\" height=\"180\" alt=\"Randonn\u00e9e d\u00e9couverte des Jardins du Domaine de Bracquetuit\" class=\"border\"\/><\/a><\/li>\n<li class=\"li_gp_div li_gp_div_infeed\"\/>\n<li class=\"col-12 pt-4\" data-view-id-type=\"1\" data-view-id=\"1006368\" data-view-bc=\"0\"><a class=\"image\" href=\"https:\/\/www.jds.fr\/rouen\/sports\/balades\/balade-sous-les-etoiles-les-animaux-la-nuit-legendes-et-mythologie-1006368_A\" rel=\"nofollow noopener\" target=\"_blank\"><img decoding=\"async\" loading=\"lazy\" src=\"https:\/\/www.europesays.com\/fr\/wp-content\/uploads\/2025\/07\/marches-populaires-16559-180-180.webp.webp\" width=\"180\" height=\"180\" alt=\"Balade sous les \u00e9toiles : les animaux la nuit, l\u00e9gendes et mythologie\" class=\"border\"\/><\/a><\/li>\n<li class=\"col-12 pt-4\" data-view-id-type=\"1\" data-view-id=\"876398\" data-view-bc=\"0\"><a class=\"d-block titre text-black mb-1 mb-md-2\" href=\"https:\/\/www.jds.fr\/rouen\/sports\/balades\/randonnee-libre-a-la-rencontre-de-flaubert-876398_A\" rel=\"nofollow noopener\" target=\"_blank\">Randonn\u00e9e libre \u00ab\u00a0A la rencontre de Flaubert\u00a0\u00bb<\/a>Le 15\/08\/2025 Vassonville<br \/>\nPlongez-vous dans le roman Madame Bovary sur les traces de Gustave Flaubert, qui planta entre T\u00f4tes et Auffay le d\u00e9cor de la premi\u00e8re partie de son c\u00e9l\u00e8bre roman.<br \/>\nRandonnez [\u2026]<a class=\"image\" href=\"https:\/\/www.jds.fr\/rouen\/sports\/balades\/randonnee-libre-a-la-rencontre-de-flaubert-876398_A\" rel=\"nofollow noopener\" target=\"_blank\"><img decoding=\"async\" loading=\"lazy\" src=\"https:\/\/www.europesays.com\/fr\/wp-content\/uploads\/2025\/07\/marches-populaires-16559-180-180.webp.webp\" width=\"180\" height=\"180\" alt=\"Randonn\u00e9e libre A la rencontre de Flaubert\" class=\"border\"\/><\/a><\/li>\n<li class=\"col-12 pt-4\" data-view-id-type=\"1\" data-view-id=\"876376\" data-view-bc=\"0\"><a class=\"d-block titre text-black mb-1 mb-md-2\" href=\"https:\/\/www.jds.fr\/rouen\/sports\/balades\/rando-azimut-and-caux-876376_A\" rel=\"nofollow noopener\" target=\"_blank\">Rando Azimut and Caux<\/a>Le 16\/08\/2025 Val-de-ScieAu cours de cette balade, tracez et suivez votre itin\u00e9raire selon les azimuts donn\u00e9s sur le livret. Cette promenade vous emm\u00e8nera pendant 2 heures 30 sur un parcours de 8 [\u2026]<a class=\"image\" href=\"https:\/\/www.jds.fr\/rouen\/sports\/balades\/rando-azimut-and-caux-876376_A\" rel=\"nofollow noopener\" target=\"_blank\"><img decoding=\"async\" loading=\"lazy\" src=\"https:\/\/www.europesays.com\/fr\/wp-content\/uploads\/2025\/07\/marches-populaires-16559-180-180.webp.webp\" width=\"180\" height=\"180\" alt=\"Rando Azimut and Caux\" class=\"border\"\/><\/a><\/li>\n<li class=\"col-12 pt-4\" data-view-id-type=\"1\" data-view-id=\"915334\" data-view-bc=\"0\"><a class=\"d-block titre text-black mb-1 mb-md-2\" href=\"https:\/\/www.jds.fr\/rouen\/sports\/balades\/randonnee-commentee-a-mauquenchy-915334_A\" rel=\"nofollow noopener\" target=\"_blank\">Randonn\u00e9e comment\u00e9e \u00e0 Mauquenchy<\/a>Le 20\/08\/2025 Mauquenchy<br \/>\nAutour de l\u2019Hippodrome, boucle de 9 km.<\/p>\n<p>    \u00c9quipement indispensable<br \/>\n    Public averti<br \/>\n    R\u00e9servations obligatoires au plus tard la veille avant 17h au 02 35 90 52 10.<br \/>\n    [\u2026]<a class=\"image\" href=\"https:\/\/www.jds.fr\/rouen\/sports\/balades\/randonnee-commentee-a-mauquenchy-915334_A\" rel=\"nofollow noopener\" target=\"_blank\"><img decoding=\"async\" loading=\"lazy\" src=\"https:\/\/www.europesays.com\/fr\/wp-content\/uploads\/2025\/07\/marches-populaires-16559-180-180.webp.webp\" width=\"180\" height=\"180\" alt=\"Randonn\u00e9e comment\u00e9e \u00e0 Mauquenchy\" class=\"border\"\/><\/a><\/li>\n<li class=\"li_gp_div li_gp_div_infeed\"\/>\n<li class=\"col-12 pt-4\" data-view-id-type=\"1\" data-view-id=\"761865\" data-view-bc=\"0\"><a class=\"d-block titre text-black mb-1 mb-md-2\" href=\"https:\/\/www.jds.fr\/rouen\/sports\/balades\/decouverte-des-vignes-rouennaises-761865_A\" rel=\"nofollow noopener\" target=\"_blank\">D\u00e9couverte des vignes rouennaises<\/a>Du 27\/08\/2025 au 17\/09\/2025 Rouen<br \/>\nUne association s\u2019est lanc\u00e9e le pari fou de faire pousser des vignes sur les hauteurs de Rouen. C\u2019est \u00e0 travers une balade guid\u00e9e jusqu\u2019aux plantations avec une vue [\u2026]<a class=\"image\" href=\"https:\/\/www.jds.fr\/rouen\/sports\/balades\/decouverte-des-vignes-rouennaises-761865_A\" rel=\"nofollow noopener\" target=\"_blank\"><img decoding=\"async\" loading=\"lazy\" src=\"https:\/\/www.europesays.com\/fr\/wp-content\/uploads\/2025\/07\/marches-populaires-16559-180-180.webp.webp\" width=\"180\" height=\"180\" alt=\"D\u00e9couverte des vignes rouennaises\" class=\"border\"\/><\/a><\/li>\n<\/ul>\n<p class=\"font-size-30 fw-bold lh-1 mt-0 mb-4\">Je trouve les meilleures sorties dans ma ville<\/p>\n<p class=\"mt-0 mb-3 h2\">Newsletter JDS Rouen<\/p>\n<p class=\"font-size-18 fw-normal lh-sm\">Pr\u00eat pour un week-end de folie\u00a0? Chaque jeudi tous les bons plans sorties<\/p>\n","protected":false},"excerpt":{"rendered":"Du 27\/09\/2025 au 12\/10\/2025 Maison de l&rsquo;architecture de Normandie &#8211; le Forum, 48 Rue Victor Hugo | Rouen&hellip;\n","protected":false},"author":2,"featured_media":40537,"comment_status":"","ping_status":"","sticky":false,"template":"","format":"standard","meta":{"footnotes":""},"categories":[9587],"tags":[1111,11,1777,674,1011,27,12,5161,25,9590],"class_list":{"0":"post-300359","1":"post","2":"type-post","3":"status-publish","4":"format-standard","5":"has-post-thumbnail","7":"category-rouen","8":"tag-actu","9":"tag-actualites","10":"tag-eu","11":"tag-europe","12":"tag-fr","13":"tag-france","14":"tag-news","15":"tag-normandie","16":"tag-republique-francaise","17":"tag-rouen"},"share_on_mastodon":{"url":"https:\/\/pubeurope.com\/@fr\/114981820907578778","error":""},"_links":{"self":[{"href":"https:\/\/www.europesays.com\/fr\/wp-json\/wp\/v2\/posts\/300359","targetHints":{"allow":["GET"]}}],"collection":[{"href":"https:\/\/www.europesays.com\/fr\/wp-json\/wp\/v2\/posts"}],"about":[{"href":"https:\/\/www.europesays.com\/fr\/wp-json\/wp\/v2\/types\/post"}],"author":[{"embeddable":true,"href":"https:\/\/www.europesays.com\/fr\/wp-json\/wp\/v2\/users\/2"}],"replies":[{"embeddable":true,"href":"https:\/\/www.europesays.com\/fr\/wp-json\/wp\/v2\/comments?post=300359"}],"version-history":[{"count":0,"href":"https:\/\/www.europesays.com\/fr\/wp-json\/wp\/v2\/posts\/300359\/revisions"}],"wp:featuredmedia":[{"embeddable":true,"href":"https:\/\/www.europesays.com\/fr\/wp-json\/wp\/v2\/media\/40537"}],"wp:attachment":[{"href":"https:\/\/www.europesays.com\/fr\/wp-json\/wp\/v2\/media?parent=300359"}],"wp:term":[{"taxonomy":"category","embeddable":true,"href":"https:\/\/www.europesays.com\/fr\/wp-json\/wp\/v2\/categories?post=300359"},{"taxonomy":"post_tag","embeddable":true,"href":"https:\/\/www.europesays.com\/fr\/wp-json\/wp\/v2\/tags?post=300359"}],"curies":[{"name":"wp","href":"https:\/\/api.w.org\/{rel}","templated":true}]}}