{"id":300360,"date":"2025-08-06T12:28:12","date_gmt":"2025-08-06T12:28:12","guid":{"rendered":"https:\/\/www.europesays.com\/fr\/300360\/"},"modified":"2025-08-06T12:28:12","modified_gmt":"2025-08-06T12:28:12","slug":"grenoble-un-impact-constate-par-la-police-dans-une-fenetre-dun-appartement-a-larlequin","status":"publish","type":"post","link":"https:\/\/www.europesays.com\/fr\/300360\/","title":{"rendered":"Grenoble. Un impact constat\u00e9 par la police dans une fen\u00eatre d\u2019un appartement \u00e0 l\u2019Arlequin"},"content":{"rendered":"<p>C\u2019est l\u2019un des occupants d\u2019un appartement situ\u00e9 au 2e \u00e9tage\u00a0du 100 galerie de l\u2019Arlequin dans le quartier de La Villeneuve \u00e0 Grenoble qui a alert\u00e9 les sapeurs-pompiers apr\u00e8s avoir entendu un bruit sec provenant d\u2019une de ses fen\u00eatres, dans la soir\u00e9e du mardi 5\u00a0ao\u00fbt.<\/p>\n<p>Ce contenu est bloqu\u00e9 car vous n&rsquo;avez pas accept\u00e9 les cookies et autres traceurs.<\/p>\n<p>En cliquant sur \u00ab J\u2019accepte \u00bb, les cookies et autres traceurs seront d\u00e9pos\u00e9s et vous pourrez visualiser les contenus  (<a href=\"\" class=\"consentModule_policy\" target=\"_blank\" title=\"Consulter la politique de protection des donn\u00e9es du fournisseur\">plus d&rsquo;informations<\/a>).<\/p>\n<p>En cliquant sur \u00ab J\u2019accepte tous les cookies \u00bb, vous autorisez des d\u00e9p\u00f4ts de cookies et autres traceurs pour le stockage de vos donn\u00e9es sur nos sites et applications \u00e0 des fins de personnalisation et de ciblage publicitaire.<\/p>\n<p class=\"consentModule_secondaryText\">Vous gardez la possibilit\u00e9 de retirer votre consentement \u00e0 tout moment en consultant notre <a href=\"https:\/\/www.ledauphine.com\/protection-des-donnees\" target=\"_blank\" title=\"Consulter notre politique de protection des donn\u00e9es\" rel=\"noopener\">politique de protection des donn\u00e9es<\/a>. <br \/>&#13;<br \/>\n            <a href=\"https:\/\/www.ledauphine.com\/faits-divers-justice\/2025\/08\/06\/javascript:Didomi.notice.show()\" class=\"consentModule_cmp\" target=\"_blank\" rel=\"noopener\">G\u00e9rer mes choix<\/a>&#13;\n        <\/p>\n<p>&#13;<br \/>\n                        J&rsquo;accepte&#13;<br \/>\n            J&rsquo;accepte tous les cookies&#13;\n        <\/p>\n<p>En l\u2019absence de bless\u00e9, les secouristes ont sollicit\u00e9 l\u2019intervention des policiers, lesquels ont effectivement constat\u00e9, vers 21 heures, la pr\u00e9sence d\u2019un impact dans la vitre de la cuisine, sans pour autant trouver de balle \u2013 ni m\u00eame de plomb \u2013 dans l\u2019appartement, ni d\u2019ogive \u00e0 l\u2019ext\u00e9rieur.<\/p>\n<p>On ignore donc si le logement a \u00e9t\u00e9 pr\u00e9cis\u00e9ment vis\u00e9 par un tireur et la nature du projectile qui a travers\u00e9 la fen\u00eatre.<\/p>\n","protected":false},"excerpt":{"rendered":"C\u2019est l\u2019un des occupants d\u2019un appartement situ\u00e9 au 2e \u00e9tage\u00a0du 100 galerie de l\u2019Arlequin dans le quartier de&hellip;\n","protected":false},"author":2,"featured_media":300361,"comment_status":"","ping_status":"","sticky":false,"template":"","format":"standard","meta":{"footnotes":""},"categories":[9566],"tags":[1111,11,2430,271,272,112,1777,674,274,107,1011,27,2731,2732,108,12,25],"class_list":{"0":"post-300360","1":"post","2":"type-post","3":"status-publish","4":"format-standard","5":"has-post-thumbnail","7":"category-grenoble","8":"tag-actu","9":"tag-actualites","10":"tag-auvergne-rhone-alpes","11":"tag-crime","12":"tag-delit-et-contravention","13":"tag-edition-grenoble-agglomeration","14":"tag-eu","15":"tag-europe","16":"tag-faits-divers-justice","17":"tag-fil-info","18":"tag-fr","19":"tag-france","20":"tag-grenoble","21":"tag-grenoble-bassin","22":"tag-isere","23":"tag-news","24":"tag-republique-francaise"},"share_on_mastodon":{"url":"https:\/\/pubeurope.com\/@fr\/114981824472095148","error":""},"_links":{"self":[{"href":"https:\/\/www.europesays.com\/fr\/wp-json\/wp\/v2\/posts\/300360","targetHints":{"allow":["GET"]}}],"collection":[{"href":"https:\/\/www.europesays.com\/fr\/wp-json\/wp\/v2\/posts"}],"about":[{"href":"https:\/\/www.europesays.com\/fr\/wp-json\/wp\/v2\/types\/post"}],"author":[{"embeddable":true,"href":"https:\/\/www.europesays.com\/fr\/wp-json\/wp\/v2\/users\/2"}],"replies":[{"embeddable":true,"href":"https:\/\/www.europesays.com\/fr\/wp-json\/wp\/v2\/comments?post=300360"}],"version-history":[{"count":0,"href":"https:\/\/www.europesays.com\/fr\/wp-json\/wp\/v2\/posts\/300360\/revisions"}],"wp:featuredmedia":[{"embeddable":true,"href":"https:\/\/www.europesays.com\/fr\/wp-json\/wp\/v2\/media\/300361"}],"wp:attachment":[{"href":"https:\/\/www.europesays.com\/fr\/wp-json\/wp\/v2\/media?parent=300360"}],"wp:term":[{"taxonomy":"category","embeddable":true,"href":"https:\/\/www.europesays.com\/fr\/wp-json\/wp\/v2\/categories?post=300360"},{"taxonomy":"post_tag","embeddable":true,"href":"https:\/\/www.europesays.com\/fr\/wp-json\/wp\/v2\/tags?post=300360"}],"curies":[{"name":"wp","href":"https:\/\/api.w.org\/{rel}","templated":true}]}}