{"id":300364,"date":"2025-08-06T12:30:13","date_gmt":"2025-08-06T12:30:13","guid":{"rendered":"https:\/\/www.europesays.com\/fr\/300364\/"},"modified":"2025-08-06T12:30:13","modified_gmt":"2025-08-06T12:30:13","slug":"la-circulation-des-trains-interrompue-entre-rennes-et-saint-brieuc-pour-plusieurs-heures","status":"publish","type":"post","link":"https:\/\/www.europesays.com\/fr\/300364\/","title":{"rendered":"La circulation des trains interrompue entre Rennes et Saint-Brieuc pour plusieurs heures"},"content":{"rendered":"<p>Le 06 ao\u00fbt 2025 \u00e0 14h00, modifi\u00e9 le 06 ao\u00fbt 2025 \u00e0 14h24<\/p>\n<p class=\"tlg-h5\">Ce mercredi 6\u00a0ao\u00fbt, un incident technique perturbe actuellement la circulation des trains entre Saint-Brieuc (22) et Rennes (35) en raison d\u2019un mat\u00e9riel d\u00e9faillant. Une reprise de l\u2019activit\u00e9 est pr\u00e9vue pour 16\u00a0h.<\/p>\n<p><img fetchpriority=\"high\" decoding=\"async\" src=\"https:\/\/www.europesays.com\/fr\/wp-content\/uploads\/2025\/08\/6893497d8c6734200006103f.1.jpeg\" width=\"960\" height=\"600\" class=\"web_golden_xl\" loading=\"eager\" alt=\"Une reprise de la circulation est pr\u00e9vue pour 16\u00a0h pour les trains.\"\/>Une reprise de la circulation est pr\u00e9vue pour 16\u00a0h pour les trains. (Illustration Marie Sebire)<\/p>\n","protected":false},"excerpt":{"rendered":"Le 06 ao\u00fbt 2025 \u00e0 14h00, modifi\u00e9 le 06 ao\u00fbt 2025 \u00e0 14h24 Ce mercredi 6\u00a0ao\u00fbt, un incident&hellip;\n","protected":false},"author":2,"featured_media":300365,"comment_status":"","ping_status":"","sticky":false,"template":"","format":"standard","meta":{"footnotes":""},"categories":[2821],"tags":[1111,11,829,765,1777,674,1011,27,848,2170,12,584,25,4937],"class_list":{"0":"post-300364","1":"post","2":"type-post","3":"status-publish","4":"format-standard","5":"has-post-thumbnail","7":"category-rennes","8":"tag-actu","9":"tag-actualites","10":"tag-bretagne","11":"tag-en-continu","12":"tag-eu","13":"tag-europe","14":"tag-fr","15":"tag-france","16":"tag-ille-et-vilaine","17":"tag-lamballe-armor","18":"tag-news","19":"tag-rennes","20":"tag-republique-francaise","21":"tag-saint-brieuc"},"share_on_mastodon":{"url":"https:\/\/pubeurope.com\/@fr\/114981832148527168","error":""},"_links":{"self":[{"href":"https:\/\/www.europesays.com\/fr\/wp-json\/wp\/v2\/posts\/300364","targetHints":{"allow":["GET"]}}],"collection":[{"href":"https:\/\/www.europesays.com\/fr\/wp-json\/wp\/v2\/posts"}],"about":[{"href":"https:\/\/www.europesays.com\/fr\/wp-json\/wp\/v2\/types\/post"}],"author":[{"embeddable":true,"href":"https:\/\/www.europesays.com\/fr\/wp-json\/wp\/v2\/users\/2"}],"replies":[{"embeddable":true,"href":"https:\/\/www.europesays.com\/fr\/wp-json\/wp\/v2\/comments?post=300364"}],"version-history":[{"count":0,"href":"https:\/\/www.europesays.com\/fr\/wp-json\/wp\/v2\/posts\/300364\/revisions"}],"wp:featuredmedia":[{"embeddable":true,"href":"https:\/\/www.europesays.com\/fr\/wp-json\/wp\/v2\/media\/300365"}],"wp:attachment":[{"href":"https:\/\/www.europesays.com\/fr\/wp-json\/wp\/v2\/media?parent=300364"}],"wp:term":[{"taxonomy":"category","embeddable":true,"href":"https:\/\/www.europesays.com\/fr\/wp-json\/wp\/v2\/categories?post=300364"},{"taxonomy":"post_tag","embeddable":true,"href":"https:\/\/www.europesays.com\/fr\/wp-json\/wp\/v2\/tags?post=300364"}],"curies":[{"name":"wp","href":"https:\/\/api.w.org\/{rel}","templated":true}]}}