{"id":300369,"date":"2025-08-06T12:34:35","date_gmt":"2025-08-06T12:34:35","guid":{"rendered":"https:\/\/www.europesays.com\/fr\/300369\/"},"modified":"2025-08-06T12:34:35","modified_gmt":"2025-08-06T12:34:35","slug":"football-cinq-cents-spectateurs-pour-le-derby-feminin-racing-metz","status":"publish","type":"post","link":"https:\/\/www.europesays.com\/fr\/300369\/","title":{"rendered":"Football. Cinq cents spectateurs pour le derby f\u00e9minin Racing-Metz"},"content":{"rendered":"<p>Le match phare du week-end \u00e9coul\u00e9 s\u2019est d\u00e9roul\u00e9 dimanche 3\u00a0ao\u00fbt \u00e0 Weitbruch o\u00f9 les f\u00e9minines du RC Strasbourg (Premi\u00e8re Ligue) se sont inclin\u00e9es face au FC Metz (Seconde Ligue) devant quelque 500 spectateurs (0-1). \u00c9galement en lice \u00e0 Weitbruch, le FCE Schirrhein (R1) a largement d\u00e9fait l\u2019AS H\u0153rdt (R2), bien f\u00e9brile en d\u00e9fense (4-0). C\u00f4t\u00e9 FR Haguenau (N2), le bilan est plut\u00f4t mitig\u00e9, les gars de C\u00e9dric Deubel ayant \u00e9t\u00e9 accroch\u00e9s par le FC Sarreguemines (R1) \u00e0 Adamswiller (2-2) avant de conc\u00e9der un premier revers face au RC Strasbourg 2 (N3) \u00e0 Seltz (0-2).<\/p>\n","protected":false},"excerpt":{"rendered":"Le match phare du week-end \u00e9coul\u00e9 s\u2019est d\u00e9roul\u00e9 dimanche 3\u00a0ao\u00fbt \u00e0 Weitbruch o\u00f9 les f\u00e9minines du RC Strasbourg&hellip;\n","protected":false},"author":2,"featured_media":300370,"comment_status":"","ping_status":"","sticky":false,"template":"","format":"standard","meta":{"footnotes":""},"categories":[2820],"tags":[1111,11,4877,1777,674,63,1011,27,775,12,25,517,640],"class_list":{"0":"post-300369","1":"post","2":"type-post","3":"status-publish","4":"format-standard","5":"has-post-thumbnail","7":"category-strasbourg","8":"tag-actu","9":"tag-actualites","10":"tag-edition-haguenau-wissembourg","11":"tag-eu","12":"tag-europe","13":"tag-football","14":"tag-fr","15":"tag-france","16":"tag-grand-est","17":"tag-news","18":"tag-republique-francaise","19":"tag-sport","20":"tag-strasbourg"},"share_on_mastodon":{"url":"https:\/\/pubeurope.com\/@fr\/114981847936729333","error":""},"_links":{"self":[{"href":"https:\/\/www.europesays.com\/fr\/wp-json\/wp\/v2\/posts\/300369","targetHints":{"allow":["GET"]}}],"collection":[{"href":"https:\/\/www.europesays.com\/fr\/wp-json\/wp\/v2\/posts"}],"about":[{"href":"https:\/\/www.europesays.com\/fr\/wp-json\/wp\/v2\/types\/post"}],"author":[{"embeddable":true,"href":"https:\/\/www.europesays.com\/fr\/wp-json\/wp\/v2\/users\/2"}],"replies":[{"embeddable":true,"href":"https:\/\/www.europesays.com\/fr\/wp-json\/wp\/v2\/comments?post=300369"}],"version-history":[{"count":0,"href":"https:\/\/www.europesays.com\/fr\/wp-json\/wp\/v2\/posts\/300369\/revisions"}],"wp:featuredmedia":[{"embeddable":true,"href":"https:\/\/www.europesays.com\/fr\/wp-json\/wp\/v2\/media\/300370"}],"wp:attachment":[{"href":"https:\/\/www.europesays.com\/fr\/wp-json\/wp\/v2\/media?parent=300369"}],"wp:term":[{"taxonomy":"category","embeddable":true,"href":"https:\/\/www.europesays.com\/fr\/wp-json\/wp\/v2\/categories?post=300369"},{"taxonomy":"post_tag","embeddable":true,"href":"https:\/\/www.europesays.com\/fr\/wp-json\/wp\/v2\/tags?post=300369"}],"curies":[{"name":"wp","href":"https:\/\/api.w.org\/{rel}","templated":true}]}}