{"id":300375,"date":"2025-08-06T12:37:20","date_gmt":"2025-08-06T12:37:20","guid":{"rendered":"https:\/\/www.europesays.com\/fr\/300375\/"},"modified":"2025-08-06T12:37:20","modified_gmt":"2025-08-06T12:37:20","slug":"champion-deurope-de-skimboard-il-transforme-le-miroir-deau-de-nantes-en-veritable-terrain-de","status":"publish","type":"post","link":"https:\/\/www.europesays.com\/fr\/300375\/","title":{"rendered":"Champion d\u2019Europe de skimboard, il transforme le miroir d\u2019eau de Nantes en v\u00e9ritable terrain de"},"content":{"rendered":"<p>\u00c0 la vitesse o\u00f9 il d\u00e9ferle sur le miroir d\u2019eau de Nantes (Loire-Atlantique), on pourrait croire \u00e0 une quelconque astuce, des roues ou un petit moteur. Mais non, <a href=\"https:\/\/www.instagram.com\/p\/DHZPWcpgpQ2\/\" target=\"_blank\" rel=\"noopener\">Adrien Raza<\/a> n\u2019a besoin que d\u2019une planche et beaucoup de talent pour traverser les 65\u00a0m de l\u2019\u00e9tendue d\u2019eau en quelques secondes.<\/p>\n<blockquote class=\"instagram-media\" data-instgrm-captioned=\"\" data-instgrm-permalink=\"https:\/\/www.instagram.com\/reel\/DHZPWcpgpQ2\/?utm_source=ig_embed&amp;utm_campaign=loading\" data-instgrm-version=\"14\" style=\" background:#FFF; border:0; border-radius:3px; box-shadow:0 0 1px 0 rgba(0,0,0,0.5),0 1px 10px 0 rgba(0,0,0,0.15); margin: 1px; max-width:540px; min-width:326px; padding:0; width:99.375%; width:-webkit-calc(100% - 2px); width:calc(100% - 2px);\" wp_automatic_readability=\"-0.22826086956522\"\/>\n<p>Il faut dire que le Franco-malgache, quadruple champion d\u2019Europe de <a href=\"https:\/\/cherbourg.maville.com\/sport\/detail_-on-a-teste-pour-vous-l-urban-skimboard-au-gliss-festival-a-barneville-carteret-_10-6899401_actu.Htm\" target=\"_self\" rel=\"noopener\">skimboard,<\/a> n\u2019en est pas \u00e0 son premier essai. C\u2019est m\u00eame une star des r\u00e9seaux sociaux, r\u00e9volutionnant sa discipline en quittant la plage pour des d\u00e9fis urbains. Depuis plusieurs ann\u00e9es, il sillonne le monde en qu\u00eate de bons spots\u00a0: le canal de Rotterdam, toutes les fontaines possibles et imaginables, le miroir d\u2019eau de Bordeaux et, bien s\u00fbr, celui de la cit\u00e9 des Ducs.<\/p>\n<p>Et le spot nantais a de quoi faire r\u00eaver. Une vraie carte postale, avec le ch\u00e2teau des ducs de Bretagne pour d\u00e9cor et le tramway en invit\u00e9 surprise. Ici, on adore, tout comme les plus de 5\u00a0780\u00a0000\u00a0personnes dans le monde qui ont aim\u00e9 le post Instagram.<\/p>\n<p>\u00a0<\/p>\n<p>\t\t<script async src=\"\/\/www.instagram.com\/embed.js\"><\/script><\/p>\n","protected":false},"excerpt":{"rendered":"\u00c0 la vitesse o\u00f9 il d\u00e9ferle sur le miroir d\u2019eau de Nantes (Loire-Atlantique), on pourrait croire \u00e0 une&hellip;\n","protected":false},"author":2,"featured_media":300376,"comment_status":"","ping_status":"","sticky":false,"template":"","format":"standard","meta":{"footnotes":""},"categories":[2818],"tags":[1111,11,3362,4858,1777,674,1011,27,1197,2693,44076,766,12,2636,25,44075,3945,7784,38265],"class_list":{"0":"post-300375","1":"post","2":"type-post","3":"status-publish","4":"format-standard","5":"has-post-thumbnail","7":"category-nantes","8":"tag-actu","9":"tag-actualites","10":"tag-champion","11":"tag-eau","12":"tag-eu","13":"tag-europe","14":"tag-fr","15":"tag-france","16":"tag-jeu","17":"tag-laval","18":"tag-miroir","19":"tag-nantes","20":"tag-news","21":"tag-pays-de-la-loire","22":"tag-republique-francaise","23":"tag-skimboard","24":"tag-terrain","25":"tag-transforme","26":"tag-veritable"},"share_on_mastodon":{"url":"https:\/\/pubeurope.com\/@fr\/114981859774081483","error":""},"_links":{"self":[{"href":"https:\/\/www.europesays.com\/fr\/wp-json\/wp\/v2\/posts\/300375","targetHints":{"allow":["GET"]}}],"collection":[{"href":"https:\/\/www.europesays.com\/fr\/wp-json\/wp\/v2\/posts"}],"about":[{"href":"https:\/\/www.europesays.com\/fr\/wp-json\/wp\/v2\/types\/post"}],"author":[{"embeddable":true,"href":"https:\/\/www.europesays.com\/fr\/wp-json\/wp\/v2\/users\/2"}],"replies":[{"embeddable":true,"href":"https:\/\/www.europesays.com\/fr\/wp-json\/wp\/v2\/comments?post=300375"}],"version-history":[{"count":0,"href":"https:\/\/www.europesays.com\/fr\/wp-json\/wp\/v2\/posts\/300375\/revisions"}],"wp:featuredmedia":[{"embeddable":true,"href":"https:\/\/www.europesays.com\/fr\/wp-json\/wp\/v2\/media\/300376"}],"wp:attachment":[{"href":"https:\/\/www.europesays.com\/fr\/wp-json\/wp\/v2\/media?parent=300375"}],"wp:term":[{"taxonomy":"category","embeddable":true,"href":"https:\/\/www.europesays.com\/fr\/wp-json\/wp\/v2\/categories?post=300375"},{"taxonomy":"post_tag","embeddable":true,"href":"https:\/\/www.europesays.com\/fr\/wp-json\/wp\/v2\/tags?post=300375"}],"curies":[{"name":"wp","href":"https:\/\/api.w.org\/{rel}","templated":true}]}}