{"id":300393,"date":"2025-08-06T12:47:09","date_gmt":"2025-08-06T12:47:09","guid":{"rendered":"https:\/\/www.europesays.com\/fr\/300393\/"},"modified":"2025-08-06T12:47:09","modified_gmt":"2025-08-06T12:47:09","slug":"une-boucherie-du-8e-arrondissement-fermee-apres-deux-controles-inquietants","status":"publish","type":"post","link":"https:\/\/www.europesays.com\/fr\/300393\/","title":{"rendered":"une boucherie du 8e arrondissement ferm\u00e9e apr\u00e8s deux contr\u00f4les inqui\u00e9tants"},"content":{"rendered":"<p itemprop=\"description\"><strong>Avenue Paul Santy dans le 8e arrondissement de Lyon, les clients de La Bouche Rit trouvent porte close.<\/strong><\/p>\n<p>Ce mardi, la pr\u00e9fecture du Rh\u00f4ne a s\u00e9vi en pronon\u00e7ant une fermeture administrative des lieux.<\/p>\n<p>La boucherie a subi deux contr\u00f4les d&rsquo;hygi\u00e8ne dont les r\u00e9sultats se sont r\u00e9v\u00e9l\u00e9s inqui\u00e9tants. Au total, 31 mesures correctives ont \u00e9t\u00e9 communiqu\u00e9es aux g\u00e9rants apr\u00e8s que la DDPP a constat\u00e9 un d\u00e9faut de nettoyage de l&rsquo;\u00e9tablissement, un risque de contamination chimique ou encore un d\u00e9faut de contr\u00f4le des marchandises.<\/p>\n<p>La Bouche Rit ne pourra pas rouvrir ses portes avant qu&rsquo;un nouveau contr\u00f4le, positif cette fois, soit r\u00e9alis\u00e9 sur place.<\/p>\n<blockquote class=\"twitter-tweet\"><p>&#13;<\/p>\n<p dir=\"ltr\" lang=\"fr\">\u274c La pr\u00e9f\u00e8te du Rh\u00f4ne a proc\u00e9d\u00e9 \u00e0 la fermeture d&rsquo;urgence de la BOUCHE RIT DU 8E pour des manquements graves aux minima des r\u00e8gles d\u2019hygi\u00e8ne et de s\u00e9curit\u00e9 alimentaire.<\/p>\n<p>\ud83d\udd34 Du fait de ces manquements, la poursuite de l\u2019activit\u00e9, dans les conditions constat\u00e9es, constitue une\u2026 <a href=\"https:\/\/t.co\/QP19LqfomP\" rel=\"nofollow\">pic.twitter.com\/QP19LqfomP<\/a><\/p>\n<p>&#13;<br \/>\n\u2014 Pr\u00e9f\u00e8te de r\u00e9gion Auvergne-Rh\u00f4ne-Alpes et du Rh\u00f4ne (@prefetrhone) <a href=\"https:\/\/twitter.com\/prefetrhone\/status\/1953028469614342252?ref_src=twsrc%5Etfw\" rel=\"nofollow noopener\" target=\"_blank\">August 6, 2025<\/a><\/p><\/blockquote>\n<p>\t\t  <script async src=\"https:\/\/platform.twitter.com\/widgets.js\" charset=\"utf-8\"><\/script><\/p>\n","protected":false},"excerpt":{"rendered":"Avenue Paul Santy dans le 8e arrondissement de Lyon, les clients de La Bouche Rit trouvent porte close.&hellip;\n","protected":false},"author":2,"featured_media":300394,"comment_status":"","ping_status":"","sticky":false,"template":"","format":"standard","meta":{"footnotes":""},"categories":[1889],"tags":[1111,11,2813,2190,2430,1109,251,1112,2811,1777,674,118,1011,27,1922,1110,1114,2428,2810,12,241,316,25,2812,517,800],"class_list":{"0":"post-300393","1":"post","2":"type-post","3":"status-publish","4":"format-standard","5":"has-post-thumbnail","7":"category-lyon","8":"tag-actu","9":"tag-actualites","10":"tag-article","11":"tag-asvel","12":"tag-auvergne-rhone-alpes","13":"tag-breves","14":"tag-culture","15":"tag-depeches","16":"tag-economique","17":"tag-eu","18":"tag-europe","19":"tag-faits-divers","20":"tag-fr","21":"tag-france","22":"tag-info","23":"tag-informations","24":"tag-infos","25":"tag-lyon","26":"tag-lyonmag","27":"tag-news","28":"tag-ol","29":"tag-politique","30":"tag-republique-francaise","31":"tag-sociale","32":"tag-sport","33":"tag-transports"},"share_on_mastodon":{"url":"https:\/\/pubeurope.com\/@fr\/114981899071911788","error":""},"_links":{"self":[{"href":"https:\/\/www.europesays.com\/fr\/wp-json\/wp\/v2\/posts\/300393","targetHints":{"allow":["GET"]}}],"collection":[{"href":"https:\/\/www.europesays.com\/fr\/wp-json\/wp\/v2\/posts"}],"about":[{"href":"https:\/\/www.europesays.com\/fr\/wp-json\/wp\/v2\/types\/post"}],"author":[{"embeddable":true,"href":"https:\/\/www.europesays.com\/fr\/wp-json\/wp\/v2\/users\/2"}],"replies":[{"embeddable":true,"href":"https:\/\/www.europesays.com\/fr\/wp-json\/wp\/v2\/comments?post=300393"}],"version-history":[{"count":0,"href":"https:\/\/www.europesays.com\/fr\/wp-json\/wp\/v2\/posts\/300393\/revisions"}],"wp:featuredmedia":[{"embeddable":true,"href":"https:\/\/www.europesays.com\/fr\/wp-json\/wp\/v2\/media\/300394"}],"wp:attachment":[{"href":"https:\/\/www.europesays.com\/fr\/wp-json\/wp\/v2\/media?parent=300393"}],"wp:term":[{"taxonomy":"category","embeddable":true,"href":"https:\/\/www.europesays.com\/fr\/wp-json\/wp\/v2\/categories?post=300393"},{"taxonomy":"post_tag","embeddable":true,"href":"https:\/\/www.europesays.com\/fr\/wp-json\/wp\/v2\/tags?post=300393"}],"curies":[{"name":"wp","href":"https:\/\/api.w.org\/{rel}","templated":true}]}}