{"id":300395,"date":"2025-08-06T12:48:12","date_gmt":"2025-08-06T12:48:12","guid":{"rendered":"https:\/\/www.europesays.com\/fr\/300395\/"},"modified":"2025-08-06T12:48:12","modified_gmt":"2025-08-06T12:48:12","slug":"trois-interpellations-250-000-e-de-drogue-saisis","status":"publish","type":"post","link":"https:\/\/www.europesays.com\/fr\/300395\/","title":{"rendered":"trois interpellations, 250\u00a0000\u00a0\u20ac de drogue saisis"},"content":{"rendered":"<p>En juin\u00a02025, \u00e0 la suite d\u2019un renseignement, les policiers du Rh\u00f4ne se sont int\u00e9ress\u00e9s de tr\u00e8s pr\u00e8s \u00e0 un r\u00e9seau de drogue implant\u00e9 \u00e0 dans le quartier des Minguettes \u00e0 V\u00e9nissieux, et plus particuli\u00e8rement \u00e0 un v\u00e9hicule suspect\u00e9 d\u2019alimenter deux points de deal.<\/p>\n<p>Son conducteur, un individu \u00e2g\u00e9 de 24 ans, a \u00e9t\u00e9 identifi\u00e9, ainsi que son acolyte du m\u00eame \u00e2ge. Les deux hommes ont \u00e9t\u00e9 suivis jusqu\u2019\u00e0 un appartement nourrice situ\u00e9 \u00e0 Feyzin, o\u00f9 ils r\u00e9cup\u00e9raient la marchandise destin\u00e9e \u00e0 approvisionner les points de vente. Ils ont \u00e9t\u00e9 interpell\u00e9s le 29\u00a0juillet 2025 dans ce logement. Un troisi\u00e8me individu, \u00e2g\u00e9 de 38 ans, a \u00e9galement \u00e9t\u00e9 arr\u00eat\u00e9 sur place. Tous trois ont \u00e9t\u00e9 plac\u00e9s en garde \u00e0 vue.<\/p>\n<p>  Mat\u00e9riel de conditionnement<\/p>\n<p>Les perquisitions men\u00e9es ont permis la saisie de 9\u00a0kg de r\u00e9sine de cannabis, 7\u00a0kg d\u2019herbe de cannabis, 1,6\u00a0kg de coca\u00efne, 13\u00a0045\u00a0\u20ac en num\u00e9raire, ainsi que du mat\u00e9riel de conditionnement.<\/p>\n<p>Dans un box de garage, les policiers ont \u00e9galement d\u00e9couvert 939\u00a0g d\u2019herbe de cannabis, deux armes de poing, des \u00e9l\u00e9ments d\u2019armes \u00e0 feu et des munitions.<\/p>\n<p>\u00c0 lire aussi &gt;&gt; <a href=\"https:\/\/www.leprogres.fr\/faits-divers-justice\/2025\/08\/05\/agression-pres-d-un-point-de-deal-a-venissieux-un-imposant-dispositif-policier-deploye\" target=\"_blank\" rel=\"noopener\">Des coups de feu tir\u00e9s pr\u00e8s d\u2019un point de deal \u00e0 V\u00e9nissieux<\/a><\/p>\n<p>  Jug\u00e9s en comparution imm\u00e9diate<\/p>\n<p>Le locataire de ce box, \u00e2g\u00e9 de 48 ans, a \u00e9t\u00e9 interpell\u00e9 le 31\u00a0juillet et plac\u00e9 \u00e0 son tour en garde \u00e0 vue. L\u2019ensemble des produits stup\u00e9fiants saisis a \u00e9t\u00e9 valoris\u00e9 \u00e0 hauteur de 254\u00a0285\u00a0\u20ac. L\u2019enqu\u00eate n\u2019a pas permis de faire le lien entre ce dernier et le trio interpell\u00e9. Il a \u00e9t\u00e9 laiss\u00e9 libre \u00e0 l\u2019issue de sa garde \u00e0 vue. Une enqu\u00eate distincte a toutefois \u00e9t\u00e9 ouverte pour d\u00e9tention d\u2019armes, de munitions et de stup\u00e9fiants. Les deux mis en cause de 24 ans, poursuivis pour transport et d\u00e9tention non autoris\u00e9s de stup\u00e9fiants, ont \u00e9t\u00e9 pr\u00e9sent\u00e9s en comparution imm\u00e9diate devant le parquet de Lyon le 1er\u00a0ao\u00fbt 2025, tout comme le mis en cause de 38 ans, poursuivi pour d\u00e9tention non autoris\u00e9e de stup\u00e9fiants.<\/p>\n<p>Les deux mis en cause de 24 ans, poursuivis pour transport et d\u00e9tention non autoris\u00e9s de stup\u00e9fiants, ont \u00e9t\u00e9 pr\u00e9sent\u00e9s en comparution imm\u00e9diate devant le parquet de Lyon le 1er\u00a0ao\u00fbt 2025, tout comme le mis en cause de 38 ans, poursuivi pour d\u00e9tention non autoris\u00e9e de stup\u00e9fiants.<\/p>\n","protected":false},"excerpt":{"rendered":"En juin\u00a02025, \u00e0 la suite d\u2019un renseignement, les policiers du Rh\u00f4ne se sont int\u00e9ress\u00e9s de tr\u00e8s pr\u00e8s \u00e0&hellip;\n","protected":false},"author":2,"featured_media":300396,"comment_status":"","ping_status":"","sticky":false,"template":"","format":"standard","meta":{"footnotes":""},"categories":[1889],"tags":[1111,11,2430,271,272,2757,1777,674,274,1011,27,2428,2756,12,25,2429],"class_list":{"0":"post-300395","1":"post","2":"type-post","3":"status-publish","4":"format-standard","5":"has-post-thumbnail","7":"category-lyon","8":"tag-actu","9":"tag-actualites","10":"tag-auvergne-rhone-alpes","11":"tag-crime","12":"tag-delit-et-contravention","13":"tag-edition-lyon-villeurbanne","14":"tag-eu","15":"tag-europe","16":"tag-faits-divers-justice","17":"tag-fr","18":"tag-france","19":"tag-lyon","20":"tag-lyon-bassin","21":"tag-news","22":"tag-republique-francaise","23":"tag-rhone"},"share_on_mastodon":{"url":"https:\/\/pubeurope.com\/@fr\/114981902909521816","error":""},"_links":{"self":[{"href":"https:\/\/www.europesays.com\/fr\/wp-json\/wp\/v2\/posts\/300395","targetHints":{"allow":["GET"]}}],"collection":[{"href":"https:\/\/www.europesays.com\/fr\/wp-json\/wp\/v2\/posts"}],"about":[{"href":"https:\/\/www.europesays.com\/fr\/wp-json\/wp\/v2\/types\/post"}],"author":[{"embeddable":true,"href":"https:\/\/www.europesays.com\/fr\/wp-json\/wp\/v2\/users\/2"}],"replies":[{"embeddable":true,"href":"https:\/\/www.europesays.com\/fr\/wp-json\/wp\/v2\/comments?post=300395"}],"version-history":[{"count":0,"href":"https:\/\/www.europesays.com\/fr\/wp-json\/wp\/v2\/posts\/300395\/revisions"}],"wp:featuredmedia":[{"embeddable":true,"href":"https:\/\/www.europesays.com\/fr\/wp-json\/wp\/v2\/media\/300396"}],"wp:attachment":[{"href":"https:\/\/www.europesays.com\/fr\/wp-json\/wp\/v2\/media?parent=300395"}],"wp:term":[{"taxonomy":"category","embeddable":true,"href":"https:\/\/www.europesays.com\/fr\/wp-json\/wp\/v2\/categories?post=300395"},{"taxonomy":"post_tag","embeddable":true,"href":"https:\/\/www.europesays.com\/fr\/wp-json\/wp\/v2\/tags?post=300395"}],"curies":[{"name":"wp","href":"https:\/\/api.w.org\/{rel}","templated":true}]}}