{"id":300399,"date":"2025-08-06T12:51:12","date_gmt":"2025-08-06T12:51:12","guid":{"rendered":"https:\/\/www.europesays.com\/fr\/300399\/"},"modified":"2025-08-06T12:51:12","modified_gmt":"2025-08-06T12:51:12","slug":"les-electeurs-convoques-les-21-et-28-septembre-avant-le-proces-de-rachida-dati-pour-corruption-et-trafic-dinfluence","status":"publish","type":"post","link":"https:\/\/www.europesays.com\/fr\/300399\/","title":{"rendered":"les \u00e9lecteurs convoqu\u00e9s les 21 et 28\u00a0septembre, avant le proc\u00e8s de Rachida Dati pour corruption et trafic d&rsquo;influence"},"content":{"rendered":"<p class=\"c-chapo \">\n  La ministre de la Culture est dans le viseur de la justice pour des prestations de conseil factur\u00e9es en tant qu&rsquo;avocate aupr\u00e8s de Renault-Nissan entre 2010 et 2012. Elle est convoqu\u00e9e devant le tribunal le 29 septembre.\n<\/p>\n<p>            lire plus tard<\/p>\n<p id=\"dialog__title\" class=\"dialog__title\">Pour sauvegarder cet article, connectez-vous ou cr\u00e9ez un compte franceinfo<\/p>\n<p class=\"dialog__description\">Sans paiement. Sans abonnement.<\/p>\n<p>        Fermer la fen\u00eatre d\u2019activation des notifications France Info<\/p>\n<p>            cr\u00e9er votre compte<\/p>\n<p>            se connecter<\/p>\n<p>        Fermer la fen\u00eatre de pr\u00e9sentation<\/p>\n<p>    <img loading=\"lazy\" decoding=\"async\" class=\"signature__image lazyload\" width=\"100\" height=\"100\" data- alt=\"\" src=\"https:\/\/www.europesays.com\/fr\/wp-content\/uploads\/2025\/05\/64a68815cd1a7_placeholder-36b69ec8.png\"\/><\/p>\n<p>    Publi\u00e9 le 06\/08\/2025 13:12<\/p>\n<p>      Mis \u00e0 jour le 06\/08\/2025 13:29<\/p>\n<p>        Temps de lecture : 2min<\/p>\n<p>    <img decoding=\"async\"  alt=\"La ministre de la Culture, Rachida Dati (\u00e0 gauche) et l'ancien Premier ministre Michel Barnier (\u00e0 droite). (JOEL SAGET \/ AFP)\" width=\"432\" height=\"243\" src=\"https:\/\/www.europesays.com\/fr\/wp-content\/uploads\/2025\/08\/000-677n6t3-689336e49d11c545624421.jpg\" fetchpriority=\"high\"\/><\/p>\n<p>      La ministre de la Culture, Rachida Dati (\u00e0 gauche) et l&rsquo;ancien Premier ministre Michel Barnier (\u00e0 droite). (JOEL SAGET \/ AFP)<\/p>\n<p>La date est \u00e0 noter sur l&rsquo;agenda des \u00e9lecteurs parisiens. Le vote de la l\u00e9gislative partielle de la deuxi\u00e8me circonscription de Paris, qui devrait voir <a href=\"https:\/\/www.franceinfo.fr\/politique\/rachida-dati\/legislative-partielle-a-paris-rachida-dati-annonce-qu-elle-est-candidate-quoi-qu-il-arrive-dans-la-2e-circonscription_7404349.html\" rel=\"nofollow noopener\" target=\"_blank\">s&rsquo;affronter l&rsquo;ex-Premier ministre Michel Barnier et la ministre de la Culture, Rachida Dati<\/a>, aura lieu les 21 et 28\u00a0septembre, selon un d\u00e9cret paru mercredi 6\u00a0ao\u00fbt au <a href=\"https:\/\/www.legifrance.gouv.fr\/jorf\/id\/JORFTEXT000052049881\" target=\"_blank\" rel=\"noopener nofollow\">Journal officiel<\/a>.<\/p>\n<p>Le deuxi\u00e8me tour tombera ainsi la veille du proc\u00e8s de la maire du 7e\u00a0arrondissement, <a href=\"https:\/\/www.franceinfo.fr\/politique\/rachida-dati\/affaire-ghosn-la-ministre-rachida-dati-renvoyee-devant-un-tribunal-correctionnel-notamment-pour-corruption-et-trafic-d-influence_7392472.html\" rel=\"nofollow noopener\" target=\"_blank\">qui a \u00e9t\u00e9 renvoy\u00e9e le 22 juillet en proc\u00e8s pour corruption et trafic d&rsquo;influence<\/a>. La justice lui reproche d&rsquo;avoir per\u00e7u 900\u00a0000\u00a0euros entre 2010 et 2012 pour des prestations de conseil avec une filiale de l&rsquo;alliance Renault-Nissan, mais sans avoir r\u00e9ellement travaill\u00e9, alors qu&rsquo;elle \u00e9tait avocate et d\u00e9put\u00e9e europ\u00e9enne. Elle a fait appel de la d\u00e9cision. \u00ab\u00a0Un esprit malin (et lucide) pourrait tout \u00e0 fait rapprocher cette d\u00e9cision pr\u00e9cipit\u00e9e de Bruno Retailleau avec la date de l&rsquo;audience qui doit fixer la date du proc\u00e8s de Rachida Dati. Audience qui se tiendra le 29 septembre. Soit le lendemain du second tour\u00a0\u00bb, a ironis\u00e9 sur <a href=\"https:\/\/x.com\/LucBroussy\/status\/1953025539737829841\" target=\"_blank\" rel=\"noopener nofollow\">X<\/a> le pr\u00e9sident du conseil national du Parti socialiste, Luc Broussy.<\/p>\n<p>La ministre de la Culture Rachida Dati a annonc\u00e9 fin juillet sa candidature \u00e0 cette l\u00e9gislative partielle, lan\u00e7ant les hostilit\u00e9s contre Michel Barnier, qui brigue le m\u00eame poste de d\u00e9put\u00e9 et a obtenu l&rsquo;investiture de LR. Rachida Dati <a href=\"https:\/\/www.franceinfo.fr\/politique\/rachida-dati\/legislative-partielle-a-paris-pourquoi-rachida-dati-se-presentera-quoi-qu-il-arrive-face-a-michel-barnier-designe-candidat-des-lr_7405759.html\" rel=\"nofollow noopener\" target=\"_blank\">a affirm\u00e9 qu&rsquo;elle serait candidate \u00ab\u00a0quoi qu&rsquo;il arrive\u00a0\u00bb<\/a>, accusant Michel Barnier de se pr\u00e9senter pour servir des \u00ab\u00a0ambitions pr\u00e9sidentielles\u00a0\u00bb. Ce dernier l&rsquo;a invit\u00e9e <a href=\"https:\/\/www.franceinfo.fr\/politique\/michel-barnier\/legislative-partielle-a-paris-michel-barnier-appelle-rachida-dati-a-ne-pas-se-tromper-d-election_7415428.html\" rel=\"nofollow noopener\" target=\"_blank\">\u00e0 ne \u00ab\u00a0pas se tromper\u00a0\u00bb d&rsquo;\u00e9lection<\/a>, estimant qu&rsquo;elle avait \u00ab\u00a0une ambition l\u00e9gitime\u00a0\u00bb pour la mairie de Paris en 2026.<\/p>\n<p>Cette l\u00e9gislative partielle intervient <a href=\"https:\/\/www.franceinfo.fr\/politique\/parlement-francais\/assemblee-nationale\/trois-deputes-contraints-de-demissionner-apres-avoir-ete-declares-ineligibles-par-le-conseil-constitutionnel_7370902.html\" rel=\"nofollow noopener\" target=\"_blank\">apr\u00e8s la d\u00e9cision du Conseil constitutionnel<\/a> de d\u00e9clarer in\u00e9ligible Jean Laussucq (Ensemble pour la R\u00e9publique), pour des irr\u00e9gularit\u00e9s dans ses comptes de campagne. Deux autres d\u00e9put\u00e9s, St\u00e9phane Vojetta (circonscription des Fran\u00e7ais de l&rsquo;\u00e9tranger, EPR) et Brigitte Bar\u00e8ges (Tarn-et-Garonne, UDR), ont \u00e9galement \u00e9t\u00e9 d\u00e9clar\u00e9s in\u00e9ligibles le m\u00eame jour. Les dates des l\u00e9gislatives partielles de leurs circonscriptions n&rsquo;ont pas encore \u00e9t\u00e9 annonc\u00e9es.<\/p>\n<p class=\"related-tags__title\" role=\"heading\" aria-level=\"2\">les mots-cl\u00e9s associ\u00e9s \u00e0 cet article\n    <\/p>\n","protected":false},"excerpt":{"rendered":"La ministre de la Culture est dans le viseur de la justice pour des prestations de conseil factur\u00e9es&hellip;\n","protected":false},"author":2,"featured_media":300400,"comment_status":"","ping_status":"","sticky":false,"template":"","format":"standard","meta":{"footnotes":""},"categories":[1888],"tags":[1111,1928,11,1927,1777,674,1011,27,12,1926,626,1925,25],"class_list":{"0":"post-300399","1":"post","2":"type-post","3":"status-publish","4":"format-standard","5":"has-post-thumbnail","7":"category-paris","8":"tag-actu","9":"tag-actu-paris","10":"tag-actualites","11":"tag-actualites-paris","12":"tag-eu","13":"tag-europe","14":"tag-fr","15":"tag-france","16":"tag-news","17":"tag-news-paris","18":"tag-paris","19":"tag-paris-news","20":"tag-republique-francaise"},"share_on_mastodon":{"url":"https:\/\/pubeurope.com\/@fr\/114981914850863636","error":""},"_links":{"self":[{"href":"https:\/\/www.europesays.com\/fr\/wp-json\/wp\/v2\/posts\/300399","targetHints":{"allow":["GET"]}}],"collection":[{"href":"https:\/\/www.europesays.com\/fr\/wp-json\/wp\/v2\/posts"}],"about":[{"href":"https:\/\/www.europesays.com\/fr\/wp-json\/wp\/v2\/types\/post"}],"author":[{"embeddable":true,"href":"https:\/\/www.europesays.com\/fr\/wp-json\/wp\/v2\/users\/2"}],"replies":[{"embeddable":true,"href":"https:\/\/www.europesays.com\/fr\/wp-json\/wp\/v2\/comments?post=300399"}],"version-history":[{"count":0,"href":"https:\/\/www.europesays.com\/fr\/wp-json\/wp\/v2\/posts\/300399\/revisions"}],"wp:featuredmedia":[{"embeddable":true,"href":"https:\/\/www.europesays.com\/fr\/wp-json\/wp\/v2\/media\/300400"}],"wp:attachment":[{"href":"https:\/\/www.europesays.com\/fr\/wp-json\/wp\/v2\/media?parent=300399"}],"wp:term":[{"taxonomy":"category","embeddable":true,"href":"https:\/\/www.europesays.com\/fr\/wp-json\/wp\/v2\/categories?post=300399"},{"taxonomy":"post_tag","embeddable":true,"href":"https:\/\/www.europesays.com\/fr\/wp-json\/wp\/v2\/tags?post=300399"}],"curies":[{"name":"wp","href":"https:\/\/api.w.org\/{rel}","templated":true}]}}