{"id":300401,"date":"2025-08-06T12:52:10","date_gmt":"2025-08-06T12:52:10","guid":{"rendered":"https:\/\/www.europesays.com\/fr\/300401\/"},"modified":"2025-08-06T12:52:10","modified_gmt":"2025-08-06T12:52:10","slug":"les-electeurs-convoques-les-dimanches-21-et-28-septembre","status":"publish","type":"post","link":"https:\/\/www.europesays.com\/fr\/300401\/","title":{"rendered":"les \u00e9lecteurs convoqu\u00e9s les dimanches 21 et 28 septembre"},"content":{"rendered":"<p>La ministre de la Culture Rachida Dati a annonc\u00e9 fin juillet sa candidature \u00e0 cette l\u00e9gislative partielle, lan\u00e7ant les hostilit\u00e9s contre Michel Barnier, qui brigue le m\u00eame poste de d\u00e9put\u00e9 et a obtenu l\u2019investiture de LR<\/p>\n<p class=\"fig-paragraph\">Le vote de la\u00a0<a href=\"http:\/\/www.lefigaro.fr\/flash-actu\/legislative-partielle-a-paris-vers-un-rapprochement-entre-michel-barnier-et-edouard-philippe-sur-fond-de-tension-avec-rachida-dati-20250728\" target=\"_blank\" data-fig-type=\"NewsFlash\" rel=\"noopener\" data-gtm-custom-categorie=\"navigation\" data-gtm-custom-action=\"crossclick\" data-gtm-custom-label=\"Contextuel\" data-gtm-event=\"customEventSPE\" data-fig-domain=\"LEFIGARO\">l\u00e9gislative partielle<\/a>\u00a0de la deuxi\u00e8me circonscription de Paris, qui devrait voir s&rsquo;affronter l&rsquo;ancien premier ministre Michel Barnier et la ministre de la Culture Rachida Dati, aura lieu les 21 et 28 septembre, selon un d\u00e9cret paru ce mercredi au Journal officiel.<\/p>\n<p class=\"fig-paragraph\">\u00abLes \u00e9lecteurs de la 2e circonscription de Paris sont convoqu\u00e9s le dimanche 21 septembre en vue de proc\u00e9der \u00e0 l&rsquo;\u00e9lection de leur d\u00e9put\u00e9 \u00e0 l&rsquo;Assembl\u00e9e nationale\u00bb, pr\u00e9cise le d\u00e9cret sign\u00e9 du ministre de l&rsquo;Int\u00e9rieur\u00a0<a href=\"http:\/\/www.lefigaro.fr\/faits-divers\/bruno-retailleau-va-retirer-le-titre-de-sejour-du-marocain-ayant-allume-sa-cigarette-avec-la-flamme-du-soldat-inconnu-20250806\" target=\"_blank\" data-fig-type=\"NewsFlash\" rel=\"noopener\" data-gtm-custom-categorie=\"navigation\" data-gtm-custom-action=\"crossclick\" data-gtm-custom-label=\"Contextuel\" data-gtm-event=\"customEventSPE\" data-fig-domain=\"LEFIGARO\">Bruno Retailleau<\/a>. Le second tour aura lieu le 28 septembre, ajoute le texte.<\/p>\n<p>                                    <a class=\"fig-a11y-skip a11y-hidden\" href=\"#fig-a11y-skip-main-inarticle\"><br \/>\n        Passer la publicit\u00e9<br \/>\n    <\/a><\/p>\n<p>\u00abUne ambition l\u00e9gitime\u00bb<\/p>\n<p class=\"fig-paragraph\">La ministre de la Culture\u00a0<a href=\"http:\/\/www.lefigaro.fr\/politique\/municipales-a-paris-rachida-dati-est-la-mieux-placee-pour-incarner-l-alternance-selon-la-commission-d-investiture-de-lr-20250728\" target=\"_blank\" data-fig-type=\"NewsFlash\" rel=\"noopener\" data-gtm-custom-categorie=\"navigation\" data-gtm-custom-action=\"crossclick\" data-gtm-custom-label=\"Contextuel\" data-gtm-event=\"customEventSPE\" data-fig-domain=\"LEFIGARO\">Rachida Dati<\/a>\u00a0a annonc\u00e9 fin juillet sa candidature \u00e0 cette l\u00e9gislative partielle, lan\u00e7ant les hostilit\u00e9s contre\u00a0<a href=\"http:\/\/www.lefigaro.fr\/politique\/legislative-a-paris-michel-barnier-exhorte-rachida-dati-a-ne-pas-se-tromper-d-election-20250803\" target=\"_blank\" data-fig-type=\"NewsFlash\" rel=\"noopener\" data-gtm-custom-categorie=\"navigation\" data-gtm-custom-action=\"crossclick\" data-gtm-custom-label=\"Contextuel\" data-gtm-event=\"customEventSPE\" data-fig-domain=\"LEFIGARO\">Michel Barnier<\/a>, qui brigue le m\u00eame poste de d\u00e9put\u00e9 et a obtenu l&rsquo;investiture de LR. Rachida Dati a affirm\u00e9 qu&rsquo;elle serait candidate \u00abquoi qu&rsquo;il arrive\u00bb, accusant l\u2019ancien premier ministre de se pr\u00e9senter pour servir des \u00abambitions pr\u00e9sidentielles\u00bb. Ce dernier l&rsquo;a invit\u00e9e \u00e0 ne \u00abpas se tromper\u00bb d&rsquo;\u00e9lection, estimant qu&rsquo;elle avait \u00abune ambition l\u00e9gitime\u00bb pour la mairie de Paris en 2026.<\/p>\n<p class=\"fig-paragraph\">La maire du VIIe arrondissement a \u00e9t\u00e9 renvoy\u00e9e le 22 juillet en proc\u00e8s pour corruption et trafic d&rsquo;influence, soup\u00e7onn\u00e9e d&rsquo;avoir per\u00e7u 900.000 euros entre 2010 et 2012 pour des prestations de conseil avec une filiale de l&rsquo;alliance\u00a0<a href=\"http:\/\/www.lefigaro.fr\/actualite-france\/renault-nissan-ce-que-contiennent-vraiment-les-attestations-en-faveur-de-rachida-dati-20250730\" target=\"_blank\" data-fig-type=\"Article\" rel=\"noopener\" data-gtm-custom-categorie=\"navigation\" data-gtm-custom-action=\"crossclick\" data-gtm-custom-label=\"Contextuel\" data-gtm-event=\"customEventSPE\" data-fig-domain=\"LEFIGARO\">Renault-Nissan<\/a>, mais sans avoir r\u00e9ellement travaill\u00e9, alors qu&rsquo;elle \u00e9tait avocate et d\u00e9put\u00e9e europ\u00e9enne. Elle a fait appel de la d\u00e9cision. \u00abUn esprit malin (et lucide) pourrait tout \u00e0 fait rapprocher cette d\u00e9cision pr\u00e9cipit\u00e9e de Bruno Retailleau avec la date de l&rsquo;audience qui doit fixer la date du proc\u00e8s de Rachida Dati. Audience qui se tiendra le 29 septembre. Soit le lendemain du second tour\u00bb, a ironis\u00e9 sur X le pr\u00e9sident du conseil national du Parti socialiste, Luc Broussy. Cette l\u00e9gislative partielle intervient apr\u00e8s la d\u00e9cision du conseil constitutionnel de d\u00e9clarer in\u00e9ligible Jean Laussucq (Ensemble pour la R\u00e9publique), pour des irr\u00e9gularit\u00e9s dans ses comptes de campagne.<\/p>\n<p class=\"fig-paragraph\">Deux autres d\u00e9put\u00e9s, St\u00e9phane Vojetta (circonscription des Fran\u00e7ais de l&rsquo;\u00e9tranger, EPR) et Brigitte Bar\u00e8ges (Tarn-et-Garonne, UDR), ont \u00e9galement \u00e9t\u00e9 d\u00e9clar\u00e9s in\u00e9ligibles le m\u00eame jour. Les dates des l\u00e9gislatives partielles de leurs circonscriptions n&rsquo;ont pas encore \u00e9t\u00e9 annonc\u00e9es.<\/p>\n","protected":false},"excerpt":{"rendered":"La ministre de la Culture Rachida Dati a annonc\u00e9 fin juillet sa candidature \u00e0 cette l\u00e9gislative partielle, lan\u00e7ant&hellip;\n","protected":false},"author":2,"featured_media":300402,"comment_status":"","ping_status":"","sticky":false,"template":"","format":"standard","meta":{"footnotes":""},"categories":[1888],"tags":[1111,1928,11,1927,1777,674,1011,27,40672,27636,12,1926,626,1925,417,25],"class_list":{"0":"post-300401","1":"post","2":"type-post","3":"status-publish","4":"format-standard","5":"has-post-thumbnail","7":"category-paris","8":"tag-actu","9":"tag-actu-paris","10":"tag-actualites","11":"tag-actualites-paris","12":"tag-eu","13":"tag-europe","14":"tag-fr","15":"tag-france","16":"tag-legislatives-partielles","17":"tag-michel-barnier","18":"tag-news","19":"tag-news-paris","20":"tag-paris","21":"tag-paris-news","22":"tag-rachida-dati","23":"tag-republique-francaise"},"share_on_mastodon":{"url":"https:\/\/pubeurope.com\/@fr\/114981918819836129","error":""},"_links":{"self":[{"href":"https:\/\/www.europesays.com\/fr\/wp-json\/wp\/v2\/posts\/300401","targetHints":{"allow":["GET"]}}],"collection":[{"href":"https:\/\/www.europesays.com\/fr\/wp-json\/wp\/v2\/posts"}],"about":[{"href":"https:\/\/www.europesays.com\/fr\/wp-json\/wp\/v2\/types\/post"}],"author":[{"embeddable":true,"href":"https:\/\/www.europesays.com\/fr\/wp-json\/wp\/v2\/users\/2"}],"replies":[{"embeddable":true,"href":"https:\/\/www.europesays.com\/fr\/wp-json\/wp\/v2\/comments?post=300401"}],"version-history":[{"count":0,"href":"https:\/\/www.europesays.com\/fr\/wp-json\/wp\/v2\/posts\/300401\/revisions"}],"wp:featuredmedia":[{"embeddable":true,"href":"https:\/\/www.europesays.com\/fr\/wp-json\/wp\/v2\/media\/300402"}],"wp:attachment":[{"href":"https:\/\/www.europesays.com\/fr\/wp-json\/wp\/v2\/media?parent=300401"}],"wp:term":[{"taxonomy":"category","embeddable":true,"href":"https:\/\/www.europesays.com\/fr\/wp-json\/wp\/v2\/categories?post=300401"},{"taxonomy":"post_tag","embeddable":true,"href":"https:\/\/www.europesays.com\/fr\/wp-json\/wp\/v2\/tags?post=300401"}],"curies":[{"name":"wp","href":"https:\/\/api.w.org\/{rel}","templated":true}]}}