{"id":300406,"date":"2025-08-06T12:55:27","date_gmt":"2025-08-06T12:55:27","guid":{"rendered":"https:\/\/www.europesays.com\/fr\/300406\/"},"modified":"2025-08-06T12:55:27","modified_gmt":"2025-08-06T12:55:27","slug":"guerre-en-ukraine-poignee-de-main-entre-poutine-et-steve-witkoff-avant-lexpiration-de-lultimatum-donne-par-trump-a-la-russie","status":"publish","type":"post","link":"https:\/\/www.europesays.com\/fr\/300406\/","title":{"rendered":"Guerre en Ukraine\u00a0: poign\u00e9e de main entre Poutine et Steve Witkoff, avant l\u2019expiration de l\u2019ultimatum donn\u00e9 par Trump \u00e0 la Russie"},"content":{"rendered":"<p>Malgr\u00e9 la pression exerc\u00e9e par Washington,<a href=\"https:\/\/www.rtbf.be\/dossier\/guerre-en-ukraine\" rel=\"nofollow noopener\" target=\"_blank\"> l\u2019offensive russe contre son voisin se poursuit<\/a>.\u00a0Six personnes ont \u00e9t\u00e9 tu\u00e9es dans des frappes russes dans le sud et le nord-est de l\u2019Ukraine, selon les autorit\u00e9s locales.\u00a0L\u2019arm\u00e9e de l\u2019air ukrainienne a indiqu\u00e9 de son c\u00f4t\u00e9 avoir abattu 29 drones dans le nord et l\u2019est du pays au cours de la nuit de lundi \u00e0 mardi.\u00a0L\u2019arm\u00e9e russe a tir\u00e9 6297 drones contre l\u2019Ukraine en juillet, un record depuis le d\u00e9but de l\u2019invasion en f\u00e9vrier\u00a02022, selon un d\u00e9compte de l\u2019AFP bas\u00e9 sur des chiffres fournis par les autorit\u00e9s ukrainiennes.\u00a0Du c\u00f4t\u00e9 russe de la ligne de front, des bombardements ukrainiens ont tu\u00e9 quatre personnes \u00e0 Svatov\u00e9, dans la r\u00e9gion de Lougansk occup\u00e9e par les forces de Moscou, a indiqu\u00e9 sur Telegram le dirigeant local L\u00e9onid Passetchnik.<\/p>\n<p>Pour renforcer les d\u00e9fenses de l\u2019Ukraine, la Su\u00e8de, le Danemark et la Norv\u00e8ge ont annonc\u00e9 mardi leur intention d\u2019acheter des armes provenant de r\u00e9serves am\u00e9ricaines.\u00a0Stockholm, Copenhague et Oslo vont faire don d\u2019une aide militaire d\u2019une valeur totale de 500\u00a0millions de dollars, comprenant des syst\u00e8mes de d\u00e9fense a\u00e9rienne, des armes antichars, des munitions et des pi\u00e8ces d\u00e9tach\u00e9es.\u00a0\u00ab\u00a0L\u2019Ukraine ne se bat pas seulement pour sa propre s\u00e9curit\u00e9, mais elle se bat aussi pour la n\u00f4tre\u00a0\u00bb, a soulign\u00e9 le ministre de la D\u00e9fense su\u00e9dois Pal Jonson, lors d\u2019une conf\u00e9rence de presse.\u00a0Le pr\u00e9sident am\u00e9ricain avait annonc\u00e9 le mois dernier un projet en collaboration avec le chef de l\u2019Otan Mark Rutte pour que les Alli\u00e9s europ\u00e9ens et le Canada ach\u00e8tent des armes am\u00e9ricaines, notamment des syst\u00e8mes avanc\u00e9s Patriot, afin de les envoyer en Ukraine.<\/p>\n","protected":false},"excerpt":{"rendered":"Malgr\u00e9 la pression exerc\u00e9e par Washington, l\u2019offensive russe contre son voisin se poursuit.\u00a0Six personnes ont \u00e9t\u00e9 tu\u00e9es dans&hellip;\n","protected":false},"author":2,"featured_media":300407,"comment_status":"","ping_status":"","sticky":false,"template":"","format":"standard","meta":{"footnotes":""},"categories":[1591],"tags":[11,1887,12,1885,1886,132],"class_list":{"0":"post-300406","1":"post","2":"type-post","3":"status-publish","4":"format-standard","5":"has-post-thumbnail","7":"category-russie","8":"tag-actualites","9":"tag-federation-de-russie","10":"tag-news","11":"tag-russia","12":"tag-russian-federation","13":"tag-russie"},"share_on_mastodon":{"url":"https:\/\/pubeurope.com\/@fr\/114981930474371204","error":""},"_links":{"self":[{"href":"https:\/\/www.europesays.com\/fr\/wp-json\/wp\/v2\/posts\/300406","targetHints":{"allow":["GET"]}}],"collection":[{"href":"https:\/\/www.europesays.com\/fr\/wp-json\/wp\/v2\/posts"}],"about":[{"href":"https:\/\/www.europesays.com\/fr\/wp-json\/wp\/v2\/types\/post"}],"author":[{"embeddable":true,"href":"https:\/\/www.europesays.com\/fr\/wp-json\/wp\/v2\/users\/2"}],"replies":[{"embeddable":true,"href":"https:\/\/www.europesays.com\/fr\/wp-json\/wp\/v2\/comments?post=300406"}],"version-history":[{"count":0,"href":"https:\/\/www.europesays.com\/fr\/wp-json\/wp\/v2\/posts\/300406\/revisions"}],"wp:featuredmedia":[{"embeddable":true,"href":"https:\/\/www.europesays.com\/fr\/wp-json\/wp\/v2\/media\/300407"}],"wp:attachment":[{"href":"https:\/\/www.europesays.com\/fr\/wp-json\/wp\/v2\/media?parent=300406"}],"wp:term":[{"taxonomy":"category","embeddable":true,"href":"https:\/\/www.europesays.com\/fr\/wp-json\/wp\/v2\/categories?post=300406"},{"taxonomy":"post_tag","embeddable":true,"href":"https:\/\/www.europesays.com\/fr\/wp-json\/wp\/v2\/tags?post=300406"}],"curies":[{"name":"wp","href":"https:\/\/api.w.org\/{rel}","templated":true}]}}