{"id":300410,"date":"2025-08-06T12:57:11","date_gmt":"2025-08-06T12:57:11","guid":{"rendered":"https:\/\/www.europesays.com\/fr\/300410\/"},"modified":"2025-08-06T12:57:11","modified_gmt":"2025-08-06T12:57:11","slug":"immigration-le-rwanda-accepte-daccueillir-jusqua-250-migrants-expulses-des-etats-unis","status":"publish","type":"post","link":"https:\/\/www.europesays.com\/fr\/300410\/","title":{"rendered":"Immigration : Le Rwanda accepte d&rsquo;accueillir jusqu&rsquo;\u00e0 250 migrants expuls\u00e9s des \u00c9tats-Unis"},"content":{"rendered":"<p><img fetchpriority=\"high\" decoding=\"async\" src=\"https:\/\/www.europesays.com\/fr\/wp-content\/uploads\/2025\/08\/83277a70-722e-11f0-89ea-4d6f9851f623.jpg.webp.webp\"   alt=\"La porte-parole du gouvernement, Yolande Makolo\" loading=\"eager\" width=\"976\" height=\"549\" style=\"aspect-ratio:976 \/ 549\" class=\"bbc-139onq\"\/><\/p>\n<p class=\"bbc-nyj3yn\" role=\"text\">Cr\u00e9dit photo, Anadolu Agency\/Getty Images<\/p>\n<p>L\u00e9gende image, La porte-parole du gouvernement, Yolande Makolo, a d\u00e9clar\u00e9 que le Rwanda aura le pouvoir d&rsquo;approuver les personnes qu&rsquo;il acceptera \u00ab pour la r\u00e9installation \u00bb.<strong id=\"article-byline\" aria-hidden=\"true\" class=\"bbc-m04vo2\">Article Information<\/strong><\/p>\n<ul class=\"bbc-1rvtlej\">\n<li class=\"bbc-oe8da4\">\n<ul role=\"list\" class=\"bbc-r1yif8\">\n<li>Author, Danai Nesta Kupemba<\/li>\n<li>Role,  BBC News<\/li>\n<\/ul>\n<\/li>\n<li class=\"bbc-12x2qfl\">\n<p>il y a 9 minutes<\/p>\n<\/li>\n<\/ul>\n<p dir=\"ltr\" class=\"bbc-1y32vyc e17g058b0\"><b>Le Rwanda a d\u00e9clar\u00e9 qu&rsquo;il accepterait jusqu&rsquo;\u00e0 250 migrants en provenance des \u00c9tats-Unis dans le cadre d&rsquo;un accord conclu avec l&rsquo;administration du pr\u00e9sident Donald Trump.<\/b><\/p>\n<p dir=\"ltr\" class=\"bbc-1y32vyc e17g058b0\">Dans le cadre de ce programme, les personnes expuls\u00e9es b\u00e9n\u00e9ficieront d&rsquo;une \u00ab formation professionnelle, de soins de sant\u00e9 et d&rsquo;un logement pour d\u00e9marrer leur nouvelle vie au Rwanda \u00bb, a confirm\u00e9 la porte-parole du gouvernement, Yolande Makolo, \u00e0 la BBC.<\/p>\n<p dir=\"ltr\" class=\"bbc-1y32vyc e17g058b0\">Elle a ajout\u00e9 qu&rsquo;une des conditions de l&rsquo;accord \u00e9tait que le Rwanda ait \u00ab la possibilit\u00e9 d&rsquo;approuver chaque personne propos\u00e9e pour la r\u00e9installation \u00bb.<\/p>\n<p dir=\"ltr\" class=\"bbc-1y32vyc e17g058b0\">La Maison Blanche n&rsquo;a pas comment\u00e9 directement cet accord, mais a d\u00e9clar\u00e9 \u00e0 la BBC qu&rsquo;elle \u00e9tait en contact permanent avec les pays \u00ab dispos\u00e9s \u00e0 nous aider \u00e0 expulser les \u00e9trangers en situation irr\u00e9guli\u00e8re que [l&rsquo;ancien pr\u00e9sident] Joe Biden \u00bb avait laiss\u00e9 \u00ab infiltrer \u00bb les \u00c9tats-Unis.<\/p>\n<p><strong id=\"A-lire-aussi-sur-BBC-Afrique\" data-testid=\"eoj-recommendations-heading\" dir=\"ltr\" class=\"bbc-12wkmmh e1mgz4ek1\">A lire aussi sur BBC Afrique:<\/strong><\/p>\n<p dir=\"ltr\" class=\"bbc-1y32vyc e17g058b0\">Depuis que Trump est revenu au pouvoir en janvier, il s&rsquo;est concentr\u00e9 sur un vaste plan de d\u00e9portation de masse visant \u00e0 expulser rapidement les migrants sans papiers des \u00c9tats-Unis,  une promesse \u00e9lectorale cl\u00e9.<\/p>\n<p dir=\"ltr\" class=\"bbc-1y32vyc e17g058b0\">Des rumeurs concernant un accord entre le Rwanda et les \u00c9tats-Unis ont circul\u00e9 en mai, apr\u00e8s que le secr\u00e9taire d&rsquo;\u00c9tat am\u00e9ricain Marco Rubio ait d\u00e9clar\u00e9 que Washington \u00ab recherchait activement \u00bb un pays pr\u00eat \u00e0 accueillir certains de ceux qu&rsquo;il a qualifi\u00e9s d&rsquo;\u00ab \u00eatres humains parmi les plus m\u00e9prisables \u00bb.<\/p>\n<p dir=\"ltr\" class=\"bbc-1y32vyc e17g058b0\">L&rsquo;administration Trump a sollicit\u00e9 plusieurs pays africains pour qu&rsquo;ils acceptent des migrants expuls\u00e9s dont les pays d&rsquo;origine ont refus\u00e9 de les reprendre. L&rsquo;Eswatini et le Soudan du Sud ont r\u00e9cemment accept\u00e9 certains d&rsquo;entre eux, y compris des criminels condamn\u00e9s.<\/p>\n<p dir=\"ltr\" class=\"bbc-1y32vyc e17g058b0\">Mme Makolo a d\u00e9clar\u00e9 \u00e0 la BBC que le Rwanda avait conclu cet accord avec les \u00c9tats-Unis parce que \u00ab presque toutes les familles rwandaises ont connu les difficult\u00e9s du d\u00e9placement \u00bb.<\/p>\n<p dir=\"ltr\" class=\"bbc-1y32vyc e17g058b0\">Elle a ajout\u00e9 que les valeurs de la soci\u00e9t\u00e9 rwandaise reposaient \u00ab sur la r\u00e9int\u00e9gration et la r\u00e9habilitation \u00bb.<\/p>\n<p dir=\"ltr\" class=\"bbc-1y32vyc e17g058b0\">Cela fait \u00e9cho aux commentaires formul\u00e9s en mai dernier par le ministre des Affaires \u00e9trang\u00e8res du Rwanda, qui a d\u00e9clar\u00e9 que son pays, qui a connu un g\u00e9nocide au milieu des ann\u00e9es 1990, \u00e9tait anim\u00e9 par la volont\u00e9 de donner \u00ab une nouvelle chance aux migrants en difficult\u00e9 \u00e0 travers le monde \u00bb.<\/p>\n<p dir=\"ltr\" class=\"bbc-1y32vyc e17g058b0\">Dans le cadre d&rsquo;un accord conclu il y a six ans avec l&rsquo;agence des Nations unies pour les r\u00e9fugi\u00e9s et l&rsquo;Union africaine, pr\u00e8s de 3 000 r\u00e9fugi\u00e9s et demandeurs d&rsquo;asile bloqu\u00e9s en Libye ont \u00e9t\u00e9 \u00e9vacu\u00e9s vers le Rwanda entre septembre 2019 et avril 2025. Selon les Nations unies, bon nombre de ces personnes ont ensuite \u00e9t\u00e9 r\u00e9install\u00e9es ailleurs.<\/p>\n<p dir=\"ltr\" class=\"bbc-1y32vyc e17g058b0\">Le Rwanda avait conclu un accord avec le Royaume-Uni, conclu avec le gouvernement conservateur en 2022, pour accepter des demandeurs d&rsquo;asile.<\/p>\n<p dir=\"ltr\" class=\"bbc-1y32vyc e17g058b0\">Mais le Royaume-Uni a abandonn\u00e9 ce programme, qui faisait l&rsquo;objet de nombreuses contestations juridiques, apr\u00e8s l&rsquo;arriv\u00e9e au pouvoir du gouvernement travailliste de Sir Keir Starmer en juillet dernier.<\/p>\n<p><img decoding=\"async\" src=\"https:\/\/www.europesays.com\/fr\/wp-content\/uploads\/2025\/08\/a745ede0-7230-11f0-bc20-43cf13aecf45.jpg.webp.webp\"   alt=\"Une vue depuis le dernier \u00e9tage donnant sur la cour int\u00e9rieure de l'auberge Hope Hostel \u00e0 Kigali, qui devait accueillir les migrants en provenance du Royaume-Uni.\" loading=\"lazy\" width=\"984\" height=\"554\" style=\"aspect-ratio:984 \/ 554\" class=\"bbc-139onq\"\/><\/p>\n<p class=\"bbc-nyj3yn\" role=\"text\">Cr\u00e9dit photo, AFP\/Getty Images<\/p>\n<p>L\u00e9gende image, On ne sait pas exactement ce qu&rsquo;il adviendra des installations pr\u00e9par\u00e9es au Rwanda pour accueillir les migrants qui devaient arriver du Royaume-Uni.<\/p>\n<p dir=\"ltr\" class=\"bbc-1y32vyc e17g058b0\">Le Royaume-Uni avait vers\u00e9 240 millions de livres sterling (310 millions de dollars) au Rwanda, allant m\u00eame jusqu&rsquo;\u00e0 construire des logements pour accueillir les demandeurs d&rsquo;asile. On ignore ce qu&rsquo;il est advenu de ces installations.<\/p>\n<p dir=\"ltr\" class=\"bbc-1y32vyc e17g058b0\">L&rsquo;agence de presse Reuters a rapport\u00e9 qu&rsquo;un responsable rwandais anonyme avait d\u00e9clar\u00e9 que les \u00c9tats-Unis accorderaient \u00e0 Kigali une aide financi\u00e8re d&rsquo;un montant non pr\u00e9cis\u00e9 dans le cadre de cet accord, mais cette information n&rsquo;a pas \u00e9t\u00e9 confirm\u00e9e.<\/p>\n<p dir=\"ltr\" class=\"bbc-1y32vyc e17g058b0\">Mme Makolo a d\u00e9clar\u00e9 \u00e0 la BBC que de plus amples d\u00e9tails seraient fournis une fois qu&rsquo;ils auraient \u00e9t\u00e9 finalis\u00e9s.<\/p>\n<p dir=\"ltr\" class=\"bbc-1y32vyc e17g058b0\">Les experts en droits de l&rsquo;homme ont exprim\u00e9 leur inqui\u00e9tude quant au fait que l&rsquo;expulsion vers un pays qui n&rsquo;est pas le pays d&rsquo;origine des migrants, appel\u00e9 \u00ab pays tiers \u00bb, pourrait constituer une violation du droit international.<\/p>\n<p dir=\"ltr\" class=\"bbc-1y32vyc e17g058b0\">Le Rwanda a d\u00e9j\u00e0 \u00e9t\u00e9 critiqu\u00e9 pour son bilan en mati\u00e8re de droits de l&rsquo;homme, notamment en raison du risque que les personnes envoy\u00e9es dans ce pays d&rsquo;Afrique de l&rsquo;Est soient \u00e0 nouveau expuls\u00e9es vers des pays o\u00f9 elles pourraient \u00eatre en danger.<\/p>\n<p dir=\"ltr\" class=\"bbc-1y32vyc e17g058b0\">Mais le gouvernement rwandais affirme qu&rsquo;il peut offrir un lieu s\u00fbr aux migrants.<\/p>\n<p dir=\"ltr\" class=\"bbc-1y32vyc e17g058b0\">Le pays a \u00e9galement \u00e9t\u00e9 critiqu\u00e9 pour son soutien au groupe rebelle M23 impliqu\u00e9 dans le conflit en R\u00e9publique d\u00e9mocratique du Congo voisine, une accusation qu&rsquo;il a ni\u00e9e.<\/p>\n<p dir=\"ltr\" class=\"bbc-1y32vyc e17g058b0\">En juin, un accord de cessez-le-feu a \u00e9t\u00e9 sign\u00e9 \u00e0 Washington par le Rwanda et la RDC dans le cadre d&rsquo;un processus de paix visant \u00e0 mettre fin \u00e0 trois d\u00e9cennies d&rsquo;instabilit\u00e9 dans la r\u00e9gion.<\/p>\n<p dir=\"ltr\" class=\"bbc-1y32vyc e17g058b0\">Reportage suppl\u00e9mentaire de Barbara Plett Usher, de la BBC, \u00e0 Nairobi, et de Bernd Debusmann Jr, \u00e0 la Maison Blanche.<\/p>\n","protected":false},"excerpt":{"rendered":"Cr\u00e9dit photo, Anadolu Agency\/Getty Images L\u00e9gende image, La porte-parole du gouvernement, Yolande Makolo, a d\u00e9clar\u00e9 que le Rwanda&hellip;\n","protected":false},"author":2,"featured_media":300411,"comment_status":"","ping_status":"","sticky":false,"template":"","format":"standard","meta":{"footnotes":""},"categories":[1589],"tags":[11,73,1866,12,1864,1865,1863,308],"class_list":{"0":"post-300410","1":"post","2":"type-post","3":"status-publish","4":"format-standard","5":"has-post-thumbnail","7":"category-etats-unis","8":"tag-actualites","9":"tag-etats-unis","10":"tag-etats-unis-damerique","11":"tag-news","12":"tag-united-states","13":"tag-united-states-of-america","14":"tag-us","15":"tag-usa"},"share_on_mastodon":{"url":"https:\/\/pubeurope.com\/@fr\/114981938715166506","error":""},"_links":{"self":[{"href":"https:\/\/www.europesays.com\/fr\/wp-json\/wp\/v2\/posts\/300410","targetHints":{"allow":["GET"]}}],"collection":[{"href":"https:\/\/www.europesays.com\/fr\/wp-json\/wp\/v2\/posts"}],"about":[{"href":"https:\/\/www.europesays.com\/fr\/wp-json\/wp\/v2\/types\/post"}],"author":[{"embeddable":true,"href":"https:\/\/www.europesays.com\/fr\/wp-json\/wp\/v2\/users\/2"}],"replies":[{"embeddable":true,"href":"https:\/\/www.europesays.com\/fr\/wp-json\/wp\/v2\/comments?post=300410"}],"version-history":[{"count":0,"href":"https:\/\/www.europesays.com\/fr\/wp-json\/wp\/v2\/posts\/300410\/revisions"}],"wp:featuredmedia":[{"embeddable":true,"href":"https:\/\/www.europesays.com\/fr\/wp-json\/wp\/v2\/media\/300411"}],"wp:attachment":[{"href":"https:\/\/www.europesays.com\/fr\/wp-json\/wp\/v2\/media?parent=300410"}],"wp:term":[{"taxonomy":"category","embeddable":true,"href":"https:\/\/www.europesays.com\/fr\/wp-json\/wp\/v2\/categories?post=300410"},{"taxonomy":"post_tag","embeddable":true,"href":"https:\/\/www.europesays.com\/fr\/wp-json\/wp\/v2\/tags?post=300410"}],"curies":[{"name":"wp","href":"https:\/\/api.w.org\/{rel}","templated":true}]}}