{"id":300414,"date":"2025-08-06T12:59:12","date_gmt":"2025-08-06T12:59:12","guid":{"rendered":"https:\/\/www.europesays.com\/fr\/300414\/"},"modified":"2025-08-06T12:59:12","modified_gmt":"2025-08-06T12:59:12","slug":"wout-van-aert-reprendra-au-tour-dallemagne-degenkolb-de-retour","status":"publish","type":"post","link":"https:\/\/www.europesays.com\/fr\/300414\/","title":{"rendered":"Wout van Aert reprendra au Tour d&rsquo;Allemagne, Degenkolb de retour"},"content":{"rendered":"<p>Visma-Lease a bike comptera aussi sur le Britannique <strong>Matthew Brennan<\/strong>, qui f\u00eate ses 20 ans mercredi. Vainqueur de deux \u00e9tapes et maillot vert du Tour de France, l&rsquo;Italien <strong>Jonathan Milan<\/strong> (Lidl-Trek) avait remport\u00e9 le classement par points de ce Tour d&rsquo;Allemagne l&rsquo;an dernier gr\u00e2ce notamment \u00e0 trois victoires d&rsquo;\u00e9tape. Parmi les coureurs annonc\u00e9s \u00e9galement figurent l&rsquo;Australien <strong>Kaden Groves<\/strong> (Alpecin-Deceuninck), l&rsquo;Allemand <strong>Nils Politt<\/strong> et le Britannique <strong>Adam Yates<\/strong> (UAE Emirates-XRG), deux anciens vainqueur,<strong> Jordi Meeus<\/strong> et le N\u00e9erlandais <strong>Danny van Poppel<\/strong> (Red Bull-BORA-hansgrohe), les Norv\u00e9giens <strong>Tobias Halland Johannessen<\/strong>, 6e du Tour de France, et <strong>Alexander Kristoff<\/strong>.\u00a0<\/p>\n<p><strong>Georg Zimmermann<\/strong> (Intermarch\u00e9-Wanty), <strong>Phil Bauhaus<\/strong> (Bahrain Victorious) et <strong>Pascal Ackermann<\/strong> (Israel-Premier Tech) ainsi que <strong>John Degenkolb <\/strong>(Picnic PostNL), de retour apr\u00e8s plus de quatre mois d&rsquo;absence pour blessure lors du Tour des Flandres, sillonneront les routes de leur pays.<\/p>\n<p>Ce Tour d&rsquo;Allemagne d\u00e9butera par un prologue \u00e0 Essen avant quatre \u00e9tapes, dont une \u00e0 travers la Westphalie orientale et le Sauerland et une arriv\u00e9e jug\u00e9e dimanche 24 ao\u00fbt par une \u00e9tape de 163,7 kilom\u00e8tres entre Halle et Magdebourg. Le Danois <strong>Mads Pedersen<\/strong> l&rsquo;avait emport\u00e9 l&rsquo;an dernier et <strong>Ilan Van Wilder <\/strong>avait gagn\u00e9 l&rsquo;\u00e9dition 2023.<\/p>\n","protected":false},"excerpt":{"rendered":"Visma-Lease a bike comptera aussi sur le Britannique Matthew Brennan, qui f\u00eate ses 20 ans mercredi. Vainqueur de&hellip;\n","protected":false},"author":2,"featured_media":300415,"comment_status":"","ping_status":"","sticky":false,"template":"","format":"standard","meta":{"footnotes":""},"categories":[1587],"tags":[11,672,1804,1805,1803,1777,674,1801,12,1802],"class_list":{"0":"post-300414","1":"post","2":"type-post","3":"status-publish","4":"format-standard","5":"has-post-thumbnail","7":"category-allemagne","8":"tag-actualites","9":"tag-allemagne","10":"tag-bundesrepublik-deutschland","11":"tag-de","12":"tag-deutschland","13":"tag-eu","14":"tag-europe","15":"tag-germany","16":"tag-news","17":"tag-republique-federale-dallemagne"},"share_on_mastodon":{"url":"https:\/\/pubeurope.com\/@fr\/114981946356152144","error":""},"_links":{"self":[{"href":"https:\/\/www.europesays.com\/fr\/wp-json\/wp\/v2\/posts\/300414","targetHints":{"allow":["GET"]}}],"collection":[{"href":"https:\/\/www.europesays.com\/fr\/wp-json\/wp\/v2\/posts"}],"about":[{"href":"https:\/\/www.europesays.com\/fr\/wp-json\/wp\/v2\/types\/post"}],"author":[{"embeddable":true,"href":"https:\/\/www.europesays.com\/fr\/wp-json\/wp\/v2\/users\/2"}],"replies":[{"embeddable":true,"href":"https:\/\/www.europesays.com\/fr\/wp-json\/wp\/v2\/comments?post=300414"}],"version-history":[{"count":0,"href":"https:\/\/www.europesays.com\/fr\/wp-json\/wp\/v2\/posts\/300414\/revisions"}],"wp:featuredmedia":[{"embeddable":true,"href":"https:\/\/www.europesays.com\/fr\/wp-json\/wp\/v2\/media\/300415"}],"wp:attachment":[{"href":"https:\/\/www.europesays.com\/fr\/wp-json\/wp\/v2\/media?parent=300414"}],"wp:term":[{"taxonomy":"category","embeddable":true,"href":"https:\/\/www.europesays.com\/fr\/wp-json\/wp\/v2\/categories?post=300414"},{"taxonomy":"post_tag","embeddable":true,"href":"https:\/\/www.europesays.com\/fr\/wp-json\/wp\/v2\/tags?post=300414"}],"curies":[{"name":"wp","href":"https:\/\/api.w.org\/{rel}","templated":true}]}}