{"id":300416,"date":"2025-08-06T13:00:18","date_gmt":"2025-08-06T13:00:18","guid":{"rendered":"https:\/\/www.europesays.com\/fr\/300416\/"},"modified":"2025-08-06T13:00:18","modified_gmt":"2025-08-06T13:00:18","slug":"du-vert-attendu-en-europe-mais-beaucoup-de-publications-dentreprises-en-europe-et-aux-etats-unis-06-08-2025-a-0813","status":"publish","type":"post","link":"https:\/\/www.europesays.com\/fr\/300416\/","title":{"rendered":"Du vert attendu en Europe, mais beaucoup de publications d&rsquo;entreprises en Europe et aux \u00c9tats-Unis &#8211; 06\/08\/2025 \u00e0 08:13"},"content":{"rendered":"<p>\n (AOF) &#8211; Malgr\u00e9 l\u2019approche de l\u2019entr\u00e9e en vigueur d\u2019une hausse des droits de douane pour de nombreux pays le 7 ao\u00fbt, les places europ\u00e9ennes sont attendues dans le vert \u00e0 l\u2019ouverture. Les investisseurs ont de nombreuses publications d\u2019entreprises \u00e0 dig\u00e9rer en Europe et aux \u00c9tats-Unis. Tous ces \u00e9l\u00e9ments devraient toutefois inciter les intervenants \u00e0 ne pas prendre trop de risque. Au niveau de la macro-\u00e9conomie, les investisseurs se contenteront des ventes au d\u00e9tail de juin dans la zone euro. Selon les futurs sur indice, le CAC 40 devrait d\u00e9buter la journ\u00e9e sur un gain de 0,60 %.\n<\/p>\n<p>\n <strong><br \/>\n  Les valeurs \u00e0 suivre aujourd&rsquo;hui<br \/>\n <\/strong>\n<\/p>\n<p>\n <strong><br \/>\n  Ipsen<br \/>\n <\/strong>\n<\/p>\n<p>\n Entre le 28 juillet et le 1er ao\u00fbt, Ipsen a proc\u00e9d\u00e9 au rachat 33 562 titres au prix pond\u00e9r\u00e9 moyen journalier d&rsquo;acquisition de 107,5018. Au total, sur ces cinq jours le laboratoire pharmaceutique a d\u00e9pens\u00e9 pr\u00e8s de 3,608 millions d&rsquo;euros\n<\/p>\n<p>\n <strong><br \/>\n  Qwamplify<br \/>\n <\/strong>\n<\/p>\n<p>\n Qwamplify a d\u00e9voil\u00e9 des comptes en baisse au deuxi\u00e8me trimestre malgr\u00e9 une am\u00e9lioration de la tendance. Sur la p\u00e9riode, le chiffre d&rsquo;affaires consolid\u00e9 a recul\u00e9 de 7,1 %, \u00e0 6,9 millions d&rsquo;euros, apr\u00e8s une chute de 20 % sur les trois premiers mois de l&rsquo;ann\u00e9e. Parall\u00e8lement, la marge brute consolid\u00e9e s&rsquo;est repli\u00e9e de 11,4 %, \u00e0 4,8 millions d&rsquo;euros. Sur l&rsquo;ensemble du premier semestre, les revenus consolid\u00e9s sont en baisse de 14,4 %, \u00e0 14,2 millions d&rsquo;euros, et la marge brute consolid\u00e9e a diminu\u00e9 de 13,5 %, \u00e0 10,2 millions d&rsquo;euros.\n<\/p>\n<p>\n <strong><br \/>\n  Sanofi<br \/>\n <\/strong>\n<\/p>\n<p>\n Sanofi a annonc\u00e9 la finalisation de l&rsquo;acquisition de Vigil Neuroscience. Cette op\u00e9ration va permettre au laboratoire fran\u00e7ais de se renforcer en neurologie avec le VG-3927, un candidat-m\u00e9dicament qui sera \u00e9valu\u00e9 dans une \u00e9tude clinique de phase 2 chez des patients atteints de la maladie d&rsquo;Alzheimer. Dans le d\u00e9tail, le laboratoire pharmaceutique fran\u00e7ais a acquis toutes les actions ordinaires en circulation de Vigil pour 8 dollars par action en esp\u00e8ces \u00e0 la cl\u00f4ture de la transaction, ce qui repr\u00e9sente une valeur nette d&rsquo;environ 470 millions de dollars (sur une base enti\u00e8rement dilu\u00e9e).\n<\/p>\n<p>\n <strong><br \/>\n  Wendel<br \/>\n <\/strong>\n<\/p>\n<p>\n Wendel a annonc\u00e9 la r\u00e9ussite d&rsquo;une \u00e9mission obligataire de 500 millions d&rsquo;euros \u00e0 \u00e9ch\u00e9ance ao\u00fbt 2033 avec un coupon de 3,75%. Cette op\u00e9ration a \u00e9t\u00e9 sursouscrite 5,2 fois a annonc\u00e9 la soci\u00e9t\u00e9 d&rsquo;investissement. Le produit net de l&rsquo;\u00e9mission servira au financement de l&rsquo;exercice de l&rsquo;option de remboursement anticip\u00e9 sur l&rsquo;int\u00e9gralit\u00e9 de la souche obligataire portant int\u00e9r\u00eat au taux de 2,50 % venant \u00e0 \u00e9ch\u00e9ance en f\u00e9vrier 2027, dont le montant nominal en circulation est de 500 millions d&rsquo;euros. L&rsquo;op\u00e9ration permettra \u00e0 Wendel d&rsquo;\u00e9tendre la maturit\u00e9 de sa dette obligataire.\n<\/p>\n<p>\n <strong><br \/>\n  Les chiffres macro\u00e9conomiques<br \/>\n <\/strong>\n<\/p>\n<p>\n Les investisseurs prendront connaissance \u00e0 11h des ventes au d\u00e9tail dans la zone euro.\n<\/p>\n<p>\n \u00c0 16h30, ils se concentreront sur les stocks hebdomadaires de p\u00e9trole aux \u00c9tats-Unis.\n<\/p>\n<p>\n <strong><br \/>\n  Hier \u00e0 Paris<br \/>\n <\/strong>\n<\/p>\n<p>\n En hausse en cours de s\u00e9ance, les march\u00e9s europ\u00e9ens ont cl\u00f4tur\u00e9 en ordre dispers\u00e9 apr\u00e8s la publication des indices PMI. Lors d&rsquo;une interview \u00e0 CNBC, Donald Trump a affirm\u00e9 que les \u00c9tats-Unis et la Chine sont proches d&rsquo;un accord commercial. Le pr\u00e9sident am\u00e9ricain est pr\u00eat \u00e0 rencontrer Xi Jinping, chef de l&rsquo;\u00c9tat chinois avant fin 2025, si un pacte \u00e9tait conclu. C\u00f4t\u00e9 valeurs, Eutelsat a fini en t\u00eate de l&rsquo;indice SBF 120 apr\u00e8s avoir publi\u00e9 des r\u00e9sultats annuels en ligne avec ses objectifs. Le CAC 40 a perdu 0,14% \u00e0 7621 points tandis que l&rsquo;Eurostoxx 50 a progress\u00e9 de 0,18% \u00e0 5252 points.\n<\/p>\n<p>\n <strong><br \/>\n  Hier \u00e0 Wall Street<br \/>\n <\/strong>\n<\/p>\n<p>\n Les places am\u00e9ricaines ont termin\u00e9 la s\u00e9ance de mardi dans le rouge. Les grands indices new-yorkais ont \u00e9t\u00e9 p\u00e9nalis\u00e9s par Donald Trump, qui \u00e9tait sur tous les fronts avec ses d\u00e9clarations sur les nominations au sein de la Fed, les droits de douane sur les produits pharmaceutiques, ainsi que sur les n\u00e9gociations commerciales avec la Chine. En outre, l\u2019indice PMI non manufacturier de l\u2019ISM a r\u00e9v\u00e9l\u00e9 hier un net ralentissement de l\u2019activit\u00e9, proche de la contraction outre-Atlantique en juillet. Dans ces conditions, le Dow Jones a c\u00e9d\u00e9 0,14 %, le Nasdaq -0,65 % et le S&amp;P 500 a perdu 0,49 %.<\/p>\n","protected":false},"excerpt":{"rendered":"(AOF) &#8211; Malgr\u00e9 l\u2019approche de l\u2019entr\u00e9e en vigueur d\u2019une hausse des droits de douane pour de nombreux pays&hellip;\n","protected":false},"author":2,"featured_media":8061,"comment_status":"","ping_status":"","sticky":false,"template":"","format":"standard","meta":{"footnotes":""},"categories":[1586],"tags":[400,11,398,408,405,1777,674,1011,27,403,402,399,404,12,25,401,406,407],"class_list":{"0":"post-300416","1":"post","2":"type-post","3":"status-publish","4":"format-standard","5":"has-post-thumbnail","7":"category-europe","8":"tag-action-cac-40","9":"tag-actualites","10":"tag-bourse-de-paris","11":"tag-boursorama","12":"tag-cotations","13":"tag-eu","14":"tag-europe","15":"tag-fr","16":"tag-france","17":"tag-indices-devises","18":"tag-investir","19":"tag-investissement","20":"tag-marche-boursier","21":"tag-news","22":"tag-republique-francaise","23":"tag-sicav","24":"tag-trackers","25":"tag-warrants"},"share_on_mastodon":{"url":"https:\/\/pubeurope.com\/@fr\/114981950163293752","error":""},"_links":{"self":[{"href":"https:\/\/www.europesays.com\/fr\/wp-json\/wp\/v2\/posts\/300416","targetHints":{"allow":["GET"]}}],"collection":[{"href":"https:\/\/www.europesays.com\/fr\/wp-json\/wp\/v2\/posts"}],"about":[{"href":"https:\/\/www.europesays.com\/fr\/wp-json\/wp\/v2\/types\/post"}],"author":[{"embeddable":true,"href":"https:\/\/www.europesays.com\/fr\/wp-json\/wp\/v2\/users\/2"}],"replies":[{"embeddable":true,"href":"https:\/\/www.europesays.com\/fr\/wp-json\/wp\/v2\/comments?post=300416"}],"version-history":[{"count":0,"href":"https:\/\/www.europesays.com\/fr\/wp-json\/wp\/v2\/posts\/300416\/revisions"}],"wp:featuredmedia":[{"embeddable":true,"href":"https:\/\/www.europesays.com\/fr\/wp-json\/wp\/v2\/media\/8061"}],"wp:attachment":[{"href":"https:\/\/www.europesays.com\/fr\/wp-json\/wp\/v2\/media?parent=300416"}],"wp:term":[{"taxonomy":"category","embeddable":true,"href":"https:\/\/www.europesays.com\/fr\/wp-json\/wp\/v2\/categories?post=300416"},{"taxonomy":"post_tag","embeddable":true,"href":"https:\/\/www.europesays.com\/fr\/wp-json\/wp\/v2\/tags?post=300416"}],"curies":[{"name":"wp","href":"https:\/\/api.w.org\/{rel}","templated":true}]}}