{"id":300429,"date":"2025-08-06T13:08:11","date_gmt":"2025-08-06T13:08:11","guid":{"rendered":"https:\/\/www.europesays.com\/fr\/300429\/"},"modified":"2025-08-06T13:08:11","modified_gmt":"2025-08-06T13:08:11","slug":"wta-cincinnati-aryna-sabalenka-na-vraiment-pas-de-chance","status":"publish","type":"post","link":"https:\/\/www.europesays.com\/fr\/300429\/","title":{"rendered":"WTA &#8211; Cincinnati > Aryna Sabalenka n&rsquo;a vraiment pas de chance"},"content":{"rendered":"<p>Si le statut de t\u00eate de s\u00e9rie num\u00e9ro 1 vous octroie norma\u00adle\u00adment une certaine protec\u00adtion lors des diff\u00e9\u00adrents tirages au sort, ce n\u2019est cepen\u00addant pas toujours le\u00a0cas.\u00a0<\/p>\n<p>C\u2019est notam\u00adment ce que vient de vivre Aryna Sabalenka apr\u00e8s la sortie du tableau du WTA 1000 de Cincinnati (du 7 au 18 ao\u00fbt). La num\u00e9ro 1 mondiale a en effet h\u00e9rit\u00e9 d\u2019un parcours tr\u00e8s relev\u00e9 avec des poten\u00adtielles adver\u00adsaires comme Vondrousova, Raducanu, Fernandez, Rybakina, Keys ou encore Mertens. Et tout cela avant m\u00eame les demi\u2010finales.\u00a0<\/p>\n<p>Le parcours th\u00e9o\u00adrique d\u2019Aryna Sabalenka sur le WTA 1000 de Cincinnati\u00a0:<\/p>\n<p><img fetchpriority=\"high\" decoding=\"async\" width=\"1024\" height=\"641\" src=\"https:\/\/www.europesays.com\/fr\/wp-content\/uploads\/2025\/08\/Capture-decran-2025-08-06-a-12.38.00-1024x641.png\" alt=\"\" class=\"wp-image-564417 lazy\" style=\"width:553px;height:auto\"  data-\/><\/p>\n<p>Un vrai parcours du combattant.\u00a0<\/p>\n<p class=\"post-published-date\" style=\"color: silver; font-size: 75%; text-align: left;\">Publi\u00e9 le mercredi 6 ao\u00fbt 2025 \u00e0 13:43<\/p>\n","protected":false},"excerpt":{"rendered":"Si le statut de t\u00eate de s\u00e9rie num\u00e9ro 1 vous octroie norma\u00adle\u00adment une certaine protec\u00adtion lors des diff\u00e9\u00adrents&hellip;\n","protected":false},"author":2,"featured_media":300430,"comment_status":"","ping_status":"","sticky":false,"template":"","format":"standard","meta":{"footnotes":""},"categories":[1415],"tags":[7615,6903,1011,27,44077,60,1467],"class_list":{"0":"post-300429","1":"post","2":"type-post","3":"status-publish","4":"format-standard","5":"has-post-thumbnail","7":"category-tennis","8":"tag-aryna-sabalenka","9":"tag-elena-rybakina","10":"tag-fr","11":"tag-france","12":"tag-keys","13":"tag-sports","14":"tag-tennis"},"share_on_mastodon":{"url":"https:\/\/pubeurope.com\/@fr\/114981981583091683","error":""},"_links":{"self":[{"href":"https:\/\/www.europesays.com\/fr\/wp-json\/wp\/v2\/posts\/300429","targetHints":{"allow":["GET"]}}],"collection":[{"href":"https:\/\/www.europesays.com\/fr\/wp-json\/wp\/v2\/posts"}],"about":[{"href":"https:\/\/www.europesays.com\/fr\/wp-json\/wp\/v2\/types\/post"}],"author":[{"embeddable":true,"href":"https:\/\/www.europesays.com\/fr\/wp-json\/wp\/v2\/users\/2"}],"replies":[{"embeddable":true,"href":"https:\/\/www.europesays.com\/fr\/wp-json\/wp\/v2\/comments?post=300429"}],"version-history":[{"count":0,"href":"https:\/\/www.europesays.com\/fr\/wp-json\/wp\/v2\/posts\/300429\/revisions"}],"wp:featuredmedia":[{"embeddable":true,"href":"https:\/\/www.europesays.com\/fr\/wp-json\/wp\/v2\/media\/300430"}],"wp:attachment":[{"href":"https:\/\/www.europesays.com\/fr\/wp-json\/wp\/v2\/media?parent=300429"}],"wp:term":[{"taxonomy":"category","embeddable":true,"href":"https:\/\/www.europesays.com\/fr\/wp-json\/wp\/v2\/categories?post=300429"},{"taxonomy":"post_tag","embeddable":true,"href":"https:\/\/www.europesays.com\/fr\/wp-json\/wp\/v2\/tags?post=300429"}],"curies":[{"name":"wp","href":"https:\/\/api.w.org\/{rel}","templated":true}]}}