{"id":300432,"date":"2025-08-06T13:10:12","date_gmt":"2025-08-06T13:10:12","guid":{"rendered":"https:\/\/www.europesays.com\/fr\/300432\/"},"modified":"2025-08-06T13:10:12","modified_gmt":"2025-08-06T13:10:12","slug":"les-pilotes-ktm-gardent-espoir-apres-le-debut-de-saison-le-plus-difficile","status":"publish","type":"post","link":"https:\/\/www.europesays.com\/fr\/300432\/","title":{"rendered":"Les pilotes KTM gardent espoir apr\u00e8s \u00ab le d\u00e9but de saison le plus difficile \u00bb"},"content":{"rendered":"<p class=\"my-0\">\u00c0 la mi-saison, l\u2019heure est au bilan chez KTM. Si l\u2019hiver laissait esp\u00e9rer une mont\u00e9e en puissance, la premi\u00e8re partie d\u2019ann\u00e9e a \u00e9t\u00e9 rythm\u00e9e par les d\u00e9fis. En plus des difficult\u00e9s financi\u00e8res du groupe autrichien depuis l\u2019hiver dernier, les choses ne se sont pas bien d\u00e9roul\u00e9es en piste.<\/p>\n<p class=\"my-0\">Pourtant, la toute fin des douze premiers actes, Pedro Acosta a offert aux hommes en orange leur premier podium de la saison, d\u00e9croch\u00e9 en Tch\u00e9quie. Une lueur d\u2019espoir qui \u00e9claire les semaines \u00e0 venir et qui nourrit la confiance de ses pairs pour la fin de campagne, apr\u00e8s une premi\u00e8re moiti\u00e9 de championnat \u00e9prouvante pour tous.<\/p>\n<p class=\"my-0\">Apr\u00e8s avoir ralli\u00e9 l\u2019arriv\u00e9e \u00e0 Brno, Pedro Acosta a donc pos\u00e9 les mots d\u2019un espoir collectif : \u00ab On vient de loin, et on doit continuer \u00e0 aller de l\u2019avant. La moto va s\u2019am\u00e9liorer, c\u2019est une question de temps. D\u00e9sormais, on a obtenu un bon r\u00e9sultat pour nous, pour le team, pour l\u2019usine et tous ceux que cela implique. Il faut maintenant recharger les batteries pour la prochaine course au <a href=\"https:\/\/www.autohebdo.fr\/actualites\/ecurie\/red-bull-racing\" data-internallinksmanager029f6b8e52c=\"78\" title=\"Ecurie F1 Red Bull Racing\" rel=\"nofollow noopener\" target=\"_blank\">Red Bull<\/a> Ring, ce sera un super circuit \u00bb, souffle le pilote de Mazarron sur <a href=\"https:\/\/www.motogp.com\/fr\/videos\/2025\/08\/01\/ktm-le-bilan-a-mi-saison\/755435?playlistId=17859\" rel=\"nofollow noopener\" target=\"_blank\">MotoGP.com<\/a>.<\/p>\n<p class=\"my-0\">Dans le m\u00eame box, Brad Binder n\u2019a pas v\u00e9cu la mi-saison de ses r\u00eaves. Chutes et abandons se sont accumul\u00e9s en ce d\u00e9but d\u2019ann\u00e9e, mais le Sud-Africain ne baisse pas les bras, et pr\u00e9f\u00e8re retenir les progr\u00e8s r\u00e9cents : \u00ab Je n\u2019ai pas termin\u00e9 beaucoup de courses\u2026 J\u2019en ai commenc\u00e9 pas mal, mais je n\u2019en ai pas termin\u00e9 beaucoup. C\u2019est comme \u00e7a. C\u2019\u00e9tait s\u00fbrement la premi\u00e8re partie de saison la plus difficile de ma vie. Mais il y a quelques courses d\u00e9j\u00e0, on a commenc\u00e9 \u00e0 aller vers du meilleur. Donc il faut garder ce momentum, continuer \u00e0 se battre, c\u2019est une question de temps. \u00bb<\/p>\n<p><a href=\"https:\/\/www.europesays.com\/fr\/wp-content\/uploads\/2025\/08\/54667289749_4409557dfe_c.jpg\" data-lbwps-width=\"799\" data-lbwps-height=\"533\" data-lbwps-srcsmall=\"https:\/\/www.autohebdo.fr\/app\/uploads\/2025\/08\/54667289749_4409557dfe_c-300x200.jpg\"><img fetchpriority=\"high\" decoding=\"async\" aria-describedby=\"caption-attachment-626209\" class=\"wp-image-626209\" src=\"https:\/\/www.europesays.com\/fr\/wp-content\/uploads\/2025\/08\/54667289749_4409557dfe_c.jpg\" alt=\"\" width=\"665\" height=\"444\"  \/><\/a><\/p>\n<p id=\"caption-attachment-626209\" class=\"wp-caption-text\">\u00a9 Michelin Motorsports<\/p>\n<p>Regards crois\u00e9s chez Tech3<\/p>\n<p class=\"my-0\">Pour Enea Bastianini, l\u2019apprentissage chez KTM ne fut pas une t\u00e2che facile. Arriv\u00e9 de chez Ducati, l\u2019Italien est probablement le pilote du giron KTM qui a connu l\u2019adaptation la plus compliqu\u00e9e. Son podium en Sprint lors du Grand Prix de Tch\u00e9quie a toutefois de quoi lui redonner le sourire. Il s\u2019agissait de sa premi\u00e8re apparition dans le top-5 cette saison. Lui qui les collectionnait encore l\u2019an dernier, sous la banni\u00e8re de Borgo Panigale.<\/p>\n<p class=\"my-0\">\u00ab C\u2019\u00e9tait tr\u00e8s difficile comme premi\u00e8re partie de saison, confie le Transalpin. De mon c\u00f4t\u00e9, je dois regarder aux r\u00e9glages, savoir ce dont j\u2019ai besoin. Je commence \u00e0 comprendre la moto et ce qu\u2019elle demande. Je pense que ce sont des enseignements pour le futur. En Autriche, on aura d\u00e9j\u00e0 quelque chose de nouveau \u00e0 essayer, parce que l\u2019usine travaille beaucoup en coulisses. \u00bb<\/p>\n<p class=\"my-0\">Au moment o\u00f9 ses \u00e9quipiers furent interrog\u00e9s, Maverick Vi\u00f1ales manquait paradoxalement \u00e0 l\u2019appel. Forfait depuis sa chute et sa blessure \u00e0 l\u2019\u00e9paule gauche en Allemagne, l\u2019Espagnol n\u2019\u00e9tait pas pr\u00e9sent \u00e0 Brno pour dresser le bilan de ses 12 premi\u00e8res courses. Pourtant, dans le giron KTM, il est le pilote qui peut se montrer le plus satisfait de la premi\u00e8re partie de saison.<\/p>\n<p class=\"my-0\">Deuxi\u00e8me au Qatar avant d\u2019\u00eatre lourdement p\u00e9nalis\u00e9, il a d\u00e9j\u00e0 cumul\u00e9 plusieurs r\u00e9sultats solides dans le top-5, et impressionn\u00e9 par sa vitesse en qualifications. Son adaptation \u00e0 sa nouvelle \u00e9quipe se veut rapide, et sa pr\u00e9sence en Tch\u00e9quie, o\u00f9 toutes les KTM ont perfor\u00e9, aurait \u00e9t\u00e9 int\u00e9ressante \u00e0 surveiller. Le n\u00b012 devrait toutefois revenir en piste pour la reprise de la saison. Manche \u00e0 domicile de KTM, au Red Bull Ring, en Autriche.<\/p>\n<p class=\"my-0\">La seconde partie de championnat se profile alors sous le signe du progr\u00e8s. KTM esp\u00e8re renouer plus fr\u00e9quemment avec le podium et valider les efforts fournis par ses hommes avant la mi-saison.<\/p>\n<p><strong>\u00c0 LIRE AUSSI &gt;\u00a0<a href=\"https:\/\/www.autohebdo.fr\/actualites\/motogp\/motogp-mir-marini-zarco-bilan-honda.html\" rel=\"nofollow noopener\" target=\"_blank\">Zarco et Mir r\u00e9clament \u00ab quelque chose en plus \u00bb \u00e0 Honda pour la fin de saison<\/a><\/strong><\/p>\n","protected":false},"excerpt":{"rendered":"\u00c0 la mi-saison, l\u2019heure est au bilan chez KTM. Si l\u2019hiver laissait esp\u00e9rer une mont\u00e9e en puissance, la&hellip;\n","protected":false},"author":2,"featured_media":300309,"comment_status":"","ping_status":"","sticky":false,"template":"","format":"standard","meta":{"footnotes":""},"categories":[1413],"tags":[1011,27,1457,1456,60],"class_list":{"0":"post-300432","1":"post","2":"type-post","3":"status-publish","4":"format-standard","5":"has-post-thumbnail","7":"category-moto","8":"tag-fr","9":"tag-france","10":"tag-moto","11":"tag-motocycle","12":"tag-sports"},"share_on_mastodon":{"url":"https:\/\/pubeurope.com\/@fr\/114981989547190819","error":""},"_links":{"self":[{"href":"https:\/\/www.europesays.com\/fr\/wp-json\/wp\/v2\/posts\/300432","targetHints":{"allow":["GET"]}}],"collection":[{"href":"https:\/\/www.europesays.com\/fr\/wp-json\/wp\/v2\/posts"}],"about":[{"href":"https:\/\/www.europesays.com\/fr\/wp-json\/wp\/v2\/types\/post"}],"author":[{"embeddable":true,"href":"https:\/\/www.europesays.com\/fr\/wp-json\/wp\/v2\/users\/2"}],"replies":[{"embeddable":true,"href":"https:\/\/www.europesays.com\/fr\/wp-json\/wp\/v2\/comments?post=300432"}],"version-history":[{"count":0,"href":"https:\/\/www.europesays.com\/fr\/wp-json\/wp\/v2\/posts\/300432\/revisions"}],"wp:featuredmedia":[{"embeddable":true,"href":"https:\/\/www.europesays.com\/fr\/wp-json\/wp\/v2\/media\/300309"}],"wp:attachment":[{"href":"https:\/\/www.europesays.com\/fr\/wp-json\/wp\/v2\/media?parent=300432"}],"wp:term":[{"taxonomy":"category","embeddable":true,"href":"https:\/\/www.europesays.com\/fr\/wp-json\/wp\/v2\/categories?post=300432"},{"taxonomy":"post_tag","embeddable":true,"href":"https:\/\/www.europesays.com\/fr\/wp-json\/wp\/v2\/tags?post=300432"}],"curies":[{"name":"wp","href":"https:\/\/api.w.org\/{rel}","templated":true}]}}