{"id":300433,"date":"2025-08-06T13:11:13","date_gmt":"2025-08-06T13:11:13","guid":{"rendered":"https:\/\/www.europesays.com\/fr\/300433\/"},"modified":"2025-08-06T13:11:13","modified_gmt":"2025-08-06T13:11:13","slug":"un-gp-de-hongrie-a-oublier-pour-ocon-resume-dune-demi-saison-inconstante","status":"publish","type":"post","link":"https:\/\/www.europesays.com\/fr\/300433\/","title":{"rendered":"Un GP de Hongrie \u00ab\u00a0\u00e0 oublier\u00a0\u00bb pour Ocon, r\u00e9sum\u00e9 d&rsquo;une demi-saison inconstante"},"content":{"rendered":"<p>Si l&rsquo;on veut r\u00e9sumer la premi\u00e8re partie de saison d&rsquo;<a href=\"https:\/\/fr.motorsport.com\/driver\/esteban-ocon\/95096\/\" target=\"_blank\" rel=\"noopener\">Esteban Ocon<\/a> et de <a href=\"https:\/\/fr.motorsport.com\/team\/haas\/1949\/\" target=\"_blank\" rel=\"noopener\">Haas<\/a>, \u00ab\u00a0inconstant\u00a0\u00bb para\u00eet \u00eatre l&rsquo;adjectif le plus appropri\u00e9. Lors des six premiers mois de 2025, le duo a eu quelques coups d&rsquo;\u00e9clats remarquables. Tout aussi remarquable que leur baisse de performances soudaine d&rsquo;une semaine \u00e0 l&rsquo;autre.<\/p>\n<p>Ces derni\u00e8res courses en sont la preuve parfaite : apr\u00e8s deux entr\u00e9es dans les points cons\u00e9cutives au Canada et en Autriche, le pilote normand n&rsquo;a depuis pas fait mieux qu&rsquo;une 13e place \u00e0 Silverstone. Le Grand Prix de Hongrie, ultime \u00e9preuve avant la pause estivale, a \u00e9t\u00e9 le dernier coup port\u00e9 \u00e0 cette fin d\u00e9cevante de la premi\u00e8re moiti\u00e9 de saison du Fran\u00e7ais.<\/p>\n<p>\u00c9limin\u00e9 d\u00e8s la Q1 avec une 18e place sur la grille en poche, Ocon n&rsquo;a pu faire mieux qu&rsquo;une 16e place le dimanche, surclass\u00e9 de deux positions par l&rsquo;abandon de son co\u00e9quipier <a href=\"https:\/\/fr.motorsport.com\/driver\/oliver-bearman\/878515\/\" target=\"_blank\" rel=\"noopener\">Oliver Bearman<\/a> et par la p\u00e9nalit\u00e9 de <a href=\"https:\/\/fr.motorsport.com\/driver\/pierre-gasly\/95098\/\" target=\"_blank\" rel=\"noopener\">Pierre Gasly<\/a>. S&rsquo;\u00e9tant arr\u00eat\u00e9 au 14e tour seulement, le pilote a tent\u00e9 de faire fonctionner une strat\u00e9gie \u00e0 un arr\u00eat pour remonter dans le peloton, en vain, terminant sa course sur des pneus durs vieux de 55 tours.\u00a0<\/p>\n<p>\u00ab\u00a0Les dix ou 15 derniers tours ont \u00e9t\u00e9 difficiles\u00a0\u00bb, a-t-il d\u00e9clar\u00e9 aux m\u00e9dias \u00e0 la suite de l&rsquo;\u00e9preuve. \u00ab\u00a0Malheureusement, on n&rsquo;avait pas le rythme pour garder les autres voitures derri\u00e8re. D&rsquo;Isack [Hadjar] \u00e0 toutes les voitures qui m&rsquo;ont ensuite d\u00e9pass\u00e9, on manquait de vitesse, notamment dans le dernier virage, pour les contenir. Donc une course compliqu\u00e9e, \u00e0 oublier. On va profiter des vacances pour tout revoir, notamment comment am\u00e9liorer les qualifications, la derni\u00e8re en particulier. On a quelques id\u00e9es ou des points assez clairs \u00e0 ce sujet. Il va falloir faire mieux l\u00e0-dessus.\u00a0\u00bb<\/p>\n<p>\u00ab\u00a0Je pense qu&rsquo;aucune strat\u00e9gie n&rsquo;aurait vraiment fonctionn\u00e9\u00a0\u00bb, a ajout\u00e9 Esteban Ocon \u00e0 chaud. \u00ab\u00a0C&rsquo;\u00e9tait p\u00e9nible \u00e0 la fin, j&rsquo;\u00e9tais plus en mode d\u00e9fense qu&rsquo;en attaque, et c&rsquo;\u00e9tait frustrant dans la voiture. Je viens juste d&rsquo;en sortir, donc je ne sais pas encore s&rsquo;il y avait une autre strat\u00e9gie possible. Mais de mon point de vue, je ne pense pas que quoi que ce soit aurait chang\u00e9 le classement.\u00a0\u00bb<\/p>\n<p>Une premi\u00e8re moiti\u00e9 de saison en demi-teinte<br \/>\n   <img decoding=\"async\" draggable=\"false\" src=\"https:\/\/www.europesays.com\/fr\/wp-content\/uploads\/2025\/08\/lewis-hamilton-ferrari-esteban.jpg\" alt=\"Lewis Hamilton devant la Haas d'Esteban Ocon.\" width=\"1200\" height=\"800\" loading=\"lazy\"\/> <\/p>\n<p class=\"title\">Lewis Hamilton devant la Haas d&rsquo;Esteban Ocon.<\/p>\n<p class=\"photographer\">Photo de: Bryn Lennon \/ Formula 1 via Getty Images<\/p>\n<p>Maintenant que les vacances ont commenc\u00e9, il est temps de dresser un petit bilan. Apr\u00e8s l&rsquo;\u00e9preuve hongroise, Esteban Ocon se classe \u00e0 la dixi\u00e8me place du <a href=\"https:\/\/fr.motorsport.com\/f1\/news\/championnat-norris-reduit-ecart-piastri-vacances\/10748088\/\" target=\"_self\" rel=\"noopener\">championnat pilotes<\/a>. Il est premier Fran\u00e7ais au classement avec 27 points inscrits. Il est entr\u00e9 dans le top 10 en course \u00e0 six reprises en n&rsquo;ayant atteint la Q3 que deux fois. Sa meilleure qualification est sa huiti\u00e8me position sur la grille de Monaco et son meilleur r\u00e9sultat est sa cinqui\u00e8me place en Chine.<\/p>\n<p>Alors que son co\u00e9quipier Oliver Bearman n&rsquo;a pas manifest\u00e9 une joie \u00e0 sauter au plafond lorsqu&rsquo;il a \u00e9t\u00e9 interrog\u00e9 sur sa premi\u00e8re partie de saison, Ocon a de son c\u00f4t\u00e9 trouv\u00e9 un certain nombre de points positifs \u00e0 retenir.<\/p>\n<p>\u00ab\u00a0De mon c\u00f4t\u00e9, j&rsquo;ai marqu\u00e9 pas mal de points sur cette premi\u00e8re moiti\u00e9 de saison\u00a0\u00bb, a-t-il lanc\u00e9. \u00ab\u00a0Si on regarde o\u00f9 l&rsquo;on \u00e9tait \u00e0 la premi\u00e8re course, c&rsquo;est plut\u00f4t positif. \u00c9videmment, on n&rsquo;a pas \u00e9t\u00e9 aussi r\u00e9guliers qu&rsquo;on le voudrait. Il faut qu&rsquo;on exploite \u00e0 100% la voiture \u00e0 chaque fois et, malheureusement, \u00e7a n&rsquo;a pas \u00e9t\u00e9 possible \u00e0 chaque course. Je dirais qu&rsquo;on a fait les choses correctement \u00e0 50%. Pour l&rsquo;autre moiti\u00e9, il va falloir bien analyser.\u00a0\u00bb<\/p>\n<p>Quels peuvent \u00eatre les objectifs du pilote pour la suite de la saison, alors que certaines \u00e9volutions sont attendues pour le Grand Prix des \u00c9tats-Unis ? \u00ab\u00a0L&rsquo;\u00e9quipe continue de pousser, c&rsquo;est une bonne chose\u00a0\u00bb, a r\u00e9pondu Ocon. \u00ab\u00a0On m&rsquo;a aussi dit que \u00e7a ne ralentirait pas pour l&rsquo;an prochain, parce que \u00e7a permet de continuer \u00e0 comprendre la voiture et \u00e0 faire progresser le savoir-faire technique, ce qui est positif. On a vu \u00e0 quel point la mise \u00e0 jour d&rsquo;Austin avait \u00e9t\u00e9 efficace l&rsquo;an dernier pour Kevin [Magnussen] et Nico [H\u00fclkenberg]. Esp\u00e9rons que ce sera aussi le cas pour nous.\u00a0\u00bb<\/p>\n<p>Lire aussi :<\/p>\n<p>Dans cet article<\/p>\n<p>Soyez le premier inform\u00e9 et souscrivez aux alertes mails pour recevoir les infos en temps r\u00e9el<\/p>\n<p>    S&rsquo;abonner aux alertes de news<\/p>\n","protected":false},"excerpt":{"rendered":"Si l&rsquo;on veut r\u00e9sumer la premi\u00e8re partie de saison d&rsquo;Esteban Ocon et de Haas, \u00ab\u00a0inconstant\u00a0\u00bb para\u00eet \u00eatre l&rsquo;adjectif&hellip;\n","protected":false},"author":2,"featured_media":300434,"comment_status":"","ping_status":"","sticky":false,"template":"","format":"standard","meta":{"footnotes":""},"categories":[1412],"tags":[2249,1451,1452,1453,1454,1455,1011,27,21746,4443,42060,2242,60],"class_list":{"0":"post-300433","1":"post","2":"type-post","3":"status-publish","4":"format-standard","5":"has-post-thumbnail","7":"category-f1","8":"tag-esteban-ocon","9":"tag-f1","10":"tag-formula-1","11":"tag-formula1","12":"tag-formule-1","13":"tag-formule1","14":"tag-fr","15":"tag-france","16":"tag-gp-de-hongrie","17":"tag-haas","18":"tag-hungaroring","19":"tag-oliver-bearman","20":"tag-sports"},"share_on_mastodon":{"url":"https:\/\/pubeurope.com\/@fr\/114981993432468068","error":""},"_links":{"self":[{"href":"https:\/\/www.europesays.com\/fr\/wp-json\/wp\/v2\/posts\/300433","targetHints":{"allow":["GET"]}}],"collection":[{"href":"https:\/\/www.europesays.com\/fr\/wp-json\/wp\/v2\/posts"}],"about":[{"href":"https:\/\/www.europesays.com\/fr\/wp-json\/wp\/v2\/types\/post"}],"author":[{"embeddable":true,"href":"https:\/\/www.europesays.com\/fr\/wp-json\/wp\/v2\/users\/2"}],"replies":[{"embeddable":true,"href":"https:\/\/www.europesays.com\/fr\/wp-json\/wp\/v2\/comments?post=300433"}],"version-history":[{"count":0,"href":"https:\/\/www.europesays.com\/fr\/wp-json\/wp\/v2\/posts\/300433\/revisions"}],"wp:featuredmedia":[{"embeddable":true,"href":"https:\/\/www.europesays.com\/fr\/wp-json\/wp\/v2\/media\/300434"}],"wp:attachment":[{"href":"https:\/\/www.europesays.com\/fr\/wp-json\/wp\/v2\/media?parent=300433"}],"wp:term":[{"taxonomy":"category","embeddable":true,"href":"https:\/\/www.europesays.com\/fr\/wp-json\/wp\/v2\/categories?post=300433"},{"taxonomy":"post_tag","embeddable":true,"href":"https:\/\/www.europesays.com\/fr\/wp-json\/wp\/v2\/tags?post=300433"}],"curies":[{"name":"wp","href":"https:\/\/api.w.org\/{rel}","templated":true}]}}