{"id":300435,"date":"2025-08-06T13:12:16","date_gmt":"2025-08-06T13:12:16","guid":{"rendered":"https:\/\/www.europesays.com\/fr\/300435\/"},"modified":"2025-08-06T13:12:16","modified_gmt":"2025-08-06T13:12:16","slug":"cyclisme-criterium-valentin-madouas-vainqueur-du-criterium-de-saint-seurin-sur-lisle","status":"publish","type":"post","link":"https:\/\/www.europesays.com\/fr\/300435\/","title":{"rendered":"Cyclisme. Crit\u00e9rium &#8211; Valentin Madouas vainqueur du Crit\u00e9rium de Saint-Seurin-sur-l\u2019Isle"},"content":{"rendered":"<p><strong>\u00a0<\/strong>Le coureur de la <strong>Groupama-FDJ<\/strong>, <strong>Valentin Madouas<\/strong>, a remport\u00e9 mardi soir la deuxi\u00e8me \u00e9dition du <strong><a href=\"https:\/\/www.cyclismactu.net\/..\/news-criterium-route-le-programme-et-resultats-des-criteriums-d-apres-tour-de-france-89338.html\" target=\"_blank\" rel=\"nofollow noopener\">Crit\u00e9rium professionnel de Saint-Seurin-sur-l\u2019Isle<\/a><\/strong>. Devant pr\u00e8s de 4000 spectateurs, le champion de France 2023 s\u2019est impos\u00e9 au sprint au terme d\u2019un parcours rapide trac\u00e9 dans le Libournais.<\/p>\n<p>Vid\u00e9o &#8211; Valentin madouas avant le Tour de France 2025 Lire la suite de l&rsquo;article&#13;<\/p>\n<p>\u00a0<\/p>\n<p>&#13;<br \/>\nMiguel Martinez mis a l&rsquo;honneur&#13;<\/p>\n<p>Favori annonc\u00e9, <strong>Valentin Madouas<\/strong> a tenu son rang en s\u2019imposant au sprint au terme d\u2019une quarantaine de boucles de deux kilom\u00e8tres, \u00e0 44 km\/h de moyenne. Il a devanc\u00e9 l\u2019Argentin <strong>Eduardo Sepulveda<\/strong> (Lotto) et <strong>Bastien Tronchon <\/strong>(Decathlon AG2R), tandis que <strong>Miguel Martinez<\/strong> (49 ans), champion olympique de VTT et p\u00e8re de <strong>Lenny<\/strong>, s\u2019est class\u00e9 dans le top 10 en tant que meilleur amateur. <strong>Cl\u00e9ment Russo <\/strong>(Groupama-FDJ) a \u00e9t\u00e9 d\u00e9sign\u00e9 meilleur sprinteur et <strong>Lorrenzo Manzin<\/strong> (TotalEnergies) coureur le plus combatif. Avec plus de 400 participants aux animations et 4000 spectateurs mass\u00e9s autour du circuit, cette deuxi\u00e8me \u00e9dition a confirm\u00e9 l\u2019engouement du public. \u00ab\u00a0Une vraie r\u00e9ussite\u00a0\u00bb, selon l\u2019organisateur <strong>Xavier Poujol<\/strong>, qui ne cache pas son envie de remettre \u00e7a l\u2019an prochain.<\/p>\n","protected":false},"excerpt":{"rendered":"\u00a0Le coureur de la Groupama-FDJ, Valentin Madouas, a remport\u00e9 mardi soir la deuxi\u00e8me \u00e9dition du Crit\u00e9rium professionnel de&hellip;\n","protected":false},"author":2,"featured_media":300436,"comment_status":"","ping_status":"","sticky":false,"template":"","format":"standard","meta":{"footnotes":""},"categories":[1411],"tags":[42572,1154,207,211,1011,27,209,60,210,212,208,213],"class_list":{"0":"post-300435","1":"post","2":"type-post","3":"status-publish","4":"format-standard","5":"has-post-thumbnail","7":"category-cyclisme","8":"tag-criterium","9":"tag-cycling","10":"tag-cyclisme","11":"tag-ffc","12":"tag-fr","13":"tag-france","14":"tag-route","15":"tag-sports","16":"tag-tour-de-france","17":"tag-uci","18":"tag-velo","19":"tag-world-tour"},"share_on_mastodon":{"url":"https:\/\/pubeurope.com\/@fr\/114981997390397133","error":""},"_links":{"self":[{"href":"https:\/\/www.europesays.com\/fr\/wp-json\/wp\/v2\/posts\/300435","targetHints":{"allow":["GET"]}}],"collection":[{"href":"https:\/\/www.europesays.com\/fr\/wp-json\/wp\/v2\/posts"}],"about":[{"href":"https:\/\/www.europesays.com\/fr\/wp-json\/wp\/v2\/types\/post"}],"author":[{"embeddable":true,"href":"https:\/\/www.europesays.com\/fr\/wp-json\/wp\/v2\/users\/2"}],"replies":[{"embeddable":true,"href":"https:\/\/www.europesays.com\/fr\/wp-json\/wp\/v2\/comments?post=300435"}],"version-history":[{"count":0,"href":"https:\/\/www.europesays.com\/fr\/wp-json\/wp\/v2\/posts\/300435\/revisions"}],"wp:featuredmedia":[{"embeddable":true,"href":"https:\/\/www.europesays.com\/fr\/wp-json\/wp\/v2\/media\/300436"}],"wp:attachment":[{"href":"https:\/\/www.europesays.com\/fr\/wp-json\/wp\/v2\/media?parent=300435"}],"wp:term":[{"taxonomy":"category","embeddable":true,"href":"https:\/\/www.europesays.com\/fr\/wp-json\/wp\/v2\/categories?post=300435"},{"taxonomy":"post_tag","embeddable":true,"href":"https:\/\/www.europesays.com\/fr\/wp-json\/wp\/v2\/tags?post=300435"}],"curies":[{"name":"wp","href":"https:\/\/api.w.org\/{rel}","templated":true}]}}