{"id":300439,"date":"2025-08-06T13:14:11","date_gmt":"2025-08-06T13:14:11","guid":{"rendered":"https:\/\/www.europesays.com\/fr\/300439\/"},"modified":"2025-08-06T13:14:11","modified_gmt":"2025-08-06T13:14:11","slug":"matt-pokora-se-repose-au-soleil-julian-bugier-visite-le-japon","status":"publish","type":"post","link":"https:\/\/www.europesays.com\/fr\/300439\/","title":{"rendered":"Matt Pokora se repose au soleil\u2026 Julian Bugier visite le Japon\u2026"},"content":{"rendered":"<p>6\u00a0ao\u00fbt 2025<\/p>\n<p>Meghan Markle a f\u00eat\u00e9 son anniversaire<\/p>\n<p>C\u2019est avec des amis, son mari et sa famille, et au restaurant que <a href=\"https:\/\/www.20minutes.fr\/arts-stars\/people\/4161528-20250702-rose-meghan-markle-rencontre-beaucoup-succes-adriana-karembeu-joue-cache-cache-fille\" target=\"_blank\" class=\"color-ultramarine c-link\" rel=\"noopener\">Meghan Markle<\/a> a \u00e9t\u00e9 photographi\u00e9e alors qu\u2019elle soufflait le 4\u00a0ao\u00fbt les bougies sur son joli g\u00e2teau d\u2019anniversaire\u2026 qui n\u2019en contenait pas 44\u00a0!<\/p>\n<p>Selon le message sur Instagram qui accompagne le <a href=\"https:\/\/www.instagram.com\/p\/DM_qS-Oppgd\/\" rel=\"nofollow noopener\" target=\"_blank\" class=\"color-ultramarine c-link\">clich\u00e9<\/a>, l\u2019\u00e9pouse du prince Harry a fait durer les festivit\u00e9s pendant 24 heures\u00a0! La <a href=\"https:\/\/www.20minutes.fr\/arts-stars\/people\/3343691-20220830-meghan-markle-affirme-prince-harry-heureux-quitter-royaume-uni\" target=\"_blank\" class=\"color-ultramarine c-link\" rel=\"noopener\">duchesse de Sussex<\/a> a grandement appr\u00e9ci\u00e9 le repas, \u00ab\u00a0l\u2019un des Top 5\u00a0\u00bb de sa vie, et remercie le restaurant Funke et son chef Evan Funke pour ce moment \u00ab\u00a0extraordinaire\u00a0\u00bb. La fondatrice de <a href=\"https:\/\/www.20minutes.fr\/arts-stars\/people\/4140564-20250225-ever-pourquoi-nouveau-nom-marque-meghan-markle-fait-encore-polemique\" target=\"_blank\" class=\"color-ultramarine c-link\" rel=\"noopener\">la marque de lifestyle As Ever<\/a> a remerci\u00e9 \u00e9galement tous ceux qu\u2019elle ne conna\u00eet pas \u00ab\u00a0mais qui envoient de l\u2019amour tous les jours\u00a0\u00bb.<\/p>\n<p>Matt Pokora se repose au soleil en famille<\/p>\n<p>Julian Bugier passe de bonnes vacances au Japon<\/p>\n<p>Le pr\u00e9sentateur du <a href=\"https:\/\/www.20minutes.fr\/arts-stars\/television\/3137799-20211004-france-2-envie-delocaliser-regulierement-13-heures-annonce-julian-bugier\" target=\"_blank\" class=\"color-ultramarine c-link\" rel=\"noopener\">JT de 13 heures sur France 2<\/a> s\u2019est \u00e9clat\u00e9 pendant trois semaines au pays du soleil levant avec sa femme, la journaliste de LCI Claire Fournier, et leurs deux enfants, Lucien et Gabrielle. Il a post\u00e9 sur son compte Instagram plusieurs <a href=\"https:\/\/www.instagram.com\/p\/DM9sM19yYGV\/\" rel=\"nofollow noopener\" target=\"_blank\" class=\"color-ultramarine c-link\">photos<\/a> o\u00f9 se m\u00ealent images touristiques, gastronomiques et du couple.<\/p>\n<p>Un retour en France plein de nostalgie pour les deux journalistes qui ont ador\u00e9 <a href=\"https:\/\/www.20minutes.fr\/monde\/japon\/4166759-20250805-japon-80-ans-apres-hiroshima-appelle-monde-abandonner-bombe-atomique\" target=\"_blank\" class=\"color-ultramarine c-link\" rel=\"noopener\">le Japon<\/a>, en t\u00e9moigne leur message \u00e9loquent. \u00ab\u00a0Merci pour l\u2019accueil et le d\u00e9paysement. On a tout ador\u00e9. C\u2019\u00e9tait dingue. On reviendra. \uff2d\uff25\uff32\uff23\uff29.\u00a0\u00bb<\/p>\n<p><script async src=\"\/\/www.instagram.com\/embed.js\"><\/script><\/p>\n","protected":false},"excerpt":{"rendered":"6\u00a0ao\u00fbt 2025 Meghan Markle a f\u00eat\u00e9 son anniversaire C\u2019est avec des amis, son mari et sa famille, et&hellip;\n","protected":false},"author":2,"featured_media":300440,"comment_status":"","ping_status":"","sticky":false,"template":"","format":"standard","meta":{"footnotes":""},"categories":[1359],"tags":[58,59,2702,1011,27,34700,2886,908,973,2453,133],"class_list":{"0":"post-300439","1":"post","2":"type-post","3":"status-publish","4":"format-standard","5":"has-post-thumbnail","7":"category-people","8":"tag-divertissement","9":"tag-entertainment","10":"tag-fil-des-stars","11":"tag-fr","12":"tag-france","13":"tag-jt","14":"tag-matt-pokora","15":"tag-meghan-markle","16":"tag-people","17":"tag-vacances-dete","18":"tag-video"},"share_on_mastodon":{"url":"https:\/\/pubeurope.com\/@fr\/114982005229135314","error":""},"_links":{"self":[{"href":"https:\/\/www.europesays.com\/fr\/wp-json\/wp\/v2\/posts\/300439","targetHints":{"allow":["GET"]}}],"collection":[{"href":"https:\/\/www.europesays.com\/fr\/wp-json\/wp\/v2\/posts"}],"about":[{"href":"https:\/\/www.europesays.com\/fr\/wp-json\/wp\/v2\/types\/post"}],"author":[{"embeddable":true,"href":"https:\/\/www.europesays.com\/fr\/wp-json\/wp\/v2\/users\/2"}],"replies":[{"embeddable":true,"href":"https:\/\/www.europesays.com\/fr\/wp-json\/wp\/v2\/comments?post=300439"}],"version-history":[{"count":0,"href":"https:\/\/www.europesays.com\/fr\/wp-json\/wp\/v2\/posts\/300439\/revisions"}],"wp:featuredmedia":[{"embeddable":true,"href":"https:\/\/www.europesays.com\/fr\/wp-json\/wp\/v2\/media\/300440"}],"wp:attachment":[{"href":"https:\/\/www.europesays.com\/fr\/wp-json\/wp\/v2\/media?parent=300439"}],"wp:term":[{"taxonomy":"category","embeddable":true,"href":"https:\/\/www.europesays.com\/fr\/wp-json\/wp\/v2\/categories?post=300439"},{"taxonomy":"post_tag","embeddable":true,"href":"https:\/\/www.europesays.com\/fr\/wp-json\/wp\/v2\/tags?post=300439"}],"curies":[{"name":"wp","href":"https:\/\/api.w.org\/{rel}","templated":true}]}}