{"id":300441,"date":"2025-08-06T13:15:13","date_gmt":"2025-08-06T13:15:13","guid":{"rendered":"https:\/\/www.europesays.com\/fr\/300441\/"},"modified":"2025-08-06T13:15:13","modified_gmt":"2025-08-06T13:15:13","slug":"lhistoire-de-lart-qui-minteresse-nest-pas-encore-ecrite","status":"publish","type":"post","link":"https:\/\/www.europesays.com\/fr\/300441\/","title":{"rendered":"\u00ab\u00a0L\u2019histoire de l\u2019art qui m\u2019int\u00e9resse n\u2019est pas encore \u00e9crite\u00a0\u00bb"},"content":{"rendered":"<p>                         <img loading=\"lazy\" decoding=\"async\" src=\"https:\/\/www.europesays.com\/fr\/wp-content\/uploads\/2025\/08\/79c4f2c_upload-1-krv8mg3k9nt2-portrait-of-mariane-ibrahim-2025-courtesy-of-mariane-ibrahim-photo-a-f.jpeg\" alt=\"Mariane Ibrahim dans sa galerie, \u00e0 Paris, en\u00a02025.\"   width=\"664\" height=\"443\"\/>    Mariane Ibrahim dans sa galerie, \u00e0 Paris, en\u00a02025.  FABRICE GOUSSET\/MARIANE IBRAHIM                 <\/p>\n<p class=\"article__paragraph  \">Mariane Ibrahim d\u00e9teste l\u2019adjectif \u00ab\u00a0m\u00e9t\u00e9orique\u00a0\u00bb, pour avoir trop souvent lu et entendu qu\u2019elle est apparue dans l\u2019art contemporain telle un m\u00e9t\u00e9ore. Il est vrai qu\u2019elle est all\u00e9e vite. Il lui a suffi d\u2019une d\u00e9cennie pour s\u2019imposer et disposer de trois galeries, \u00e0 Chicago (Etats-Unis), \u00e0 Mexico et, d\u00e9sormais, \u00e0 Paris, avenue Matignon, dans le 8e arrondissement. Mais, plaisante-t-elle\u00a0: \u00ab\u00a0Une m\u00e9t\u00e9orite, \u00e7a tombe, et je n\u2019ai pas l\u2019intention de tomber.\u00a0\u00bb Ce qu\u2019elle veut, c\u2019est poursuivre son action pour les artistes afro-descendants, qu\u2019elle consid\u00e8re, tr\u00e8s justement, avoir \u00e9t\u00e9 ignor\u00e9s au XXe\u00a0si\u00e8cle et \u00eatre encore aujourd\u2019hui sous-repr\u00e9sent\u00e9s. \u00ab\u00a0A l\u2019origine de mon travail, il y a la frustration.\u00a0Je n\u2019\u00e9tais pas pr\u00e9destin\u00e9e \u00e0 devenir ce que je suis.\u00a0\u00bb<\/p>\n<p class=\"article__paragraph  \">C\u2019est un euph\u00e9misme. Mariane Ibrahim est n\u00e9e \u00e0 Noum\u00e9a, en Nouvelle-Cal\u00e9donie, de parents somaliens. Son p\u00e8re a \u00e9t\u00e9 marin, fait plusieurs fois le tour du monde, v\u00e9cu \u00e0 Dunkerque (Nord) et \u00e0 Marseille. \u00ab\u00a0Un ami lui a dit qu\u2019en Nouvelle-Cal\u00e9donie il y avait du travail, le nickel. Il a pens\u00e9 que ce serait le bon endroit pour se poser.\u00a0\u00bb De passage \u00e0 Djibouti, sur sa route, il rencontre celle qui devient son \u00e9pouse. Ils ont quatre enfants, elle est la deuxi\u00e8me. \u00ab\u00a0En\u00a01988, ma m\u00e8re a eu le mal du pays. Nous sommes partis pour la Somalie. Mais la situation s\u2019y g\u00e2tait d\u00e9j\u00e0, et nous sommes arriv\u00e9s \u00e0 Bordeaux.\u00a0L\u00e0, la question de savoir qui j\u2019\u00e9tais est devenue\u00a0compliqu\u00e9e.\u00a0\u00bb<\/p>\n<p class=\"reading-mode-only \"><strong>Il vous reste 79.4% de cet article \u00e0 lire. La suite est r\u00e9serv\u00e9e aux abonn\u00e9s.<\/strong><\/p>\n","protected":false},"excerpt":{"rendered":"Mariane Ibrahim dans sa galerie, \u00e0 Paris, en\u00a02025. FABRICE GOUSSET\/MARIANE IBRAHIM Mariane Ibrahim d\u00e9teste l\u2019adjectif \u00ab\u00a0m\u00e9t\u00e9orique\u00a0\u00bb, pour avoir&hellip;\n","protected":false},"author":2,"featured_media":300442,"comment_status":"","ping_status":"","sticky":false,"template":"","format":"standard","meta":{"footnotes":""},"categories":[1358],"tags":[1348,1384,1385,1386,58,59,1011,27],"class_list":{"0":"post-300441","1":"post","2":"type-post","3":"status-publish","4":"format-standard","5":"has-post-thumbnail","7":"category-arts-et-design","8":"tag-arts","9":"tag-arts-and-design","10":"tag-arts-et-design","11":"tag-design","12":"tag-divertissement","13":"tag-entertainment","14":"tag-fr","15":"tag-france"},"share_on_mastodon":{"url":"https:\/\/pubeurope.com\/@fr\/114982009350001840","error":""},"_links":{"self":[{"href":"https:\/\/www.europesays.com\/fr\/wp-json\/wp\/v2\/posts\/300441","targetHints":{"allow":["GET"]}}],"collection":[{"href":"https:\/\/www.europesays.com\/fr\/wp-json\/wp\/v2\/posts"}],"about":[{"href":"https:\/\/www.europesays.com\/fr\/wp-json\/wp\/v2\/types\/post"}],"author":[{"embeddable":true,"href":"https:\/\/www.europesays.com\/fr\/wp-json\/wp\/v2\/users\/2"}],"replies":[{"embeddable":true,"href":"https:\/\/www.europesays.com\/fr\/wp-json\/wp\/v2\/comments?post=300441"}],"version-history":[{"count":0,"href":"https:\/\/www.europesays.com\/fr\/wp-json\/wp\/v2\/posts\/300441\/revisions"}],"wp:featuredmedia":[{"embeddable":true,"href":"https:\/\/www.europesays.com\/fr\/wp-json\/wp\/v2\/media\/300442"}],"wp:attachment":[{"href":"https:\/\/www.europesays.com\/fr\/wp-json\/wp\/v2\/media?parent=300441"}],"wp:term":[{"taxonomy":"category","embeddable":true,"href":"https:\/\/www.europesays.com\/fr\/wp-json\/wp\/v2\/categories?post=300441"},{"taxonomy":"post_tag","embeddable":true,"href":"https:\/\/www.europesays.com\/fr\/wp-json\/wp\/v2\/tags?post=300441"}],"curies":[{"name":"wp","href":"https:\/\/api.w.org\/{rel}","templated":true}]}}