{"id":300443,"date":"2025-08-06T13:16:11","date_gmt":"2025-08-06T13:16:11","guid":{"rendered":"https:\/\/www.europesays.com\/fr\/300443\/"},"modified":"2025-08-06T13:16:11","modified_gmt":"2025-08-06T13:16:11","slug":"louis-st-pierre-laureat-du-prix-robert-cliche-2025","status":"publish","type":"post","link":"https:\/\/www.europesays.com\/fr\/300443\/","title":{"rendered":"Louis St-Pierre, laur\u00e9at du prix Robert-Cliche 2025"},"content":{"rendered":"<p>Le jury de la 46\u1d49\u00a0\u00e9dition du prix qu\u00e9b\u00e9cois Robert-Cliche a couronn\u00e9 le cin\u00e9aste montr\u00e9alais <strong>Louis St-Pierre<\/strong> pour son premier roman La r\u00e9publique de Kafka. Le laur\u00e9at verra son ouvrage publi\u00e9 chez VLB \u00e9diteur et recevra une bourse de 10 000 dollars canadiens, soit environ 6 263 euros.<\/p>\n<p>Originaire de Brossard au Qu\u00e9bec, Louis St-Pierre s\u2019est install\u00e9 \u00e0 Montr\u00e9al il y a pr\u00e8s de dix ans pour \u00e9tudier \u00e0 l&rsquo;Universit\u00e9 du Qu\u00e9bec\u00a0en section cin\u00e9ma. Ses courts m\u00e9trages, parmi lesquels \u00c0 jamais, pour toujours (2018) et plus r\u00e9cemment JE SUIS COMME LE ROI (2019), ont acquis une notori\u00e9t\u00e9 internationale, s\u00e9lectionn\u00e9s dans plusieurs festivals en Pologne, en Russie et en Italie.<\/p>\n<p>L\u2019obsession Kafka<\/p>\n<p>En 2017, lors d\u2019un stage d\u2019\u00e9t\u00e9 \u00e0 Prague, il r\u00e9alise Das Ist Komisch (That\u2019s Funny, diffus\u00e9 en 2019), un documentaire exp\u00e9rimental sur l\u2019exploitation touristique de la vie et de l\u2019\u0153uvre de <strong>Franz Kafka<\/strong>\u00a0; une instrumentalisation all\u00e9e \u00e0 l\u2019encontre des volont\u00e9s que l\u2019auteur de La m\u00e9tamorphose avait exprim\u00e9es de son vivant. \u00c0 la suite de ce film, Louis St-Pierre s\u2019est engag\u00e9 dans une exploration plus intime et approfondie des zones d\u2019ombre du g\u00e9nie kafka\u00efen.<\/p>\n<p>C\u2019est donc sous les atours de la fiction, nourrie de quelques \u00e9l\u00e9ments autobiographiques \u2014 le narrateur \u00e9tant un jeune documentariste invit\u00e9 par une fondation praguoise \u00e0 r\u00e9aliser un film sur Kafka \u2014 que le jeune auteur s\u2019est empar\u00e9 de cette figure majeure de la litt\u00e9rature, originaire de R\u00e9publique Tch\u00e8que. Mais son h\u00e9ros se laisse ais\u00e9ment distraire, plus int\u00e9ress\u00e9 par l\u2019histoire ancienne capitale du royaume de Boh\u00e8me, que par le sujet qui avait motiv\u00e9 sa venue dans la ville aux cent clochers.<\/p>\n<p>Cr\u00e9\u00e9 en 1979 en hommage \u00e0\u00a0<strong>Robert Cliche,<\/strong>\u00a0grand avocat, juge et homme politique qu\u00e9b\u00e9cois\u00a0disparu en septembre 1978, le prix Robert-Cliche r\u00e9compense chaque ann\u00e9e l\u2019auteur d\u2019un premier roman. Cette ann\u00e9e, le jury \u00e9tait compos\u00e9 de l\u2019\u00e9crivain <strong>Patrick S\u00e9n\u00e9cal,<\/strong> de la journaliste <strong>Karyne Lefebvre<\/strong> ainsi que du libraire et critique litt\u00e9raire <strong>Thomas Dupont-Buist<\/strong>.<\/p>\n<p>Louis St-Pierre succ\u00e8de \u00e0\u00a0<strong>Laura Nicolae<\/strong>, <a href=\"https:\/\/www.livreshebdo.fr\/article\/laure-nicolae-laureate-du-prix-robert-cliche-2024#:~:text=Pr%C3%A9sid%C3%A9%20par%20Caroline%20Dawson%2C%20le,canadiens%2C%20soit%20environ%206647%20euros.\" target=\"_blank\" rel=\"nofollow noopener\">laur\u00e9ate 2024<\/a>\u00a0pour le roman\u00a0Rue Escalei\u00a0\u200b\u200b\u200b\u200b\u200b\u200b\u200b(VLB \u00e9diteur).\u00a0<\/p>\n","protected":false},"excerpt":{"rendered":"Le jury de la 46\u1d49\u00a0\u00e9dition du prix qu\u00e9b\u00e9cois Robert-Cliche a couronn\u00e9 le cin\u00e9aste montr\u00e9alais Louis St-Pierre pour son&hellip;\n","protected":false},"author":2,"featured_media":300444,"comment_status":"","ping_status":"","sticky":false,"template":"","format":"standard","meta":{"footnotes":""},"categories":[1357],"tags":[1379,58,59,1011,27,1380],"class_list":{"0":"post-300443","1":"post","2":"type-post","3":"status-publish","4":"format-standard","5":"has-post-thumbnail","7":"category-livres","8":"tag-books","9":"tag-divertissement","10":"tag-entertainment","11":"tag-fr","12":"tag-france","13":"tag-livres"},"share_on_mastodon":{"url":"https:\/\/pubeurope.com\/@fr\/114982013100464594","error":""},"_links":{"self":[{"href":"https:\/\/www.europesays.com\/fr\/wp-json\/wp\/v2\/posts\/300443","targetHints":{"allow":["GET"]}}],"collection":[{"href":"https:\/\/www.europesays.com\/fr\/wp-json\/wp\/v2\/posts"}],"about":[{"href":"https:\/\/www.europesays.com\/fr\/wp-json\/wp\/v2\/types\/post"}],"author":[{"embeddable":true,"href":"https:\/\/www.europesays.com\/fr\/wp-json\/wp\/v2\/users\/2"}],"replies":[{"embeddable":true,"href":"https:\/\/www.europesays.com\/fr\/wp-json\/wp\/v2\/comments?post=300443"}],"version-history":[{"count":0,"href":"https:\/\/www.europesays.com\/fr\/wp-json\/wp\/v2\/posts\/300443\/revisions"}],"wp:featuredmedia":[{"embeddable":true,"href":"https:\/\/www.europesays.com\/fr\/wp-json\/wp\/v2\/media\/300444"}],"wp:attachment":[{"href":"https:\/\/www.europesays.com\/fr\/wp-json\/wp\/v2\/media?parent=300443"}],"wp:term":[{"taxonomy":"category","embeddable":true,"href":"https:\/\/www.europesays.com\/fr\/wp-json\/wp\/v2\/categories?post=300443"},{"taxonomy":"post_tag","embeddable":true,"href":"https:\/\/www.europesays.com\/fr\/wp-json\/wp\/v2\/tags?post=300443"}],"curies":[{"name":"wp","href":"https:\/\/api.w.org\/{rel}","templated":true}]}}