{"id":300447,"date":"2025-08-06T13:18:10","date_gmt":"2025-08-06T13:18:10","guid":{"rendered":"https:\/\/www.europesays.com\/fr\/300447\/"},"modified":"2025-08-06T13:18:10","modified_gmt":"2025-08-06T13:18:10","slug":"britney-spears-la-mauvaise-nouvelle-est-tombee","status":"publish","type":"post","link":"https:\/\/www.europesays.com\/fr\/300447\/","title":{"rendered":"Britney Spears : la mauvaise nouvelle est tomb\u00e9e"},"content":{"rendered":"<p>      R\u00e9sum\u00e9<\/p>\n<p>Britney Spears ne participera finalement pas aux MTV Video Music Awards 2025, mettant fin aux rumeurs d\u2019un retour sc\u00e9nique tr\u00e8s attendu.<\/p>\n<p>        Sommaire<\/p>\n<p>Depuis plusieurs semaines, les fans de <a href=\"https:\/\/www.public.fr\/britney-spears-de-nouveau-maman-elle-vient-dadopter-une-fille-prenommee-lennon-london-spears\" target=\"_blank\" rel=\"noopener\">Britney Spears<\/a> vibraient au rythme d&rsquo;une rumeur en apparence trop belle pour \u00eatre vraie : un retour surprise de la popstar sur la sc\u00e8ne des MTV Video Music Awards 2025. Mais l&rsquo;espoir s\u2019est r\u00e9cemment effondr\u00e9.<\/p>\n<p>Selon les informations exclusives de <strong>TMZ<\/strong>, l\u2019ic\u00f4ne de la pop <strong>ne participera finalement pas aux VMA cette ann\u00e9e<\/strong> \u2014 ni pour un medley de ses plus grands hits, ni pour une apparition furtive, encore moins pour un duo avec son fils, comme certains l\u2019avaient r\u00eav\u00e9.<\/p>\n<p>Une rumeur devenue virale\u2026 et un r\u00eave qui s\u2019\u00e9teint<\/p>\n<p>Tout a commenc\u00e9 sur les r\u00e9seaux sociaux, comme souvent avec Britney Spears. Plusieurs comptes de fans ont \u00e9voqu\u00e9, avec une insistance croissante, un <strong>retour \u00ab\u00a0secret<\/strong>\u00a0\u00bb de la chanteuse aux VMA. Certains allaient m\u00eame jusqu\u2019\u00e0 affirmer que l\u2019artiste s&rsquo;entra\u00eenait en secret pour livrer un show grandiose, <a href=\"https:\/\/www.public.fr\/britney-spears-son-fils-jayden-fait-d-incroyables-revelations-sur-sa-famille\" target=\"_blank\" rel=\"noopener\">accompagn\u00e9e de son fils Jayden<\/a>, pour marquer son grand retour dans l&rsquo;industrie musicale. Un medley de tubes \u00e9tait \u00e9voqu\u00e9, dans un cr\u00e9neau de prime time, comme une sorte de renaissance sous les projecteurs.<\/p>\n<p>La perspective \u00e9tait excitante : <strong>un retour aux VMA pour la premi\u00e8re fois depuis 2016<\/strong>, o\u00f9 Britney avait livr\u00e9 une performance remarqu\u00e9e de Make Me, suivie d\u2019un duo avec G-Eazy sur Me, Myself &amp; I. Pour beaucoup, cela marquerait une page symbolique dans l\u2019apr\u00e8s-conservatorship, une reconqu\u00eate de sc\u00e8ne en pleine lumi\u00e8re, lib\u00e9r\u00e9e et affirm\u00e9e.<\/p>\n<p>Une information d\u00e9mentie par des sources proches<\/p>\n<p>Mais selon <strong>des sources proches de la chanteuse<\/strong>, cit\u00e9es par TMZ, <strong>aucune performance de Britney n\u2019est pr\u00e9vue cette ann\u00e9e<\/strong>. Il n\u2019a jamais \u00e9t\u00e9 question d\u2019un set de dix minutes, d\u2019un duo surprise, ni d\u2019une performance cach\u00e9e soigneusement orchestr\u00e9e dans les coulisses. Autrement dit, les fans vont devoir ranger leurs espoirs pour cette fois.<\/p>\n<p>L\u2019\u00e9quipe de Britney elle-m\u00eame n\u2019a pas comment\u00e9 directement les rumeurs, mais la fuite relay\u00e9e par TMZ, m\u00e9dia souvent bien inform\u00e9 sur les c\u00e9l\u00e9brit\u00e9s, semble mettre fin aux sp\u00e9culations.<\/p>\n<p>      Mentionn\u00e9s dans cet article<\/p>\n<p>      Sur le m\u00eame sujet<\/p>\n","protected":false},"excerpt":{"rendered":"R\u00e9sum\u00e9 Britney Spears ne participera finalement pas aux MTV Video Music Awards 2025, mettant fin aux rumeurs d\u2019un&hellip;\n","protected":false},"author":2,"featured_media":300448,"comment_status":"","ping_status":"","sticky":false,"template":"","format":"standard","meta":{"footnotes":""},"categories":[1355],"tags":[8719,58,59,1011,27,44078,1361,873],"class_list":{"0":"post-300447","1":"post","2":"type-post","3":"status-publish","4":"format-standard","5":"has-post-thumbnail","7":"category-musique","8":"tag-britney-spears","9":"tag-divertissement","10":"tag-entertainment","11":"tag-fr","12":"tag-france","13":"tag-mtv-video-music-awards","14":"tag-music","15":"tag-musique"},"share_on_mastodon":{"url":"https:\/\/pubeurope.com\/@fr\/114982020984880694","error":""},"_links":{"self":[{"href":"https:\/\/www.europesays.com\/fr\/wp-json\/wp\/v2\/posts\/300447","targetHints":{"allow":["GET"]}}],"collection":[{"href":"https:\/\/www.europesays.com\/fr\/wp-json\/wp\/v2\/posts"}],"about":[{"href":"https:\/\/www.europesays.com\/fr\/wp-json\/wp\/v2\/types\/post"}],"author":[{"embeddable":true,"href":"https:\/\/www.europesays.com\/fr\/wp-json\/wp\/v2\/users\/2"}],"replies":[{"embeddable":true,"href":"https:\/\/www.europesays.com\/fr\/wp-json\/wp\/v2\/comments?post=300447"}],"version-history":[{"count":0,"href":"https:\/\/www.europesays.com\/fr\/wp-json\/wp\/v2\/posts\/300447\/revisions"}],"wp:featuredmedia":[{"embeddable":true,"href":"https:\/\/www.europesays.com\/fr\/wp-json\/wp\/v2\/media\/300448"}],"wp:attachment":[{"href":"https:\/\/www.europesays.com\/fr\/wp-json\/wp\/v2\/media?parent=300447"}],"wp:term":[{"taxonomy":"category","embeddable":true,"href":"https:\/\/www.europesays.com\/fr\/wp-json\/wp\/v2\/categories?post=300447"},{"taxonomy":"post_tag","embeddable":true,"href":"https:\/\/www.europesays.com\/fr\/wp-json\/wp\/v2\/tags?post=300447"}],"curies":[{"name":"wp","href":"https:\/\/api.w.org\/{rel}","templated":true}]}}