{"id":300465,"date":"2025-08-06T13:27:11","date_gmt":"2025-08-06T13:27:11","guid":{"rendered":"https:\/\/www.europesays.com\/fr\/300465\/"},"modified":"2025-08-06T13:27:11","modified_gmt":"2025-08-06T13:27:11","slug":"lactrice-de-the-walking-dead-kelley-mack-est-morte-dune-tumeur-au-cerveau-a-lage-de-33-ans","status":"publish","type":"post","link":"https:\/\/www.europesays.com\/fr\/300465\/","title":{"rendered":"L\u2019actrice de \u00ab\u00a0The Walking Dead\u00a0\u00bb Kelley Mack est morte d\u2019une tumeur au cerveau \u00e0 l\u2019\u00e2ge de 33\u00a0ans"},"content":{"rendered":"<p class=\"paragraph text_align_left lp-f-body-02\">Kelley Mack, une actrice connue pour avoir jou\u00e9 dans la neuvi\u00e8me saison de \u00ab <a href=\"https:\/\/www.leparisien.fr\/culture-loisirs\/series\/the-walking-dead-cette-fois-cest-vraiment-la-fin-21-08-2021-4ODPIV34GZFEDN4MAHAP3FOD5M.php\" target=\"_blank\" rel=\"noreferrer nofollow noopener\">The Walking Dead<\/a> \u00bb, est morte le 2 ao\u00fbt dernier \u00e0 l\u2019\u00e2ge de 33 ans.<\/p>\n<p class=\"paragraph text_align_left lp-f-body-02\">Originaire de Cincinnati, dans l\u2019Ohio, Kelley Mack est d\u00e9c\u00e9d\u00e9e apr\u00e8s avoir re\u00e7u un diagnostic de <a href=\"https:\/\/www.leparisien.fr\/societe\/sante\/atteint-dun-cancer-du-cerveau-incurable-un-medecin-australien-na-plus-de-tumeur-grace-a-son-traitement-experimental-15-05-2024-R2RUU7FLLBCFHE4MY42WZYFWZE.php\" target=\"_blank\" rel=\"noreferrer nofollow noopener\">gliome<\/a> du syst\u00e8me nerveux central, une tumeur qui se d\u00e9veloppe dans le cerveau, selon <a href=\"https:\/\/www.caringbridge.org\/site\/6451e011-c862-11ef-980b-a99707f7715d\" target=\"_self\" rel=\"nofollow noopener\">un communiqu\u00e9<\/a> publi\u00e9 mardi 5 ao\u00fbt.<\/p>\n<p class=\"paragraph text_align_left lp-f-body-02\">N\u00e9e Kelley Klebenow, elle s\u2019est \u00e9teinte \u00ab paisiblement \u00bb, entour\u00e9e de sa famille, apr\u00e8s plusieurs mois de combat contre la maladie. \u00ab C\u2019est avec une tristesse ind\u00e9l\u00e9bile que nous annon\u00e7ons le d\u00e9c\u00e8s de notre ch\u00e8re Kelley. Une lumi\u00e8re si vive et si fervente s\u2019est envol\u00e9e vers l\u2019au-del\u00e0, o\u00f9 nous devons tous un jour nous diriger \u00bb, peut-on lire dans un message partag\u00e9 sur le compte Instagram de l\u2019actrice.<\/p>\n<p>\u00ab The Walking Dead \u00bb, \u00ab 9-1-1 \u00bb et \u00ab Spider-Man \u00bb<\/p>\n<p class=\"paragraph text_align_left lp-f-body-02\">Kelley Mack a commenc\u00e9 d\u00e8s le plus jeune \u00e2ge sur le petit \u00e9cran en tournant dans plusieurs publicit\u00e9s. Elle compte 35 cr\u00e9dits d\u2019actrice et cinq de productrice, et est surtout connue pour avoir interpr\u00e9t\u00e9 le r\u00f4le d\u2019Adeline, ou \u00ab Addy \u00bb, dans la saison 9 de la mythique s\u00e9rie de zombies \u00ab <a href=\"https:\/\/www.leparisien.fr\/culture-loisirs\/series\/the-walking-dead-dead-city-que-vaut-la-saison-2-07-05-2025-COTF4EZWAFDY5JJJ7LB6F2PNK4.php\" target=\"_blank\" rel=\"noreferrer nofollow noopener\">The Walking Dead<\/a> \u00bb, diffus\u00e9e entre 2010 et 2022.<\/p>\n<p class=\"paragraph text_align_left lp-f-body-02\">Aux \u00c9tats-Unis, elle est \u00e9galement connue pour avoir jou\u00e9 le r\u00f4le de \u00ab Penelope Jacobs \u00bb dans la saison 8 de \u00ab Chicago Med \u00bb et dans la s\u00e9rie \u00ab <a href=\"https:\/\/www.leparisien.fr\/culture-loisirs\/series\/la-serie-9-1-1-a-tourne-ses-scenes-de-tsunami-dans-les-bassins-de-titanic-27-08-2020-8373831.php\" target=\"_blank\" rel=\"noreferrer nofollow noopener\">9-1-1<\/a> \u00bb sur Fox. Sur le grand \u00e9cran, elle avait r\u00e9cemment jou\u00e9 dans \u00ab Broadcast Signal Intrusion \u00bb (2022) ou encore Delicate Arch (2024), et appara\u00eetra dans \u00ab Universal \u00bb de Stephen Portland, son dernier long-m\u00e9trage qui n\u2019est pas encore sorti. Elle a \u00e9galement r\u00e9alis\u00e9 plusieurs publicit\u00e9s et fait du doublage, notamment dans \u00ab <a href=\"https:\/\/www.leparisien.fr\/culture-loisirs\/cinema\/spider-man-across-the-spider-verse-que-vaut-cette-nouvelle-version-en-animation-30-05-2023-PT4MT7ISAVG47P56LAFJIVBACM.php\" target=\"_blank\" rel=\"noreferrer nofollow noopener\">Spider-Man<\/a> : Beyond the Spider-Verse \u00bb.<\/p>\n<p class=\"paragraph text_align_left lp-f-body-02\">\u00ab L\u2019h\u00e9ritage de Kelley perdurera \u00e0 travers ses contributions au cin\u00e9ma et \u00e0 la t\u00e9l\u00e9vision, et dans le c\u0153ur de ceux qui l\u2019aimaient. Elle manquera profond\u00e9ment \u00e0 tous ceux qui se souviendront \u00e0 jamais de son talent, de sa gentillesse et de son dynamisme \u00bb, conclut le communiqu\u00e9.<\/p>\n","protected":false},"excerpt":{"rendered":"Kelley Mack, une actrice connue pour avoir jou\u00e9 dans la neuvi\u00e8me saison de \u00ab The Walking Dead \u00bb,&hellip;\n","protected":false},"author":2,"featured_media":300466,"comment_status":"","ping_status":"","sticky":false,"template":"","format":"standard","meta":{"footnotes":""},"categories":[2],"tags":[11,872,1011,27,12,1314],"class_list":{"0":"post-300465","1":"post","2":"type-post","3":"status-publish","4":"format-standard","5":"has-post-thumbnail","7":"category-actualites","8":"tag-actualites","9":"tag-culture-et-loisirs","10":"tag-fr","11":"tag-france","12":"tag-news","13":"tag-series"},"share_on_mastodon":{"url":"https:\/\/pubeurope.com\/@fr\/114982056469527218","error":""},"_links":{"self":[{"href":"https:\/\/www.europesays.com\/fr\/wp-json\/wp\/v2\/posts\/300465","targetHints":{"allow":["GET"]}}],"collection":[{"href":"https:\/\/www.europesays.com\/fr\/wp-json\/wp\/v2\/posts"}],"about":[{"href":"https:\/\/www.europesays.com\/fr\/wp-json\/wp\/v2\/types\/post"}],"author":[{"embeddable":true,"href":"https:\/\/www.europesays.com\/fr\/wp-json\/wp\/v2\/users\/2"}],"replies":[{"embeddable":true,"href":"https:\/\/www.europesays.com\/fr\/wp-json\/wp\/v2\/comments?post=300465"}],"version-history":[{"count":0,"href":"https:\/\/www.europesays.com\/fr\/wp-json\/wp\/v2\/posts\/300465\/revisions"}],"wp:featuredmedia":[{"embeddable":true,"href":"https:\/\/www.europesays.com\/fr\/wp-json\/wp\/v2\/media\/300466"}],"wp:attachment":[{"href":"https:\/\/www.europesays.com\/fr\/wp-json\/wp\/v2\/media?parent=300465"}],"wp:term":[{"taxonomy":"category","embeddable":true,"href":"https:\/\/www.europesays.com\/fr\/wp-json\/wp\/v2\/categories?post=300465"},{"taxonomy":"post_tag","embeddable":true,"href":"https:\/\/www.europesays.com\/fr\/wp-json\/wp\/v2\/tags?post=300465"}],"curies":[{"name":"wp","href":"https:\/\/api.w.org\/{rel}","templated":true}]}}