{"id":300469,"date":"2025-08-06T13:29:17","date_gmt":"2025-08-06T13:29:17","guid":{"rendered":"https:\/\/www.europesays.com\/fr\/300469\/"},"modified":"2025-08-06T13:29:17","modified_gmt":"2025-08-06T13:29:17","slug":"saint-etienne-deux-conducteurs-sans-permis-et-sans-assurance-lun-ivre-lautre-sous-stupefiants","status":"publish","type":"post","link":"https:\/\/www.europesays.com\/fr\/300469\/","title":{"rendered":"Saint-\u00c9tienne. Deux conducteurs sans permis et sans assurance, l\u2019un ivre, l\u2019autre sous stup\u00e9fiants"},"content":{"rendered":"<p>Le ph\u00e9nom\u00e8ne est en plein essor et les deux conducteurs interpell\u00e9s le 4\u00a0ao\u00fbt en sont l\u2019illustration\u00a0: les conduites sans permis et sans assurance se multiplient. Comme cet homme de 45 ans contr\u00f4l\u00e9 lundi, pr\u00e8s de la place Chavanelle, apr\u00e8s qu\u2019une patrouille l\u2019eut arr\u00eat\u00e9 parce que les feux arri\u00e8re de son v\u00e9hicule ne fonctionnaient pas.<\/p>\n<p>Pas de permis, ni d\u2019assurance, donc, mais un \u00e9tat d\u2019alcool\u00e9mie bien avanc\u00e9. \u00c0 tel point qu\u2019il a refus\u00e9 de souffler dans l\u2019\u00e9thylotest, ce qui lui vaudra d\u2019\u00eatre poursuivi pour ce d\u00e9lit suppl\u00e9mentaire lorsqu\u2019il passera devant le tribunal.<\/p>\n<p>  Garde \u00e0 vue et convocation devant le tribunal<\/p>\n<p>Un peu plus t\u00f4t dans la journ\u00e9e, vers 16\u00a0h\u00a020, c\u2019est non loin de la place Carnot qu\u2019un homme de 32 ans a \u00e9t\u00e9 arr\u00eat\u00e9 pour les m\u00eames faits. \u00c0 la diff\u00e9rence qu\u2019il n\u2019\u00e9tait pas positif \u00e0 l\u2019alcool\u2026 mais aux stup\u00e9fiants, et que son v\u00e9hicule faisait l\u2019objet d\u2019une immobilisation.<\/p>\n<p>Lui aussi a termin\u00e9 la journ\u00e9e en garde \u00e0 vue, avant de se voir d\u00e9livrer une convocation devant le tribunal correctionnel.<\/p>\n","protected":false},"excerpt":{"rendered":"Le ph\u00e9nom\u00e8ne est en plein essor et les deux conducteurs interpell\u00e9s le 4\u00a0ao\u00fbt en sont l\u2019illustration\u00a0: les conduites&hellip;\n","protected":false},"author":2,"featured_media":300470,"comment_status":"","ping_status":"","sticky":false,"template":"","format":"standard","meta":{"footnotes":""},"categories":[9653],"tags":[1111,11,2430,271,272,7539,1777,674,274,107,1011,27,3367,12,25,4001,7538],"class_list":{"0":"post-300469","1":"post","2":"type-post","3":"status-publish","4":"format-standard","5":"has-post-thumbnail","7":"category-saint-etienne","8":"tag-actu","9":"tag-actualites","10":"tag-auvergne-rhone-alpes","11":"tag-crime","12":"tag-delit-et-contravention","13":"tag-edition-loire-sud","14":"tag-eu","15":"tag-europe","16":"tag-faits-divers-justice","17":"tag-fil-info","18":"tag-fr","19":"tag-france","20":"tag-loire","21":"tag-news","22":"tag-republique-francaise","23":"tag-saint-etienne","24":"tag-saint-etienne-ville"},"share_on_mastodon":{"url":"https:\/\/pubeurope.com\/@fr\/114982064290618423","error":""},"_links":{"self":[{"href":"https:\/\/www.europesays.com\/fr\/wp-json\/wp\/v2\/posts\/300469","targetHints":{"allow":["GET"]}}],"collection":[{"href":"https:\/\/www.europesays.com\/fr\/wp-json\/wp\/v2\/posts"}],"about":[{"href":"https:\/\/www.europesays.com\/fr\/wp-json\/wp\/v2\/types\/post"}],"author":[{"embeddable":true,"href":"https:\/\/www.europesays.com\/fr\/wp-json\/wp\/v2\/users\/2"}],"replies":[{"embeddable":true,"href":"https:\/\/www.europesays.com\/fr\/wp-json\/wp\/v2\/comments?post=300469"}],"version-history":[{"count":0,"href":"https:\/\/www.europesays.com\/fr\/wp-json\/wp\/v2\/posts\/300469\/revisions"}],"wp:featuredmedia":[{"embeddable":true,"href":"https:\/\/www.europesays.com\/fr\/wp-json\/wp\/v2\/media\/300470"}],"wp:attachment":[{"href":"https:\/\/www.europesays.com\/fr\/wp-json\/wp\/v2\/media?parent=300469"}],"wp:term":[{"taxonomy":"category","embeddable":true,"href":"https:\/\/www.europesays.com\/fr\/wp-json\/wp\/v2\/categories?post=300469"},{"taxonomy":"post_tag","embeddable":true,"href":"https:\/\/www.europesays.com\/fr\/wp-json\/wp\/v2\/tags?post=300469"}],"curies":[{"name":"wp","href":"https:\/\/api.w.org\/{rel}","templated":true}]}}