{"id":30047,"date":"2025-04-16T21:48:10","date_gmt":"2025-04-16T21:48:10","guid":{"rendered":"https:\/\/www.europesays.com\/fr\/30047\/"},"modified":"2025-04-16T21:48:10","modified_gmt":"2025-04-16T21:48:10","slug":"legypte-et-le-bangladesh-figurent-sur-la-liste-europeenne-des-pays-dorigine-surs","status":"publish","type":"post","link":"https:\/\/www.europesays.com\/fr\/30047\/","title":{"rendered":"L&rsquo;\u00c9gypte et le Bangladesh figurent sur la liste europ\u00e9enne des \u00ab\u00a0pays d&rsquo;origine s\u00fbrs\u00a0\u00bb"},"content":{"rendered":"<p>La Commission europ\u00e9enne a pr\u00e9sent\u00e9 mercredi <strong>sa premi\u00e8re liste de \u00ab\u00a0pays d&rsquo;origine s\u00fbrs\u00a0\u00bb, dont les ressortissants feront l&rsquo;objet d&rsquo;un traitement acc\u00e9l\u00e9r\u00e9 de leur demande d&rsquo;asile, d&rsquo;un d\u00e9lai maximum de trois mois<\/strong>.<\/p>\n<p>La Commission consid\u00e8re que tous les \u00c9tats candidats \u00e0 l&rsquo;adh\u00e9sion \u00e0 l&rsquo;UE remplissent les crit\u00e8res pour \u00eatre d\u00e9sign\u00e9s comme pays d&rsquo;origine s\u00fbrs, \u00e0 l&rsquo;exception temporaire de l&rsquo;Ukraine en raison de la guerre qui s\u00e9vit sur son territoire.<\/p>\n<p>L&rsquo;Albanie, la Bosnie-Herz\u00e9govine, la G\u00e9orgie, la Moldavie, le Mont\u00e9n\u00e9gro, la Mac\u00e9doine du Nord, la Serbie et la Turquie figurent donc tous sur la liste. Sept autres pays les rejoignent : Kosovo, Bangladesh, Colombie, \u00c9gypte, Inde, Maroc et Tunisie.<\/p>\n<p>Les migrants de tous ces pays sont rarement accept\u00e9s comme r\u00e9fugi\u00e9s dans l&rsquo;Union europ\u00e9enne, avec <strong>des taux de reconnaissance \u00e9gaux ou inf\u00e9rieurs \u00e0 5 %, selon un fonctionnaire de l&rsquo;UE<\/strong>.<\/p>\n<p>Uniformiser les listes nationales de pays d&rsquo;origine s\u00fbrs<\/p>\n<p>La liste europ\u00e9enne doit maintenant \u00eatre approuv\u00e9e par le Parlement et les \u00c9tats membres, mais <strong>elle n&rsquo;est pas destin\u00e9e \u00e0 remplacer les listes nationales<\/strong>.<\/p>\n<p>En effet, de nombreux pays de l&rsquo;UE disposent de leur propre liste de pays d&rsquo;origine s\u00fbrs, dont les demandeurs d&rsquo;asile font d\u00e9j\u00e0 l&rsquo;objet de proc\u00e9dures acc\u00e9l\u00e9r\u00e9es.<\/p>\n<p>Par exemple, la liste de l&rsquo;Italie comprend 19 pays, dont le Ghana, le S\u00e9n\u00e9gal et l&rsquo;Alg\u00e9rie. L&rsquo;Allemagne compte actuellement neuf pays sur sa liste, mais le nouveau gouvernement souhaite l&rsquo;\u00e9largir consid\u00e9rablement en y incluant l&rsquo;Alg\u00e9rie, l&rsquo;Inde, le Maroc et la Tunisie.<\/p>\n<p>La Commission affirme que <strong>sa liste commune encouragera la convergence entre les listes nationales des \u00c9tats membres<\/strong>.<\/p>\n<p><b class=\"c-widget-related__title__text\">Related<\/b><\/p>\n<p>La liste de l&rsquo;UE des pays d&rsquo;origine s\u00fbrs est \u00e9galement \u00ab\u00a0dynamique\u00a0\u00bb, ce qui signifie que <strong>des nations peuvent en \u00eatre supprim\u00e9es et que de nouvelles peuvent y \u00eatre inclues<\/strong>.<\/p>\n<p>La Commission r\u00e9examinera r\u00e9guli\u00e8rement les conditions de chaque pays figurant sur la liste, pr\u00e9cise le fonctionnaire, en ajoutant : \u00ab\u00a0Le fait qu&rsquo;un pays ne figure pas actuellement sur la liste ne signifie pas qu&rsquo;il n&rsquo;est pas n\u00e9cessairement s\u00fbr\u00a0\u00bb.<\/p>\n<p>Une d\u00e9signation controvers\u00e9e<\/p>\n<p>Cette d\u00e9signation de pays d&rsquo;origine s\u00fbrs a fait l&rsquo;objet de multiples controverses ces derni\u00e8res ann\u00e9es dans l&rsquo;UE.<\/p>\n<p>Dans plusieurs \u00c9tats membres, <strong>des tribunaux ont bloqu\u00e9 l&rsquo;expulsion d&rsquo;un migrant ou le traitement de sa demande d&rsquo;asile dans le cadre d&rsquo;une proc\u00e9dure acc\u00e9l\u00e9r\u00e9e, au motif que son pays d&rsquo;origine ne pouvait pas \u00eatre consid\u00e9r\u00e9 comme s\u00fbr<\/strong>.<\/p>\n<p>L&rsquo;Albanie a accept\u00e9 d&rsquo;accueillir temporairement sur son territoire des migrants originaires du Bangladesh et d&rsquo;\u00c9gypte envoy\u00e9s par l&rsquo;Italie, en attendant que les autorit\u00e9s italiennes \u00e9valuent leur demande d&rsquo;asile dans le cadre d&rsquo;une proc\u00e9dure acc\u00e9l\u00e9r\u00e9e.<\/p>\n<p><img decoding=\"async\" class=\"caas-img caas-lazy has-preview\" alt=\"Un centre de migrants, \u00e0 droite, vu depuis un drone dans le port de Shengjin, au nord-ouest de l'Albanie, le jeudi 25 juillet 2024.\" src=\"https:\/\/www.europesays.com\/fr\/wp-content\/uploads\/2025\/04\/f8c45345c0f031cff62d4f186e6104c2.jpeg\"\/><\/p>\n<p> Un centre de migrants, \u00e0 droite, vu depuis un drone dans le port de Shengjin, au nord-ouest de l&rsquo;Albanie, le jeudi 25 juillet 2024.   &#8211; AP Photo\/Vlasov Sulaj <\/p>\n<p>Mais des tribunaux italiens ont <a href=\"https:\/\/fr.news.yahoo.com\/troisi%C3%A8me-%C3%A9chec-litalie-doit-%C3%A0-154105547.html\" data-ylk=\"slk:bloqu\u00e9 les transferts;elm:context_link;itc:0;sec:content-canvas;outcm:mb_qualified_link;_E:mb_qualified_link;ct:story;\" class=\"link  yahoo-link\" target=\"_blank\" rel=\"noopener\"><strong>bloqu\u00e9 les transferts<\/strong><\/a>, renvoyant l&rsquo;affaire devant la Cour de justice de l&rsquo;UE, car il n&rsquo;\u00e9tait pas certain que les pays d&rsquo;origine des migrants puissent \u00eatre consid\u00e9r\u00e9s comme totalement s\u00fbrs.<\/p>\n<p>La Commission tient compte de ce probl\u00e8me dans sa liste, en <strong>offrant aux \u00c9tats membres la possibilit\u00e9 d&rsquo;exclure certaines parties d&rsquo;un pays s\u00fbr de la d\u00e9signation<\/strong>.<\/p>\n<p>Enfin, attention \u00e0 ne pas confondre la notion de \u00ab\u00a0pays d&rsquo;origine s\u00fbr\u00a0\u00bb de celle de \u00ab\u00a0pays tiers s\u00fbr\u00a0\u00bb, qui vise \u00e0 d\u00e9signer les \u00c9tats non membres de l&rsquo;UE o\u00f9 les demandeurs d&rsquo;asile d\u00e9bout\u00e9s de l&rsquo;Union peuvent \u00eatre expuls\u00e9s.<\/p>\n","protected":false},"excerpt":{"rendered":"La Commission europ\u00e9enne a pr\u00e9sent\u00e9 mercredi sa premi\u00e8re liste de \u00ab\u00a0pays d&rsquo;origine s\u00fbrs\u00a0\u00bb, dont les ressortissants feront l&rsquo;objet&hellip;\n","protected":false},"author":2,"featured_media":30048,"comment_status":"","ping_status":"","sticky":false,"template":"","format":"standard","meta":{"footnotes":""},"categories":[1586],"tags":[11,10418,1777,674,1779,1011,27,10419,5110,12,10417,25,1778,364],"class_list":{"0":"post-30047","1":"post","2":"type-post","3":"status-publish","4":"format-standard","5":"has-post-thumbnail","7":"category-europe","8":"tag-actualites","9":"tag-demande-dasile","10":"tag-eu","11":"tag-europe","12":"tag-european-union","13":"tag-fr","14":"tag-france","15":"tag-la-commission","16":"tag-liste","17":"tag-news","18":"tag-pays-dorigine","19":"tag-republique-francaise","20":"tag-ue","21":"tag-union-europeenne"},"share_on_mastodon":{"url":"https:\/\/pubeurope.com\/@fr\/114349847648897390","error":""},"_links":{"self":[{"href":"https:\/\/www.europesays.com\/fr\/wp-json\/wp\/v2\/posts\/30047","targetHints":{"allow":["GET"]}}],"collection":[{"href":"https:\/\/www.europesays.com\/fr\/wp-json\/wp\/v2\/posts"}],"about":[{"href":"https:\/\/www.europesays.com\/fr\/wp-json\/wp\/v2\/types\/post"}],"author":[{"embeddable":true,"href":"https:\/\/www.europesays.com\/fr\/wp-json\/wp\/v2\/users\/2"}],"replies":[{"embeddable":true,"href":"https:\/\/www.europesays.com\/fr\/wp-json\/wp\/v2\/comments?post=30047"}],"version-history":[{"count":0,"href":"https:\/\/www.europesays.com\/fr\/wp-json\/wp\/v2\/posts\/30047\/revisions"}],"wp:featuredmedia":[{"embeddable":true,"href":"https:\/\/www.europesays.com\/fr\/wp-json\/wp\/v2\/media\/30048"}],"wp:attachment":[{"href":"https:\/\/www.europesays.com\/fr\/wp-json\/wp\/v2\/media?parent=30047"}],"wp:term":[{"taxonomy":"category","embeddable":true,"href":"https:\/\/www.europesays.com\/fr\/wp-json\/wp\/v2\/categories?post=30047"},{"taxonomy":"post_tag","embeddable":true,"href":"https:\/\/www.europesays.com\/fr\/wp-json\/wp\/v2\/tags?post=30047"}],"curies":[{"name":"wp","href":"https:\/\/api.w.org\/{rel}","templated":true}]}}