{"id":300477,"date":"2025-08-06T13:35:10","date_gmt":"2025-08-06T13:35:10","guid":{"rendered":"https:\/\/www.europesays.com\/fr\/300477\/"},"modified":"2025-08-06T13:35:10","modified_gmt":"2025-08-06T13:35:10","slug":"the-bubble-festival-un-vent-dalbanie-debarque-vers-montpellier","status":"publish","type":"post","link":"https:\/\/www.europesays.com\/fr\/300477\/","title":{"rendered":"The Bubble Festival, un vent d\u2019Albanie d\u00e9barque vers Montpellier"},"content":{"rendered":"<p>Le collectif montpelli\u00e9rain <a href=\"https:\/\/www.instagram.com\/rbor__\/\" target=\"_blank\" rel=\"noreferrer noopener\">The Bubble<\/a> poursuit son exploration des formats immersifs en plein air. Prochain rendez-vous : le <strong>16 ao\u00fbt \u00e0 la Manade Boch<\/strong>, \u00e0 Lansargues, \u00e0 15 minutes de Montpellier. Cette nouvelle \u00e9dition promet un d\u00e9cor organique et vibrant : une clairi\u00e8re bord\u00e9e de roseaux, baign\u00e9e de lumi\u00e8re, transform\u00e9e pour l\u2019occasion en sanctuaire \u00e9lectronique. Le tout de 17h \u00e0 4h du matin, dans un <strong>format intimiste<\/strong> <strong>et ouvert<\/strong>, fid\u00e8le \u00e0 l\u2019ADN du projet.<\/p>\n<p>Pour cette \u00e9dition estivale, les organisateurs invitent les participants \u00e0 entrer pleinement dans l\u2019univers avec un dress code \u00e9vocateur : Mystic Jungle. Une immersion visuelle et sensorielle pens\u00e9e comme un tout. La sc\u00e9nographie, le son, les lumi\u00e8res et les tenues dialogueront pour cr\u00e9er une bulle, hors du temps.<\/p>\n<p>Enfin, on note la pr\u00e9sence du duo albanais <a href=\"https:\/\/www.instagram.com\/rbor__\/\" target=\"_blank\" rel=\"noreferrer noopener\">Rbor<\/a>, qui signera ici sa toute premi\u00e8re apparition en France. Apr\u00e8s un passage au festival Untold en Roumanie la semaine pr\u00e9c\u00e9dente, ils d\u00e9posent leurs valises pr\u00e8s de Montpellier. Ils apportent avec eux un son percussif, taill\u00e9 pour les dancefloors sauvages. Ils seront accompagn\u00e9s par plusieurs DJs et producteurs locaux, tels que Jats et Targa, piliers de la sc\u00e8ne montpelli\u00e9raine et soutiens du projet depuis ses d\u00e9buts.<\/p>\n<p class=\"has-text-align-center\"><a href=\"https:\/\/shotgun.live\/fr\/events\/the-bubble-mystic-jungle-16-aout-open-air-festival\" target=\"_blank\" rel=\"noreferrer noopener\">Toutes les informations et la billetterie pour The Bubble sont \u00e0 retrouver juste ici !<\/a><\/p>\n<p><script async src=\"\/\/www.instagram.com\/embed.js\"><\/script><\/p>\n","protected":false},"excerpt":{"rendered":"Le collectif montpelli\u00e9rain The Bubble poursuit son exploration des formats immersifs en plein air. Prochain rendez-vous : le&hellip;\n","protected":false},"author":2,"featured_media":300478,"comment_status":"","ping_status":"","sticky":false,"template":"","format":"standard","meta":{"footnotes":""},"categories":[9599],"tags":[1111,11,1777,674,3337,1011,27,2208,12,2680,44079,25,44080],"class_list":{"0":"post-300477","1":"post","2":"type-post","3":"status-publish","4":"format-standard","5":"has-post-thumbnail","7":"category-montpellier","8":"tag-actu","9":"tag-actualites","10":"tag-eu","11":"tag-europe","12":"tag-festivals","13":"tag-fr","14":"tag-france","15":"tag-montpellier","16":"tag-news","17":"tag-occitanie","18":"tag-rbor","19":"tag-republique-francaise","20":"tag-the-bubble"},"share_on_mastodon":{"url":"https:\/\/pubeurope.com\/@fr\/114982087709007496","error":""},"_links":{"self":[{"href":"https:\/\/www.europesays.com\/fr\/wp-json\/wp\/v2\/posts\/300477","targetHints":{"allow":["GET"]}}],"collection":[{"href":"https:\/\/www.europesays.com\/fr\/wp-json\/wp\/v2\/posts"}],"about":[{"href":"https:\/\/www.europesays.com\/fr\/wp-json\/wp\/v2\/types\/post"}],"author":[{"embeddable":true,"href":"https:\/\/www.europesays.com\/fr\/wp-json\/wp\/v2\/users\/2"}],"replies":[{"embeddable":true,"href":"https:\/\/www.europesays.com\/fr\/wp-json\/wp\/v2\/comments?post=300477"}],"version-history":[{"count":0,"href":"https:\/\/www.europesays.com\/fr\/wp-json\/wp\/v2\/posts\/300477\/revisions"}],"wp:featuredmedia":[{"embeddable":true,"href":"https:\/\/www.europesays.com\/fr\/wp-json\/wp\/v2\/media\/300478"}],"wp:attachment":[{"href":"https:\/\/www.europesays.com\/fr\/wp-json\/wp\/v2\/media?parent=300477"}],"wp:term":[{"taxonomy":"category","embeddable":true,"href":"https:\/\/www.europesays.com\/fr\/wp-json\/wp\/v2\/categories?post=300477"},{"taxonomy":"post_tag","embeddable":true,"href":"https:\/\/www.europesays.com\/fr\/wp-json\/wp\/v2\/tags?post=300477"}],"curies":[{"name":"wp","href":"https:\/\/api.w.org\/{rel}","templated":true}]}}