{"id":300479,"date":"2025-08-06T13:38:12","date_gmt":"2025-08-06T13:38:12","guid":{"rendered":"https:\/\/www.europesays.com\/fr\/300479\/"},"modified":"2025-08-06T13:38:12","modified_gmt":"2025-08-06T13:38:12","slug":"paris-rouen-montpellier-recrudescence-dagressions-commises-en-langue-arabe","status":"publish","type":"post","link":"https:\/\/www.europesays.com\/fr\/300479\/","title":{"rendered":"Paris, Rouen, Montpellier\u2026 recrudescence d&rsquo;agressions commises en langue arabe"},"content":{"rendered":"<p>\u00ab Zemel ! \u00bb. C\u2019est par cette insulte arabe \u00e0 caract\u00e8re homophobe que l\u2019agression de l\u2019influenceuse trans Calysta a d\u00e9but\u00e9, mardi 29 juillet dernier. Elle travaillait dans un bar de Bruxelles, lorsqu\u2019un groupe de \u00ab gar\u00e7ons \u00bb l\u2019a accost\u00e9e. \u00ab J&rsquo;ai commenc\u00e9 \u00e0 discuter avec eux, ils ont commenc\u00e9 \u00e0 m&rsquo;insulter de \u00ab\u00a0zemel\u00a0\u00bb. Je connaissais le mot !, raconte-t-elle dans une vid\u00e9o partag\u00e9e sur Instagram o\u00f9 elle apparait, <a href=\"https:\/\/www.instagram.com\/reel\/DMvIR60Nu-N\/?utm_source=ig_embed\" target=\"_blank\" rel=\"noopener nofollow\">le visage en sang<\/a>. Ils ont commenc\u00e9 \u00e0 parler en marocain, ils pensaient que je ne comprenais rien du tout. Sauf que ce n\u2019est pas le cas&#8230; Je leur dis : \u00ab\u00a0Vous savez, je comprends tout ce que vous dites !\u00a0\u00bb \u00bb. Le ton est alors rapidement mont\u00e9 entre eux, jusqu\u2019\u00e0 ce que la make-up artist re\u00e7oive un verre en pleine t\u00eate. Malgr\u00e9 l\u2019intervention rapide d\u2019un vigile, les individus sont parvenus \u00e0 prendre la fuite avant l\u2019arriv\u00e9e de la police.<\/p>\n<blockquote class=\"twitter-tweet\">\n<p dir=\"ltr\" lang=\"fr\">Une influenceuse transgenre agress\u00e9e dans un bar \u00e0 Bruxelles : \u00ab Des gar\u00e7ons m&rsquo;ont insult\u00e9e de \u00ab\u00a0Zemel\u00a0\u00bb et parl\u00e9 en marocain en pensant que je ne comprenais pas \u00bb <a href=\"https:\/\/t.co\/u2e8Llp0Iw\" rel=\"nofollow\">https:\/\/t.co\/u2e8Llp0Iw<\/a> <a href=\"https:\/\/t.co\/p9Q0Idppmu\" rel=\"nofollow\">pic.twitter.com\/p9Q0Idppmu<\/a><\/p>\n<p>\u2014 Fdesouche.com est une revue de presse (@F_Desouche) <a href=\"https:\/\/twitter.com\/F_Desouche\/status\/1952725216813031851?ref_src=twsrc%5Etfw\" rel=\"nofollow noopener\" target=\"_blank\">August 5, 2025<\/a><\/p>\n<\/blockquote>\n<p>\u00ab\u00a0J\u2019ai \u00e9t\u00e9 humili\u00e9e devant tout le monde, certains rigolaient\u2026 personne n\u2019a boug\u00e9\u00a0\u00bb, d\u00e9plore la victime sur ses r\u00e9seaux. Si les messages de soutien \u00e0 Calysta se comptent par dizaines, d\u2019autres semblent en effet se r\u00e9jouir de la violente altercation. \u00ab\u00a0C&rsquo;est bien fait pour toi\u00a0\u00bb, a ainsi comment\u00e9 un certain Batobakala. \u00ab Cheh ! \u00bb, a ajout\u00e9 un d\u00e9nomm\u00e9 Ali, jugeant opportun d\u2019user du m\u00eame dialecte que les agresseurs de la jeune trans.<\/p>\n<p>La violence en VOST<\/p>\n<p>Cette sp\u00e9cificit\u00e9 linguistique n\u2019est pas isol\u00e9e. Dans de nombreuses villes fran\u00e7aises d\u00e9sormais, un certain nombre d\u2019agressions sont commises par des individus s\u2019exprimant en arabe. C\u2019\u00e9tait le cas \u00e0 Montpellier, le 21 juillet, o\u00f9 un conducteur de tramway a \u00e9t\u00e9 violemment pris \u00e0 partie sur le quai par un homme l\u2019insultant en arabe et le mena\u00e7ant de le <a href=\"https:\/\/www.midilibre.fr\/2025\/07\/26\/un-conducteur-de-tramway-insulte-menace-et-legerement-blesse-au-ventre-par-un-individu-arme-a-la-station-mosson-a-montpellier-12846119.php\" target=\"_blank\" rel=\"noopener nofollow\">\u00ab planter \u00bb<\/a>. Quelques jours plus t\u00f4t, mardi 8 juillet, un homme arm\u00e9 d\u2019un couteau a attaqu\u00e9 un policier \u00e0 Rouen avant de tenter de s\u2019en prendre au public venu assister \u00e0 la quatri\u00e8me \u00e9tape du Tour de France. D\u2019apr\u00e8s une source polici\u00e8re \u00e0 <a href=\"https:\/\/www.cnews.fr\/france\/2025-07-08\/attaque-au-couteau-lors-du-tour-de-france-profil-dangereux-vetu-dune-djellaba-en\" target=\"_blank\" rel=\"noopener nofollow\">CNews<\/a>, l\u2019assaillant \u00e9tait porteur d\u2019une djellaba et parlait arabe au moment de l\u2019attaque. Et c\u2019est encore ce m\u00eame dialecte qui \u00e9tait employ\u00e9 par un homme arr\u00eat\u00e9 au mois de juin, <a href=\"https:\/\/www.ledauphine.com\/faits-divers-justice\/2025\/06\/22\/des-femmes-victimes-de-piqures-durant-la-fete-de-la-musique-a-chambery-un-suspect-arrete-ca-a-ete-une-chasse-a-l-homme-dans-le-carre-curial\" target=\"_blank\" rel=\"noopener nofollow\">suspect\u00e9 d\u2019avoir piqu\u00e9 \u00e0 la seringue<\/a> des femmes lors de la F\u00eate de la Musique, \u00e0 Chamb\u00e9ry\u2026<\/p>\n<p>Depuis quelques ann\u00e9es, la presse regorge de faits semblables. En novembre 2023, par exemple, un mineur a \u00e9t\u00e9 interpel\u00e9 \u00e0 Paris pour avoir agress\u00e9 un homme en tenue religieuse juive dans le m\u00e9tro. Selon les enqu\u00eateurs, <a href=\"https:\/\/www.europe1.fr\/faits-divers\/paris-un-adolescent-en-garde-a-vue-pour-lagression-dun-homme-dans-le-metro-en-tenue-de-rabbin-4213529\" target=\"_blank\" rel=\"noopener nofollow\">l&rsquo;agresseur lui avait parl\u00e9 en arabe<\/a> avant de lui porter un violent coup de pied dans le dos. En f\u00e9vrier 2023, un SDF en situation irr\u00e9guli\u00e8re sur le territoire a \u00e9t\u00e9 condamn\u00e9 pour l\u2019agression sexuelle d\u2019un coll\u00e9gien, survenue l\u2019ann\u00e9e pr\u00e9c\u00e9dente : il s\u2019\u00e9tait exprim\u00e9 au gar\u00e7on en arabe, avant de l\u2019attirer dans un lieu isol\u00e9 pour mieux l\u2019abuser. \u00ab Si tu cries, je te tue \u00bb, lui aurait-il intim\u00e9.<\/p>\n<blockquote class=\"twitter-tweet\">\n<p dir=\"ltr\" lang=\"fr\">N\u00eemes (30) : d\u00e9j\u00e0 condamn\u00e9 pour \u00ab\u00a0des atteintes sexuelles\u00a0\u00bb en 2014, un migrant clandestin, \u00ab\u00a0parlant en arabe\u00a0\u00bb, condamn\u00e9 pour agression sexuelle sur un gar\u00e7on de 12 ans, qui sortait du coll\u00e8ge. \u00ab\u00a0Si tu parles, je te tue\u00a0\u00bb<a href=\"https:\/\/t.co\/K5iCUY5dku\" rel=\"nofollow\">https:\/\/t.co\/K5iCUY5dku<\/a> <a href=\"https:\/\/t.co\/tgshaYOGdr\" rel=\"nofollow\">pic.twitter.com\/tgshaYOGdr<\/a><\/p>\n<p>\u2014 Fdesouche.com est une revue de presse (@F_Desouche) <a href=\"https:\/\/twitter.com\/F_Desouche\/status\/1628145358177017858?ref_src=twsrc%5Etfw\" rel=\"nofollow noopener\" target=\"_blank\">February 21, 2023<\/a><\/p>\n<\/blockquote>\n<p>On ne compte plus, aussi, les attentats ou tentatives de meurtres commis aux cris rituels d\u2019\u00ab\u00a0Allah Akbar\u00a0\u00bb. Pas plus tard que dimanche dernier, un individu v\u00eatu d\u2019une djellaba a \u00e9t\u00e9 <a href=\"https:\/\/www.lefigaro.fr\/faits-divers\/val-de-marne-un-homme-tente-de-poignarder-un-inconnu-aux-cris-d-allah-akbar-car-il-refuse-de-se-dire-musulman-20250804\" target=\"_blank\" rel=\"noopener nofollow\">interpell\u00e9<\/a> dans le Val-de-Marne apr\u00e8s avoir pouss\u00e9 le fameux cri de guerre et tent\u00e9 de poignarder un homme qui refusait de se dire musulman.<\/p>\n<p>Il y a aussi l\u2019insulte d\u00e9sormais bien connue \u00ab gwer \u00bb, qu\u2019on peut traduire par \u00ab sale Blanc \u00bb. Si ce terme arabe est parfois prononc\u00e9 sur le ton de la mauvaise plaisanterie, il est \u00e9galement employ\u00e9 dans des circonstances nettement moins dr\u00f4les. \u00ab C\u2019est l\u2019insulte raciste anti-blanc qui a \u00e9t\u00e9 ass\u00e9n\u00e9e \u00e0 Cr\u00e9pol avant que Thomas soit poignard\u00e9 mortellement \u00bb, <a href=\"https:\/\/x.com\/MonnierThibaut\/status\/1926547591296061692\" target=\"_blank\" rel=\"noopener nofollow\">rappelle ainsi Thibaut Monnier, d\u00e9put\u00e9 de la Dr\u00f4me<\/a>. Sur une vid\u00e9o disponible, on entend en effet des jeunes lancer \u00ab Vas-y, putain de gwer ! \u00bb, en direction des villageois qui participaient au bal.<\/p>\n<p>Un bouleversement linguistique qui fait des heureux<\/p>\n<p>Pourtant, l\u2019usage d\u00e9sormais massif de l\u2019arabe en France ne semble pas d\u00e9plaire \u00e0 tout le monde. On pense \u00e0 ces linguistes, qui se f\u00e9licitent d\u2019<a href=\"https:\/\/www.rtl.fr\/actu\/debats-societe\/wesh-ca-dit-quoi-belek-il-faut-valoriser-ces-nouvelles-facons-de-parler-sans-forcement-s-en-emerveiller-considere-un-linguiste-7900483108\" target=\"_blank\" rel=\"noopener nofollow\">entendre nos enfants prononcer les mots \u00ab wesh \u00bb, ou \u00ab belek \u00bb<\/a>, \u00e0 Jack Lang, qui vient de publier un nouveau livre intitul\u00e9 La Langue arabe, une chance pour la France (Gallimard), ou encore au directeur du festival d\u2019Avignon, qui a choisi de faire de l\u2019arabe la \u00ab<a href=\"https:\/\/www.radiofrance.fr\/franceculture\/podcasts\/l-info-culturelle-reportages-enquetes-analyses\/festival-d-avignon-la-langue-arabe-fil-rouge-d-une-79e-edition-qui-dialogue-avec-l-actualite-6477920#:~:text=La%20langue%20arabe%20est%20la,grands%20ph%C3%A9nom%C3%A8nes%20de%20notre%20temps.\" target=\"_blank\" rel=\"noopener nofollow\"> langue invit\u00e9e<\/a> \u00bb de l\u2019\u00e9dition 2025.<\/p>\n<p>Du c\u00f4t\u00e9 des politiques aussi, certains accompagnent le mouvement avec enthousiasme. On se souvient par exemple qu\u2019en juin 2024, le Nouveau Front Populaire avait annonc\u00e9 la tenue d\u2019une r\u00e9union \u00ab contre l\u2019extr\u00eame droite \u00bb \u00e0 l\u2019aide d\u2019une affiche r\u00e9dig\u00e9e\u2026 <a href=\"https:\/\/www.bvoltaire.fr\/exclu-en-gironde-un-tract-nouveau-front-populaire-redige-en-arabe\/\" target=\"_blank\" rel=\"noopener nofollow\">en arabe<\/a>. Histoire d\u2019\u00eatre bien compris de ses \u00e9lecteurs ?<\/p>\n<p>                    <a href=\"#\" rel=\"nofollow\" onclick=\"window.print(); pfTrackEvent('Paris, Rouen,  Montpellier\u2026 recrudescence d\u2019agressions commises en langue arabe'); return false;\" title=\"Printer Friendly, PDF &amp; Email\"><br \/>\n                    <img decoding=\"async\" src=\"https:\/\/www.europesays.com\/fr\/wp-content\/uploads\/2025\/04\/printfriendly-icon-sm.png\" alt=\"Print Friendly, PDF &amp; Email\" class=\"pf-button-img\" style=\"width: 17px;height: 17px;\"\/>Imprimer, enregistrer en PDF cet article<br \/>\n                    <\/a><br \/>\n                <script async src=\"https:\/\/platform.twitter.com\/widgets.js\" charset=\"utf-8\"><\/script><script async src=\"\/\/www.instagram.com\/embed.js\"><\/script><\/p>\n","protected":false},"excerpt":{"rendered":"\u00ab Zemel ! \u00bb. C\u2019est par cette insulte arabe \u00e0 caract\u00e8re homophobe que l\u2019agression de l\u2019influenceuse trans Calysta&hellip;\n","protected":false},"author":2,"featured_media":300480,"comment_status":"","ping_status":"","sticky":false,"template":"","format":"standard","meta":{"footnotes":""},"categories":[9587],"tags":[1111,11,1777,674,1011,27,12,5161,25,9590],"class_list":{"0":"post-300479","1":"post","2":"type-post","3":"status-publish","4":"format-standard","5":"has-post-thumbnail","7":"category-rouen","8":"tag-actu","9":"tag-actualites","10":"tag-eu","11":"tag-europe","12":"tag-fr","13":"tag-france","14":"tag-news","15":"tag-normandie","16":"tag-republique-francaise","17":"tag-rouen"},"share_on_mastodon":{"url":"https:\/\/pubeurope.com\/@fr\/114982099559752596","error":""},"_links":{"self":[{"href":"https:\/\/www.europesays.com\/fr\/wp-json\/wp\/v2\/posts\/300479","targetHints":{"allow":["GET"]}}],"collection":[{"href":"https:\/\/www.europesays.com\/fr\/wp-json\/wp\/v2\/posts"}],"about":[{"href":"https:\/\/www.europesays.com\/fr\/wp-json\/wp\/v2\/types\/post"}],"author":[{"embeddable":true,"href":"https:\/\/www.europesays.com\/fr\/wp-json\/wp\/v2\/users\/2"}],"replies":[{"embeddable":true,"href":"https:\/\/www.europesays.com\/fr\/wp-json\/wp\/v2\/comments?post=300479"}],"version-history":[{"count":0,"href":"https:\/\/www.europesays.com\/fr\/wp-json\/wp\/v2\/posts\/300479\/revisions"}],"wp:featuredmedia":[{"embeddable":true,"href":"https:\/\/www.europesays.com\/fr\/wp-json\/wp\/v2\/media\/300480"}],"wp:attachment":[{"href":"https:\/\/www.europesays.com\/fr\/wp-json\/wp\/v2\/media?parent=300479"}],"wp:term":[{"taxonomy":"category","embeddable":true,"href":"https:\/\/www.europesays.com\/fr\/wp-json\/wp\/v2\/categories?post=300479"},{"taxonomy":"post_tag","embeddable":true,"href":"https:\/\/www.europesays.com\/fr\/wp-json\/wp\/v2\/tags?post=300479"}],"curies":[{"name":"wp","href":"https:\/\/api.w.org\/{rel}","templated":true}]}}