{"id":300486,"date":"2025-08-06T13:44:09","date_gmt":"2025-08-06T13:44:09","guid":{"rendered":"https:\/\/www.europesays.com\/fr\/300486\/"},"modified":"2025-08-06T13:44:09","modified_gmt":"2025-08-06T13:44:09","slug":"deux-nouvelles-destinations-de-reve-bientot-desservies-depuis-laeroport-de-strasbourg","status":"publish","type":"post","link":"https:\/\/www.europesays.com\/fr\/300486\/","title":{"rendered":"deux nouvelles destinations de r\u00eave bient\u00f4t desservies depuis l&rsquo;a\u00e9roport de Strasbourg"},"content":{"rendered":"<p>            Par<br \/>\n        <strong><br \/>\n            <a href=\"https:\/\/actu.fr\/auteur\/ivan-capecchi\" title=\"Consulter tous les articles de Ivan CAPECCHI\" rel=\"nofollow noopener\" target=\"_blank\">Ivan CAPECCHI<\/a><br \/>\n        <\/strong><\/p>\n<p>        Publi\u00e9 le<\/p>\n<p>            6 ao\u00fbt 2025 \u00e0 15h10        <\/p>\n<p>La premi\u00e8re compagnie a\u00e9rienne de l\u2019<strong>a\u00e9roport de Strasbourg<\/strong> continue d\u2019\u00e9toffer son offre. Apr\u00e8s avoir c\u00e9l\u00e9br\u00e9 les dix ans de sa base strasbourgeoise en juillet, <a href=\"https:\/\/actu.fr\/tag\/volotea\" rel=\"nofollow noopener\" target=\"_blank\">Volotea<\/a> annonce l\u2019ajout de <strong>deux destinations<\/strong> \u00e0 son r\u00e9seau. Et ce, peu de temps apr\u00e8s <a href=\"https:\/\/actu.fr\/grand-est\/strasbourg_67482\/ryanair-annonce-quitter-l-aeroport-de-strasbourg-ce-qui-se-cache-derriere-ce-coup-de-tonnerre_62975713.html\" rel=\"nofollow noopener\" target=\"_blank\">l\u2019annonce tonitruante du retrait de Ryanair<\/a>\u2026<\/p>\n<p>Volotea ouvre deux nouvelles lignes depuis l\u2019a\u00e9roport de Strasbourg<\/p>\n<p class=\" wall-content\">\u00c0 partir du <strong>29 novembre 2025<\/strong>, de nouvelles liaisons directes seront propos\u00e9es depuis l\u2019a\u00e9roport de Strasbourg vers <strong>Porto (Portugal)<\/strong> et <strong>Agadir (Maroc)<\/strong>, annonce la <strong>compagnie a\u00e9rienne low cost Volotea<\/strong>.<\/p>\n<p class=\" wall-content\">Voici le d\u00e9tail :<\/p>\n<ul class=\" wall-content\">\n<li>Porto : <strong>deux vols hebdomadaires les mardis et vendredis<\/strong>, sauf pendant la p\u00e9riode de No\u00ebl (mardis et samedis).<\/li>\n<li>Agadir : <strong>un vol par semaine, le samedi<\/strong>.<\/li>\n<\/ul>\n<p>27 destinations desservies<\/p>\n<p class=\" wall-content\">Ces ouvertures viennent compl\u00e9ter les lignes d\u00e9j\u00e0 existantes de la compagnie vers <a href=\"https:\/\/actu.fr\/grand-est\/strasbourg_67482\/volotea-annonce-une-nouvelle-destination-ensoleillee-au-depart-de-strasbourg-pour-l-ete-2023_55110939.html\" rel=\"nofollow noopener\" target=\"_blank\">Faro au Portugal<\/a> et <strong>Marrakech<\/strong> au <strong>Maroc<\/strong>.<\/p>\n<p class=\" wall-content\">Volotea desservira ainsi <strong>27 destinations dans 7 pays<\/strong> depuis l\u2019a\u00e9roport strasbourgeois.<\/p>\n<p class=\" wall-content\">Suivez toute l\u2019actualit\u00e9 de vos villes et m\u00e9dias favoris en vous inscrivant \u00e0 <a href=\"https:\/\/moncompte.actu.fr\" title=\"D\u00e9couvez Mon Actu\" rel=\"nofollow noopener\" data-trk=\"{&quot;cta&quot;:{&quot;action&quot;:&quot;https:\\\/\\\/moncompte.actu.fr&quot;,&quot;category&quot;:&quot;mon compte&quot;,&quot;from&quot;:&quot;article footer&quot;,&quot;name&quot;:&quot;Mon actu&quot;,&quot;type&quot;:&quot;cta&quot;}}\" target=\"_blank\">Mon Actu<\/a>.<\/p>\n","protected":false},"excerpt":{"rendered":"Par Ivan CAPECCHI Publi\u00e9 le 6 ao\u00fbt 2025 \u00e0 15h10 La premi\u00e8re compagnie a\u00e9rienne de l\u2019a\u00e9roport de Strasbourg&hellip;\n","protected":false},"author":2,"featured_media":67072,"comment_status":"","ping_status":"","sticky":false,"template":"","format":"standard","meta":{"footnotes":""},"categories":[2820],"tags":[1111,11,1777,674,1011,27,775,12,25,104,640,11756],"class_list":{"0":"post-300486","1":"post","2":"type-post","3":"status-publish","4":"format-standard","5":"has-post-thumbnail","7":"category-strasbourg","8":"tag-actu","9":"tag-actualites","10":"tag-eu","11":"tag-europe","12":"tag-fr","13":"tag-france","14":"tag-grand-est","15":"tag-news","16":"tag-republique-francaise","17":"tag-societe","18":"tag-strasbourg","19":"tag-volotea"},"share_on_mastodon":{"url":"https:\/\/pubeurope.com\/@fr\/114982123209918749","error":""},"_links":{"self":[{"href":"https:\/\/www.europesays.com\/fr\/wp-json\/wp\/v2\/posts\/300486","targetHints":{"allow":["GET"]}}],"collection":[{"href":"https:\/\/www.europesays.com\/fr\/wp-json\/wp\/v2\/posts"}],"about":[{"href":"https:\/\/www.europesays.com\/fr\/wp-json\/wp\/v2\/types\/post"}],"author":[{"embeddable":true,"href":"https:\/\/www.europesays.com\/fr\/wp-json\/wp\/v2\/users\/2"}],"replies":[{"embeddable":true,"href":"https:\/\/www.europesays.com\/fr\/wp-json\/wp\/v2\/comments?post=300486"}],"version-history":[{"count":0,"href":"https:\/\/www.europesays.com\/fr\/wp-json\/wp\/v2\/posts\/300486\/revisions"}],"wp:featuredmedia":[{"embeddable":true,"href":"https:\/\/www.europesays.com\/fr\/wp-json\/wp\/v2\/media\/67072"}],"wp:attachment":[{"href":"https:\/\/www.europesays.com\/fr\/wp-json\/wp\/v2\/media?parent=300486"}],"wp:term":[{"taxonomy":"category","embeddable":true,"href":"https:\/\/www.europesays.com\/fr\/wp-json\/wp\/v2\/categories?post=300486"},{"taxonomy":"post_tag","embeddable":true,"href":"https:\/\/www.europesays.com\/fr\/wp-json\/wp\/v2\/tags?post=300486"}],"curies":[{"name":"wp","href":"https:\/\/api.w.org\/{rel}","templated":true}]}}