{"id":300489,"date":"2025-08-06T13:46:12","date_gmt":"2025-08-06T13:46:12","guid":{"rendered":"https:\/\/www.europesays.com\/fr\/300489\/"},"modified":"2025-08-06T13:46:12","modified_gmt":"2025-08-06T13:46:12","slug":"six-photos-qui-montent-lavancee-du-chantier-de-prolongement-de-la-coulee-verte-a-nice","status":"publish","type":"post","link":"https:\/\/www.europesays.com\/fr\/300489\/","title":{"rendered":"Six photos qui montent l\u2019avanc\u00e9e du chantier de prolongement de la coul\u00e9e verte \u00e0 Nice"},"content":{"rendered":"<p>                                1. Une livraison \u00e0 l&rsquo;automne<\/p>\n<p>              <img ci-src=\"https:\/\/www.nicematin.com\/vie-locale\/Image+NIC07Q202_CHR_COULEE+VERTE+2-7rSqWQhN.jpg?vh=abb3e5&amp;ci_seal=08177e2a2e\" alt=\"\"\/><br \/>\n         <strong>Photo Ch. R..<\/strong> <\/p>\n<p>L\u2019all\u00e9e du roi\u2026 Voil\u00e0 ce qu\u2019est devenu l\u2019ex-site d\u2019Acropolis. Un espace de 6,5 hectares s\u2019\u00e9tirant, dans le sens de la longueur, de la traverse Malraux (sortie de la voie rapide) \u00e0 la rue Barla et, dans la largeur \u2013 plus importante que la \u00ab\u00a0premi\u00e8re\u00a0\u00bb promenade du Paillon \u2013 de fa\u00e7ades \u00e0 fa\u00e7ades. Soit une future for\u00eat urbaine, laquelle, au total, avec la premi\u00e8re partie ouverte il y a un an, esplanade De-Lattre-de-Tassigny, recouvrira 8 hectares de poumon vert en plein c\u0153ur de Nice.<\/p>\n<p>Un chantier repr\u00e9sentant un budget global de 75 millions d\u2019euros (contre 40 millions pour la saison 1), \u00ab\u00a0qui sera livr\u00e9 le 18 octobre prochain\u00a0\u00bb, a promis Christian Estrosi, lors de la visite de chantier de ce mercredi 6 ao\u00fbt 2025.<\/p>\n<p>2. \u00ab\u00a0Diff\u00e9rents espaces, diff\u00e9rentes ambiances\u00a0\u00bb<\/p>\n<p>              <img ci-src=\"https:\/\/www.nicematin.com\/vie-locale\/protec\/DATA_ART_16033590-vQlfUInH.jpg?vh=6d13bb&amp;ci_seal=a96cdb24c3\" alt=\"\"\/><br \/>\n         <strong>Photo Ch. R..<\/strong> <\/p>\n<p>\u00ab\u00a0On ne cr\u00e9e pas un jardin, note Emmanuel Petiot, directeur g\u00e9n\u00e9ral adjoint Grands projets et transports \u00e0 la Ville de Nice et la M\u00e9tropole, mais diff\u00e9rents espaces, diff\u00e9rents \u00e9tats d\u2019esprit, diff\u00e9rentes ambiances.\u00a0\u00bb<\/p>\n<p>Concr\u00e8tement, les v\u00e9g\u00e9taux cohabiteront avec voies traversantes, rochers, \u00eelots de fra\u00eecheur, pi\u00e8ces d\u2019eau, jeu de boules, jardin p\u00e9dagogique de 250m2 rattach\u00e9 au mus\u00e9um d\u2019Histoire naturelle\u2026 \u00c0 la cl\u00e9: captation de pr\u00e8s de 125 tonnes de CO2 par an, et de 5 \u00e0 10 degr\u00e9s de moins.<\/p>\n<p>3. Du bois, du bois, du bois<\/p>\n<p>              <img ci-src=\"https:\/\/www.nicematin.com\/vie-locale\/protec\/DATA_ART_16033586-uY7Cyqzj.jpg?vh=05a1ab&amp;ci_seal=053d67ef5d\" alt=\"\"\/><br \/>\n         <strong>Photo Ch. R..<\/strong> <\/p>\n<p>Beaucoup de bois\u2026 Pour les pergolas, pour les jeux d\u2019enfants comme ces cabanes a\u00e9riennes aux allures de fl\u00fbtes de Pan, la tyrolienne, les assises du public\u2026<\/p>\n<p>Un \u00e9quipement de centre-ville tr\u00e8s nature, qui abaissera la temp\u00e9rature et le bruit. Ce qui r\u00e9jouit le maire Christian Estrosi: \u00ab\u00a0Cette for\u00eat urbaine va g\u00e9n\u00e9rer une fertilisation v\u00e9g\u00e9tale, humaine et animale avec oiseaux, \u00e9cureuils\u2026\u00a0\u00bb<\/p>\n<p>4. Les arbres commencent \u00e0 pousser<\/p>\n<p>              <img ci-src=\"https:\/\/www.nicematin.com\/vie-locale\/protec\/DATA_ART_16033589-YaPPIOk7.jpg?vh=9f27ca&amp;ci_seal=fd3a5a1c07\" alt=\"\"\/><br \/>\n         <strong>Photo Ch. R..<\/strong> <\/p>\n<p>250 vari\u00e9t\u00e9s d\u2019arbres sur cette promenade du Paillon saison 2. Qui commencent \u00e0 pousser. Comme la bambouseraie, d\u00e9j\u00e0 bien haute, des oliviers encore b\u00e9b\u00e9s, des palmiers graciles\u2026<\/p>\n<p>Esp\u00e8ces \u00e0 feuilles caduques ou persistantes, cactus et autres jacarandas vont s\u2019\u00e9panouir sur des emprises lib\u00e9r\u00e9es, d\u00e9min\u00e9ralis\u00e9es, mais nanties de citernes souterraines, captant les eaux de pluie. Lesquelles autoriseront une \u00ab\u00a0totale autonomie en arrosage\u00a0\u00bb, insiste le maire.<\/p>\n<p>5. Un vestige d&rsquo;Acropolis<\/p>\n<p>              <img ci-src=\"https:\/\/www.nicematin.com\/vie-locale\/protec\/DATA_ART_16033588-NB1lVKuj.jpg?vh=be5fce&amp;ci_seal=fa3e50ceef\" alt=\"\"\/><br \/>\n         <strong>Photo Ch. R..<\/strong> <\/p>\n<p>Une \u00e9trange structure et plus loin, un semblant de rocher grillag\u00e9. En fait, on n\u2019a pas tout d\u00e9moli de l\u2019ancien site. Ce reste d\u2019\u00e9difice est en r\u00e9alit\u00e9 un b\u00e2timent technique abritant notamment la s\u00e9curit\u00e9 des donn\u00e9es du tunnel Malraux.<\/p>\n<p>Pas question de le raser, donc. \u00ab\u00a0En revanche, explique Christian Estrosi, on va l\u2019habiller en rocher pour en faire un lieu ludique en lien avec un pont de singe proche et aussi un point de vue pour red\u00e9couvrir les maisons ni\u00e7oises traditionnelles.\u00a0\u00bb<\/p>\n<p>6. La future entr\u00e9e de la biblioth\u00e8que\u00a0<\/p>\n<p>              <img ci-src=\"https:\/\/www.nicematin.com\/vie-locale\/protec\/DATA_ART_16033587-vciFfUdA.jpg?vh=1b9ba1&amp;ci_seal=baa8c17ff8\" alt=\"\"\/><br \/>\n         <strong>Photo Ch. R..<\/strong> <\/p>\n<p>Au pied de la T\u00eate carr\u00e9e, on construit l\u2019entr\u00e9e principale de la grande biblioth\u00e8que livr\u00e9e \u00e0 la fin de l\u2019ann\u00e9e.<\/p>\n<p>De part et d\u2019autre d\u2019un cheminement oblique, conduisant au mus\u00e9e d\u2019art moderne et d\u2019art contemporain, la butte, o\u00f9 pourront \u00e9galement aller et venir les PMR, est actuellement recouverte de quadrillages m\u00e9talliques.<\/p>\n<p>Ils vont \u00eatre remplis de terre pour que de futurs arbres prennent racine. Par-dessus, un sol en bois permettra de d\u00e9ambuler entre les essences.<\/p>\n","protected":false},"excerpt":{"rendered":"1. Une livraison \u00e0 l&rsquo;automne Photo Ch. R.. L\u2019all\u00e9e du roi\u2026 Voil\u00e0 ce qu\u2019est devenu l\u2019ex-site d\u2019Acropolis. Un&hellip;\n","protected":false},"author":2,"featured_media":300490,"comment_status":"","ping_status":"","sticky":false,"template":"","format":"standard","meta":{"footnotes":""},"categories":[2819],"tags":[1111,11,1777,674,1011,27,12,2401,882,25,3366],"class_list":{"0":"post-300489","1":"post","2":"type-post","3":"status-publish","4":"format-standard","5":"has-post-thumbnail","7":"category-nice","8":"tag-actu","9":"tag-actualites","10":"tag-eu","11":"tag-europe","12":"tag-fr","13":"tag-france","14":"tag-news","15":"tag-nice","16":"tag-provence-alpes-cote-dazur","17":"tag-republique-francaise","18":"tag-vie-locale"},"share_on_mastodon":{"url":"https:\/\/pubeurope.com\/@fr\/114982131174369182","error":""},"_links":{"self":[{"href":"https:\/\/www.europesays.com\/fr\/wp-json\/wp\/v2\/posts\/300489","targetHints":{"allow":["GET"]}}],"collection":[{"href":"https:\/\/www.europesays.com\/fr\/wp-json\/wp\/v2\/posts"}],"about":[{"href":"https:\/\/www.europesays.com\/fr\/wp-json\/wp\/v2\/types\/post"}],"author":[{"embeddable":true,"href":"https:\/\/www.europesays.com\/fr\/wp-json\/wp\/v2\/users\/2"}],"replies":[{"embeddable":true,"href":"https:\/\/www.europesays.com\/fr\/wp-json\/wp\/v2\/comments?post=300489"}],"version-history":[{"count":0,"href":"https:\/\/www.europesays.com\/fr\/wp-json\/wp\/v2\/posts\/300489\/revisions"}],"wp:featuredmedia":[{"embeddable":true,"href":"https:\/\/www.europesays.com\/fr\/wp-json\/wp\/v2\/media\/300490"}],"wp:attachment":[{"href":"https:\/\/www.europesays.com\/fr\/wp-json\/wp\/v2\/media?parent=300489"}],"wp:term":[{"taxonomy":"category","embeddable":true,"href":"https:\/\/www.europesays.com\/fr\/wp-json\/wp\/v2\/categories?post=300489"},{"taxonomy":"post_tag","embeddable":true,"href":"https:\/\/www.europesays.com\/fr\/wp-json\/wp\/v2\/tags?post=300489"}],"curies":[{"name":"wp","href":"https:\/\/api.w.org\/{rel}","templated":true}]}}