{"id":300494,"date":"2025-08-06T13:49:10","date_gmt":"2025-08-06T13:49:10","guid":{"rendered":"https:\/\/www.europesays.com\/fr\/300494\/"},"modified":"2025-08-06T13:49:10","modified_gmt":"2025-08-06T13:49:10","slug":"une-colocation-conflictuelle-tourne-au-drame-un-quinquagenaire-mis-en-examen-pour-tentative-dhomicide","status":"publish","type":"post","link":"https:\/\/www.europesays.com\/fr\/300494\/","title":{"rendered":"une colocation conflictuelle tourne au drame, un quinquag\u00e9naire mis en examen pour tentative d\u2019homicide"},"content":{"rendered":"<p>L\u2019homme a agress\u00e9 son ancien ami avec une arme blanche. La victime a \u00e9t\u00e9 s\u00e9rieusement bless\u00e9e \u00e0 l\u2019\u00e9paule, ainsi qu\u2019au visage.<\/p>\n<p class=\"fig-paragraph\">Un homme a \u00e9t\u00e9 gri\u00e8vement bless\u00e9 par son colocataire dimanche matin, \u00e0\u00a0<a href=\"http:\/\/www.lefigaro.fr\/nantes\/mort-de-tessa-le-parquet-de-nantes-requiert-le-proces-du-jeune-homme-suspecte-d-avoir-fauche-mortellement-l-adolescente-20250805\" target=\"_blank\" data-fig-type=\"NewsFlash\" rel=\"noopener nofollow\" data-gtm-custom-categorie=\"navigation\" data-gtm-custom-action=\"crossclick\" data-gtm-custom-label=\"Contextuel\" data-gtm-event=\"customEventSPE\" data-fig-domain=\"LEFIGARO\">Nantes<\/a>. En fin de matin\u00e9e, la police est intervenue, alert\u00e9e par un riverain. Selon une source polici\u00e8re, les deux quinquag\u00e9naires devaient bient\u00f4t mettre un terme \u00e0\u00a0<a href=\"http:\/\/www.lefigaro.fr\/nantes\/nantes-un-homme-poignarde-apres-s-etre-dispute-avec-son-colocataire-20250519\" target=\"_blank\" data-fig-type=\"NewsFlash\" rel=\"noopener nofollow\" data-gtm-custom-categorie=\"navigation\" data-gtm-custom-action=\"crossclick\" data-gtm-custom-label=\"Contextuel\" data-gtm-event=\"customEventSPE\" data-fig-domain=\"LEFIGARO\">leur colocation<\/a>, apr\u00e8s des tensions grandissantes. Tensions qui ont finalement men\u00e9 l\u2019un d\u2019eux \u00e0 s\u2019en prendre \u00e0 son ancien ami avec une arme blanche.<\/p>\n<p class=\"fig-paragraph\">Comme r\u00e9v\u00e9l\u00e9 par\u00a0<a href=\"https:\/\/www.ouest-france.fr\/societe\/faits-divers\/un-homme-grievement-blesse-a-larme-blanche-apres-une-querelle-entre-colocataires-a-nantes-324ca92c-71f7-11f0-992a-f96a4802076a\" target=\"_blank\" rel=\"noopener nofollow\" data-gtm-custom-categorie=\"navigation\" data-gtm-custom-action=\"crossclick\" data-gtm-custom-label=\"Contextuel\" data-gtm-event=\"customEventSPE\">Ouest France<\/a>, cet homme de 52 ans a \u00e9t\u00e9 mis en examen pour tentative d\u2019homicide mardi, apr\u00e8s avoir \u00e9t\u00e9 conduit en garde \u00e0 vue pour tentative de meurtre par personne en \u00e9tat d\u2019ivresse. Il avait 2,2 grammes d\u2019alcool dans le sang. Le parquet a \u00e9galement r\u00e9clam\u00e9 sa mise en d\u00e9tention provisoire.<\/p>\n<p>                                    <a class=\"fig-a11y-skip a11y-hidden\" href=\"#fig-a11y-skip-main-inarticle\"><br \/>\n        Passer la publicit\u00e9<br \/>\n    <\/a><\/p>\n<p>Six jours d\u2019ITT<\/p>\n<p class=\"fig-paragraph\">Selon le quotidien\u00a0<a href=\"https:\/\/www.ouest-france.fr\/societe\/faits-divers\/la-coloc-vire-a-la-tentative-de-meurtre-quartier-port-boyer-a-nantes-b2e322ac-71e1-11f0-8a41-8cab56b0e4bf\" target=\"_blank\" rel=\"noopener nofollow\" data-gtm-custom-categorie=\"navigation\" data-gtm-custom-action=\"crossclick\" data-gtm-custom-label=\"Contextuel\" data-gtm-event=\"customEventSPE\">Presse Oc\u00e9an<\/a>, la victime aurait \u00e9t\u00e9 agress\u00e9e dans la salle de bains de leur appartement situ\u00e9 dans le quartier prioritaire Port-Boyer. Elle aurait re\u00e7u un coup au visage, puis \u00e0 l\u2019\u00e9paule. En sang, l\u2019homme serait parvenu \u00e0 quitter l\u2019appartement pour aller sonner chez un voisin, o\u00f9 il a attendu l\u2019arriv\u00e9e de la police et des secours. Six jours d\u2019ITT lui ont finalement \u00e9t\u00e9 prescrits. Bien que profond\u00e9ment bless\u00e9 (25 points de suture lui ont \u00e9t\u00e9 pos\u00e9s au niveau de l\u2019\u00e9paule), son pronostic vital n\u2019a pas \u00e9t\u00e9 engag\u00e9.<\/p>\n","protected":false},"excerpt":{"rendered":"L\u2019homme a agress\u00e9 son ancien ami avec une arme blanche. La victime a \u00e9t\u00e9 s\u00e9rieusement bless\u00e9e \u00e0 l\u2019\u00e9paule,&hellip;\n","protected":false},"author":2,"featured_media":300495,"comment_status":"","ping_status":"","sticky":false,"template":"","format":"standard","meta":{"footnotes":""},"categories":[2818],"tags":[1111,11,13050,1777,674,1011,27,2683,766,12,2636,25],"class_list":{"0":"post-300494","1":"post","2":"type-post","3":"status-publish","4":"format-standard","5":"has-post-thumbnail","7":"category-nantes","8":"tag-actu","9":"tag-actualites","10":"tag-colocation","11":"tag-eu","12":"tag-europe","13":"tag-fr","14":"tag-france","15":"tag-homicide","16":"tag-nantes","17":"tag-news","18":"tag-pays-de-la-loire","19":"tag-republique-francaise"},"share_on_mastodon":{"url":"https:\/\/pubeurope.com\/@fr\/114982142847360977","error":""},"_links":{"self":[{"href":"https:\/\/www.europesays.com\/fr\/wp-json\/wp\/v2\/posts\/300494","targetHints":{"allow":["GET"]}}],"collection":[{"href":"https:\/\/www.europesays.com\/fr\/wp-json\/wp\/v2\/posts"}],"about":[{"href":"https:\/\/www.europesays.com\/fr\/wp-json\/wp\/v2\/types\/post"}],"author":[{"embeddable":true,"href":"https:\/\/www.europesays.com\/fr\/wp-json\/wp\/v2\/users\/2"}],"replies":[{"embeddable":true,"href":"https:\/\/www.europesays.com\/fr\/wp-json\/wp\/v2\/comments?post=300494"}],"version-history":[{"count":0,"href":"https:\/\/www.europesays.com\/fr\/wp-json\/wp\/v2\/posts\/300494\/revisions"}],"wp:featuredmedia":[{"embeddable":true,"href":"https:\/\/www.europesays.com\/fr\/wp-json\/wp\/v2\/media\/300495"}],"wp:attachment":[{"href":"https:\/\/www.europesays.com\/fr\/wp-json\/wp\/v2\/media?parent=300494"}],"wp:term":[{"taxonomy":"category","embeddable":true,"href":"https:\/\/www.europesays.com\/fr\/wp-json\/wp\/v2\/categories?post=300494"},{"taxonomy":"post_tag","embeddable":true,"href":"https:\/\/www.europesays.com\/fr\/wp-json\/wp\/v2\/tags?post=300494"}],"curies":[{"name":"wp","href":"https:\/\/api.w.org\/{rel}","templated":true}]}}