{"id":300505,"date":"2025-08-06T13:56:15","date_gmt":"2025-08-06T13:56:15","guid":{"rendered":"https:\/\/www.europesays.com\/fr\/300505\/"},"modified":"2025-08-06T13:56:15","modified_gmt":"2025-08-06T13:56:15","slug":"un-policier-a-vtt-traine-sur-plusieurs-metres-parvient-a-interpeller-le-pilote-dun-deux-roues","status":"publish","type":"post","link":"https:\/\/www.europesays.com\/fr\/300505\/","title":{"rendered":"un policier \u00e0 VTT, tra\u00een\u00e9 sur plusieurs m\u00e8tres, parvient \u00e0 interpeller le pilote d&rsquo;un deux-roues"},"content":{"rendered":"<p>L&rsquo;\u00e9pisode lui a valu une blessure \u00e0 la cheville et des genoux s\u00e9rieusement r\u00e2p\u00e9s, mais un fonctionnaire de police \u00e0 VTT est parvenu, non sans mal, \u00e0 interpeller un motocycliste r\u00e9calcitrant, mardi soir, dans le 8e arrondissement de Marseille.<\/p>\n<p>Alors qu&rsquo;il patrouillait sur l&rsquo;avenue Pierre Mend\u00e8s France et venait de signaler au pilote d&rsquo;un deux-roues son intention de proc\u00e9der \u00e0 un contr\u00f4le, un \u00e9quipage de policiers \u00e0 VTT s&rsquo;est vu opposer une fin de non-recevoir.<\/p>\n<p>Tra\u00een\u00e9 sur plusieurs m\u00e8tres<\/p>\n<p>Devant ce <a href=\"https:\/\/www.laprovence.com\/article\/faits-divers-justice\/6407527457128814\/apres-un-refus-dobtemperer-un-homme-arme-et-recherche-interpelle-a-marseille\" target=\"_blank\" rel=\"noopener\">refus d&rsquo;obtemp\u00e9rer<\/a>, ces fonctionnaires de police v\u00e9t\u00e9tistes d\u00e9di\u00e9s \u00e0 la <a href=\"https:\/\/www.laprovence.com\/article\/faits-divers-justice\/1845443704166514\/le-littoral-sous-haute-surveillance-cet-ete-a-marseille-pres-de-300-policiers-veilleront-au-grain\" target=\"_blank\" rel=\"noopener\">s\u00e9curisation du littoral<\/a> se sont lanc\u00e9s \u00e0 la poursuite du fuyard qui a fini par s&rsquo;arr\u00eater. Mais alors qu&rsquo;un policier arrivait \u00e0 sa hauteur pour l&rsquo;interpeller, le jeune homme a remis les gaz, entra\u00eenant le policier dans sa course.<\/p>\n<p><strong>Bien que tra\u00een\u00e9 sur plusieurs m\u00e8tres<\/strong>, le fonctionnaire s&rsquo;est accroch\u00e9 et a fini par stopper l&rsquo;engin en parvenant \u00e0 appuyer sur la poign\u00e9e de frein.<\/p>\n<p>Interpell\u00e9, ce jeune homme de 19 ans a \u00e9t\u00e9 plac\u00e9 en garde \u00e0 vue.<\/p>\n","protected":false},"excerpt":{"rendered":"L&rsquo;\u00e9pisode lui a valu une blessure \u00e0 la cheville et des genoux s\u00e9rieusement r\u00e2p\u00e9s, mais un fonctionnaire de&hellip;\n","protected":false},"author":2,"featured_media":300506,"comment_status":"","ping_status":"","sticky":false,"template":"","format":"standard","meta":{"footnotes":""},"categories":[2814],"tags":[17,1111,11,1102,1777,674,274,1011,27,884,29796,12,2513,10910,882,25,3356,29797,8012],"class_list":{"0":"post-300505","1":"post","2":"type-post","3":"status-publish","4":"format-standard","5":"has-post-thumbnail","7":"category-marseille","8":"tag-17","9":"tag-actu","10":"tag-actualites","11":"tag-breakingnews","12":"tag-eu","13":"tag-europe","14":"tag-faits-divers-justice","15":"tag-fr","16":"tag-france","17":"tag-marseille","18":"tag-metres","19":"tag-news","20":"tag-plusieurs","21":"tag-policier","22":"tag-provence-alpes-cote-dazur","23":"tag-republique-francaise","24":"tag-sur","25":"tag-traine","26":"tag-vtt"},"share_on_mastodon":{"url":"https:\/\/pubeurope.com\/@fr\/114982170438270715","error":""},"_links":{"self":[{"href":"https:\/\/www.europesays.com\/fr\/wp-json\/wp\/v2\/posts\/300505","targetHints":{"allow":["GET"]}}],"collection":[{"href":"https:\/\/www.europesays.com\/fr\/wp-json\/wp\/v2\/posts"}],"about":[{"href":"https:\/\/www.europesays.com\/fr\/wp-json\/wp\/v2\/types\/post"}],"author":[{"embeddable":true,"href":"https:\/\/www.europesays.com\/fr\/wp-json\/wp\/v2\/users\/2"}],"replies":[{"embeddable":true,"href":"https:\/\/www.europesays.com\/fr\/wp-json\/wp\/v2\/comments?post=300505"}],"version-history":[{"count":0,"href":"https:\/\/www.europesays.com\/fr\/wp-json\/wp\/v2\/posts\/300505\/revisions"}],"wp:featuredmedia":[{"embeddable":true,"href":"https:\/\/www.europesays.com\/fr\/wp-json\/wp\/v2\/media\/300506"}],"wp:attachment":[{"href":"https:\/\/www.europesays.com\/fr\/wp-json\/wp\/v2\/media?parent=300505"}],"wp:term":[{"taxonomy":"category","embeddable":true,"href":"https:\/\/www.europesays.com\/fr\/wp-json\/wp\/v2\/categories?post=300505"},{"taxonomy":"post_tag","embeddable":true,"href":"https:\/\/www.europesays.com\/fr\/wp-json\/wp\/v2\/tags?post=300505"}],"curies":[{"name":"wp","href":"https:\/\/api.w.org\/{rel}","templated":true}]}}