{"id":300507,"date":"2025-08-06T13:57:18","date_gmt":"2025-08-06T13:57:18","guid":{"rendered":"https:\/\/www.europesays.com\/fr\/300507\/"},"modified":"2025-08-06T13:57:18","modified_gmt":"2025-08-06T13:57:18","slug":"le-pire-cauchemar-de-lol-vers-marseille","status":"publish","type":"post","link":"https:\/\/www.europesays.com\/fr\/300507\/","title":{"rendered":"le pire cauchemar de l\u2019OL vers Marseille\u00a0?\u00a0"},"content":{"rendered":"<p><strong>En fin de contrat en 2026, Harry Maguire (32 ans) pourrait vivre ses derniers mois \u00e0 Manchester United. L\u2019<a href=\"https:\/\/www.butfootballclub.fr\/612508-om-mercato-apres-rongier-et-merlin-un-ex-marseillais-fonce-vers-le-stade-rennais\/\" rel=\"noopener nofollow\" target=\"_blank\">OM<\/a> est \u00e0 l\u2019aff\u00fbt mais la concurrence est f\u00e9roce pour s\u2019offrir le dernier bourreau de l\u2019OL en Ligue Europa.<\/strong><\/p>\n<p>\ud83d\udfe5<strong> Rumeur<\/strong><\/p>\n<p>Voil\u00e0 une information \u00e0 prendre avec des pincettes. Selon le <a href=\"https:\/\/www.footmercato.net\/a8550327917805410190-om-la-folle-rumeur-harry-maguire\" rel=\"noopener nofollow\" target=\"_blank\">Daily Mail<\/a>, l\u2019Olympique de Marseille surveille avec attention la situation de Harry Maguire\u00a0! Le d\u00e9fenseur central anglais de 32 ans, souvent critiqu\u00e9 \u00e0 Manchester United mais pr\u00e9cieux en Europe la saison derni\u00e8re, n\u2019a plus qu\u2019un an de contrat et pourrait \u00eatre tent\u00e9 par un nouveau challenge d\u00e8s cet \u00e9t\u00e9.<\/p>\n<p>Mais l\u2019OM n\u2019est pas seul sur ce dossier br\u00fblant. Trois cadors turcs sont sur le coup : Fenerbah\u00e7e, Galatasaray et Besiktas ont d\u00e9j\u00e0 pris des renseignements. Et l\u2019AS Monaco, qui cherche \u00e0 renforcer sa d\u00e9fense pour la Ligue des champions, s\u2019est \u00e9galement positionn\u00e9e.<\/p>\n<p>Maguire n\u2019a pas laiss\u00e9 que de bons souvenirs en France. Les supporters de l\u2019OL se rappellent encore de sa prestation XXL \u00e0 Old Trafford, o\u00f9 il avait fait plier les Gones en Ligue Europa la saison pass\u00e9e. Cette seule anecdote pourrait suffire \u00e0 convaincre certains supporters marseillais qu\u2019il s\u2019agirait d\u2019une belle prise au mercato.<\/p>\n<p>\u00ab\u00a0Le coup d\u2019\u0153il de But FC\u00a0\u00bb<\/p>\n<p>\u00ab\u00a0On veut bien que l\u2019<a href=\"https:\/\/www.butfootballclub.fr\/612595-om-mercato-un-nouveau-transfert-acte-demain\/\" rel=\"noopener nofollow\" target=\"_blank\">OM<\/a> creuse le march\u00e9 des d\u00e9fenseurs centraux de fond en comble mais la piste menant \u00e0 Harry Maguire ressemble \u00e0 une fake news. Pour s\u2019en convaincre, on pr\u00e9cisera que le stoppeur de Manchester United \u00e9marge \u00e0 220 000 euros par semaine en Angleterre\u2026\u00a0\u00bb<\/p>\n<blockquote class=\"instagram-media\" data-instgrm-captioned=\"\" data-instgrm-permalink=\"https:\/\/www.instagram.com\/p\/DNAnoqzsuzL\/?utm_source=ig_embed&amp;utm_campaign=loading\" data-instgrm-version=\"14\" style=\"background:#FFF;border:0;border-radius:3px;box-shadow:0 0 1px 0 rgba(0,0,0,0.5),0 1px 10px 0 rgba(0,0,0,0.15);margin:1px;max-width:540px;min-width:326px;padding:0;width:calc(100% - 2px)\"\/>\n<p><script async src=\"\/\/www.instagram.com\/embed.js\"><\/script><\/p>\n","protected":false},"excerpt":{"rendered":"En fin de contrat en 2026, Harry Maguire (32 ans) pourrait vivre ses derniers mois \u00e0 Manchester United.&hellip;\n","protected":false},"author":2,"featured_media":300508,"comment_status":"","ping_status":"","sticky":false,"template":"","format":"standard","meta":{"footnotes":""},"categories":[2814],"tags":[1111,11,448,1777,674,63,1011,27,66,884,3388,12,882,25,10662],"class_list":{"0":"post-300507","1":"post","2":"type-post","3":"status-publish","4":"format-standard","5":"has-post-thumbnail","7":"category-marseille","8":"tag-actu","9":"tag-actualites","10":"tag-champions-league","11":"tag-eu","12":"tag-europe","13":"tag-football","14":"tag-fr","15":"tag-france","16":"tag-ligue-1","17":"tag-marseille","18":"tag-matchs","19":"tag-news","20":"tag-provence-alpes-cote-dazur","21":"tag-republique-francaise","22":"tag-transferts"},"share_on_mastodon":{"url":"https:\/\/pubeurope.com\/@fr\/114982174270262575","error":""},"_links":{"self":[{"href":"https:\/\/www.europesays.com\/fr\/wp-json\/wp\/v2\/posts\/300507","targetHints":{"allow":["GET"]}}],"collection":[{"href":"https:\/\/www.europesays.com\/fr\/wp-json\/wp\/v2\/posts"}],"about":[{"href":"https:\/\/www.europesays.com\/fr\/wp-json\/wp\/v2\/types\/post"}],"author":[{"embeddable":true,"href":"https:\/\/www.europesays.com\/fr\/wp-json\/wp\/v2\/users\/2"}],"replies":[{"embeddable":true,"href":"https:\/\/www.europesays.com\/fr\/wp-json\/wp\/v2\/comments?post=300507"}],"version-history":[{"count":0,"href":"https:\/\/www.europesays.com\/fr\/wp-json\/wp\/v2\/posts\/300507\/revisions"}],"wp:featuredmedia":[{"embeddable":true,"href":"https:\/\/www.europesays.com\/fr\/wp-json\/wp\/v2\/media\/300508"}],"wp:attachment":[{"href":"https:\/\/www.europesays.com\/fr\/wp-json\/wp\/v2\/media?parent=300507"}],"wp:term":[{"taxonomy":"category","embeddable":true,"href":"https:\/\/www.europesays.com\/fr\/wp-json\/wp\/v2\/categories?post=300507"},{"taxonomy":"post_tag","embeddable":true,"href":"https:\/\/www.europesays.com\/fr\/wp-json\/wp\/v2\/tags?post=300507"}],"curies":[{"name":"wp","href":"https:\/\/api.w.org\/{rel}","templated":true}]}}