{"id":300517,"date":"2025-08-06T14:03:14","date_gmt":"2025-08-06T14:03:14","guid":{"rendered":"https:\/\/www.europesays.com\/fr\/300517\/"},"modified":"2025-08-06T14:03:14","modified_gmt":"2025-08-06T14:03:14","slug":"le-psg-joue-la-montre-pour-kolo-muani-manchester-united-proche-du-gros-coup-sesko-les-5-infos-mercato-de-ce-mercredi","status":"publish","type":"post","link":"https:\/\/www.europesays.com\/fr\/300517\/","title":{"rendered":"Le PSG joue la montre pour Kolo Muani, Manchester United proche du gros coup Sesko&#8230; Les 5\u00a0infos mercato de ce mercredi"},"content":{"rendered":"<p>La Juventus toujours sur Kolo Muani, Nice qui va vendre Guessand ou Ruben Dias vers une prolongation \u00e0 Manchester City\u00a0: toutes les infos du mercato football de ce mercredi 6 ao\u00fbt.<\/p>\n<p>La Juve n\u2019y est pas encore pour Kolo Muani<\/p>\n<p class=\"fig-paragraph\">Restera, restera pas\u00a0? La Juventus a \u00e9t\u00e9 satisfaite par Randal Kolo Muani,\u00a0<a href=\"http:\/\/www.lefigaro.fr\/sports\/football\/transferts\/mercato-randal-kolo-muani-est-enfin-prete-a-la-juventus-turin-officiel-20250123\" data-fig-type=\"NewsFlash\" data-gtm-custom-categorie=\"navigation\" data-gtm-custom-action=\"crossclick\" data-gtm-custom-label=\"Contextuel\" data-gtm-event=\"customEventSPE\" data-fig-domain=\"LEFIGARO\" rel=\"nofollow noopener\" target=\"_blank\">pr\u00eat\u00e9 par le Paris Saint-Germain<\/a>\u00a0en seconde partie de saison derni\u00e8re. Mais comme le relate la Gazzetta dello Sport, le club de la capitale fait tra\u00eener les n\u00e9gociations pour un transfert d\u00e9finitif, esp\u00e9rant qu\u2019une grosse offre anglaise finisse par tomber.<\/p>\n<p class=\"fig-paragraph\">La Juve, qualifi\u00e9e pour la Ligue des champions, propose un pr\u00eat payant de 10\u00a0M\u20ac, avec une option d\u2019achat \u00e0 35\u00a0M\u20ac. Sachant que certaines conditions (nombre de matches jou\u00e9s\u00a0? De buts marqu\u00e9s\u00a0?) activeraient automatiquement l\u2019option. Le PSG souhaitait tirer 50\u00a0M\u20ac de son international fran\u00e7ais (26 ans), sous contrat jusqu\u2019en 2028 et achet\u00e9 95\u00a0M\u20ac \u00e0 Francfort il y a deux ans.<\/p>\n<p>                                    <a class=\"fig-a11y-skip a11y-hidden\" href=\"#fig-a11y-skip-main-inarticle\"><br \/>\n        Passer la publicit\u00e9<br \/>\n    <\/a><\/p>\n<p class=\"fig-paragraph\"><strong>\u00c0 VOIR AUSSI &#8211;<\/strong> L\u2019ouverture du score de Kolo Muani lors de Lazio-Juventus en mai dernier (1-1)<\/p>\n<p>Sesko (Leipzig) se rapproche de Manchester United<\/p>\n<p class=\"fig-paragraph\">Manchester United et Newcastle bataillent depuis plusieurs jours pour Benjamin Sesko, attaquant slov\u00e8ne du RB Leipzig. Et d\u2019apr\u00e8s\u00a0<a href=\"https:\/\/www.nytimes.com\/athletic\/6537293\/2025\/08\/06\/sesko-manchester-united-transfer-newcastle\/\" target=\"_blank\" rel=\"sponsored noopener nofollow\" data-gtm-custom-categorie=\"navigation\" data-gtm-custom-action=\"crossclick\" data-gtm-custom-label=\"Contextuel\" data-gtm-event=\"customEventSPE\">The Athletic<\/a>, les Red Devils touchent au but. Les n\u00e9gociations avancent entre les deux clubs, mais surtout, Sesko (22 ans) a tranch\u00e9\u00a0: il veut Manchester. Et ce m\u00eame si l\u2019\u00e9quipe ne disputera pas de coupe d\u2019Europe, alors que Newcastle\u00a0<a href=\"http:\/\/www.lefigaro.fr\/sports\/football\/angleterre\/premier-league-manchester-city-chelsea-et-newcastle-decrochent-leur-billet-pour-la-ligue-des-champions-20250525\" data-fig-type=\"NewsFlash\" data-gtm-custom-categorie=\"navigation\" data-gtm-custom-action=\"crossclick\" data-gtm-custom-label=\"Contextuel\" data-gtm-event=\"customEventSPE\" data-fig-domain=\"LEFIGARO\" rel=\"nofollow noopener\" target=\"_blank\">sera en Ligue des champions<\/a>.<\/p>\n<p class=\"fig-paragraph\">Les Magpies ont pourtant un accord \u00e0 un peu plus de 80\u00a0M\u20ac avec Leipzig. Manchester United, navrant 15e de Premier League la saison pass\u00e9e, devrait se rapprocher de ce montant. Sesko a inscrit 18 puis 21 buts lors de ses deux derni\u00e8res saisons en Allemagne.<\/p>\n<p>Guessand va rapporter gros \u00e0 Nice<\/p>\n<p class=\"fig-paragraph\">L\u2019OGC Nice a boucl\u00e9 la deuxi\u00e8me plus grosse vente de son histoire, \u00e0 en croire\u00a0<a href=\"https:\/\/www.lequipe.fr\/Football\/Actualites\/Accord-nice-aston-villa-a-hauteur-de-35-millions-d-euros-pour-le-transfert-d-evann-guessand\/1583299\" target=\"_blank\" rel=\"sponsored noopener nofollow\" data-gtm-custom-categorie=\"navigation\" data-gtm-custom-action=\"crossclick\" data-gtm-custom-label=\"Contextuel\" data-gtm-event=\"customEventSPE\">L\u2019\u00c9quipe<\/a> \u00a0et\u00a0<a href=\"https:\/\/rmcsport.bfmtv.com\/football\/transferts\/mercato-nice-va-ceder-guessand-en-premier-league-transfert-record-en-vue_AV-202508050458.html\" target=\"_blank\" rel=\"sponsored noopener nofollow\" data-gtm-custom-categorie=\"navigation\" data-gtm-custom-action=\"crossclick\" data-gtm-custom-label=\"Contextuel\" data-gtm-event=\"customEventSPE\">RMC Sport<\/a> . Evann Guessand va \u00eatre vendu pour 35\u00a0M\u20ac (bonus inclus) \u00e0 Aston Villa, quart de finaliste de la Ligue des champions il y a quelques mois. L\u2019attaquant ivoirien de 24 ans, form\u00e9 au club, a refus\u00e9 les avances de\u00a0<a href=\"http:\/\/www.lefigaro.fr\/sports\/football\/megalopole-futuriste-stade-suspendu-moyens-xxl-qu-est-le-neom-sports-club-ce-nouveau-venu-saoudien-qui-pille-la-ligue-1-20250731\" data-fig-type=\"NewsFlash\" data-gtm-custom-categorie=\"navigation\" data-gtm-custom-action=\"crossclick\" data-gtm-custom-label=\"Contextuel\" data-gtm-event=\"customEventSPE\" data-fig-domain=\"LEFIGARO\" rel=\"nofollow noopener\" target=\"_blank\">Neom, en Arabie saoudite<\/a>.<\/p>\n<p>    Evann Guessand va quitter l\u2019OGC Nice, son club formateur, cet \u00e9t\u00e9.<br \/>\n                Agence Nice Presse \/ Icon Sport<\/p>\n<p>Accord Rennes-Valence pour Santamaria<\/p>\n<p class=\"fig-paragraph\">Rempla\u00e7ant au Stade Rennais, Baptiste Santamaria\u00a0<a href=\"http:\/\/www.lefigaro.fr\/sports\/football\/transferts\/mercato-baptiste-santamaria-prete-avec-option-d-achat-a-nice-20250122\" data-fig-type=\"NewsFlash\" data-gtm-custom-categorie=\"navigation\" data-gtm-custom-action=\"crossclick\" data-gtm-custom-label=\"Contextuel\" data-gtm-event=\"customEventSPE\" data-fig-domain=\"LEFIGARO\" rel=\"nofollow noopener\" target=\"_blank\">avait \u00e9t\u00e9 pr\u00eat\u00e9 cet hiver \u00e0 Nice<\/a>\u00a0o\u00f9 il avait retrouv\u00e9 du temps de jeu (14 matches, 12 titularisations).\u00a0<a href=\"https:\/\/www.lequipe.fr\/Football\/Actualites\/Mercato-rennes-et-valence-d-accord-pour-le-transfert-de-baptiste-santamaria\/1583286\" target=\"_blank\" rel=\"sponsored noopener nofollow\" data-gtm-custom-categorie=\"navigation\" data-gtm-custom-action=\"crossclick\" data-gtm-custom-label=\"Contextuel\" data-gtm-event=\"customEventSPE\">L\u2019\u00c9quipe<\/a> \u00a0et\u00a0<a href=\"https:\/\/www.leparisien.fr\/sports\/football\/ligue-1\/mercato-rennes-baptiste-santamaria-proche-dun-depart-a-valence-05-08-2025-DA7H5KDYZ5GHZMKS7WEFMP6JNY.php\" target=\"_blank\" rel=\"sponsored noopener nofollow\" data-gtm-custom-categorie=\"navigation\" data-gtm-custom-action=\"crossclick\" data-gtm-custom-label=\"Contextuel\" data-gtm-event=\"customEventSPE\">Le Parisien<\/a> \u00a0informent d\u2019un accord \u00e0 2\u00a0M\u20ac entre le club breton et Valence pour le transfert du milieu de terrain, \u00e2g\u00e9 de 30 ans. Valence s\u2019est class\u00e9 12e du championnat espagnol la saison pass\u00e9e.<\/p>\n<p>                                    <a class=\"fig-a11y-skip a11y-hidden\" href=\"#fig-a11y-skip-main-inarticle_mtf\"><br \/>\n        Passer la publicit\u00e9<br \/>\n    <\/a><\/p>\n<p>Manchester City\u00a0: Dias va prolonger<\/p>\n<p class=\"fig-paragraph\"><a href=\"https:\/\/www.skysports.com\/football\/live-blog\/11095\/13025499\/man-city-transfer-news-rumours-and-gossip-live-updates-and-latest-on-deals-signings-loans-and-contracts?postid=9978635#liveblog-body\" target=\"_blank\" rel=\"sponsored noopener nofollow\" data-gtm-custom-categorie=\"navigation\" data-gtm-custom-action=\"crossclick\" data-gtm-custom-label=\"Contextuel\" data-gtm-event=\"customEventSPE\">Sky Sports<\/a> \u00a0et\u00a0<a href=\"https:\/\/www.nytimes.com\/athletic\/6083381\/2025\/08\/04\/ruben-dias-manchester-city-contract\/\" target=\"_blank\" rel=\"sponsored noopener nofollow\" data-gtm-custom-categorie=\"navigation\" data-gtm-custom-action=\"crossclick\" data-gtm-custom-label=\"Contextuel\" data-gtm-event=\"customEventSPE\">The Athletic<\/a> \u00a0rapportent un accord de principe entre Manchester City et Ruben Dias pour une prolongation de contrat. Le bail actuel du d\u00e9fenseur portugais expire en 2027. Recrut\u00e9 \u00e0 Benfica en 2020, Dias (28 ans) fait partie des vice-capitaines avec notamment le milieu espagnol et Ballon d\u2019Or Rodri,\u00a0<a href=\"http:\/\/www.lefigaro.fr\/sports\/football\/transferts\/le-paris-fc-reve-d-haidara-city-veut-blinder-rodri-transfert-annule-a-nice-les-6-infos-mercato-de-ce-mardi-20250805\" data-fig-type=\"NewsFlash\" data-gtm-custom-categorie=\"navigation\" data-gtm-custom-action=\"crossclick\" data-gtm-custom-label=\"Contextuel\" data-gtm-event=\"customEventSPE\" data-fig-domain=\"LEFIGARO\" rel=\"nofollow noopener\" target=\"_blank\">qui pourrait aussi bient\u00f4t prolonger<\/a>\u00a0chez les Skyblues.<\/p>\n","protected":false},"excerpt":{"rendered":"La Juventus toujours sur Kolo Muani, Nice qui va vendre Guessand ou Ruben Dias vers une prolongation \u00e0&hellip;\n","protected":false},"author":2,"featured_media":300518,"comment_status":"","ping_status":"","sticky":false,"template":"","format":"standard","meta":{"footnotes":""},"categories":[1888],"tags":[1111,1928,11,1927,1777,674,1011,27,3225,12,1926,626,1925,93,7157,25],"class_list":{"0":"post-300517","1":"post","2":"type-post","3":"status-publish","4":"format-standard","5":"has-post-thumbnail","7":"category-paris","8":"tag-actu","9":"tag-actu-paris","10":"tag-actualites","11":"tag-actualites-paris","12":"tag-eu","13":"tag-europe","14":"tag-fr","15":"tag-france","16":"tag-manchester-united","17":"tag-news","18":"tag-news-paris","19":"tag-paris","20":"tag-paris-news","21":"tag-psg","22":"tag-randal-kolo-muani","23":"tag-republique-francaise"},"share_on_mastodon":{"url":"https:\/\/pubeurope.com\/@fr\/114982197898486377","error":""},"_links":{"self":[{"href":"https:\/\/www.europesays.com\/fr\/wp-json\/wp\/v2\/posts\/300517","targetHints":{"allow":["GET"]}}],"collection":[{"href":"https:\/\/www.europesays.com\/fr\/wp-json\/wp\/v2\/posts"}],"about":[{"href":"https:\/\/www.europesays.com\/fr\/wp-json\/wp\/v2\/types\/post"}],"author":[{"embeddable":true,"href":"https:\/\/www.europesays.com\/fr\/wp-json\/wp\/v2\/users\/2"}],"replies":[{"embeddable":true,"href":"https:\/\/www.europesays.com\/fr\/wp-json\/wp\/v2\/comments?post=300517"}],"version-history":[{"count":0,"href":"https:\/\/www.europesays.com\/fr\/wp-json\/wp\/v2\/posts\/300517\/revisions"}],"wp:featuredmedia":[{"embeddable":true,"href":"https:\/\/www.europesays.com\/fr\/wp-json\/wp\/v2\/media\/300518"}],"wp:attachment":[{"href":"https:\/\/www.europesays.com\/fr\/wp-json\/wp\/v2\/media?parent=300517"}],"wp:term":[{"taxonomy":"category","embeddable":true,"href":"https:\/\/www.europesays.com\/fr\/wp-json\/wp\/v2\/categories?post=300517"},{"taxonomy":"post_tag","embeddable":true,"href":"https:\/\/www.europesays.com\/fr\/wp-json\/wp\/v2\/tags?post=300517"}],"curies":[{"name":"wp","href":"https:\/\/api.w.org\/{rel}","templated":true}]}}