{"id":300519,"date":"2025-08-06T14:04:10","date_gmt":"2025-08-06T14:04:10","guid":{"rendered":"https:\/\/www.europesays.com\/fr\/300519\/"},"modified":"2025-08-06T14:04:10","modified_gmt":"2025-08-06T14:04:10","slug":"trafic-interrompu-sur-une-partie-des-lignes-j-et-l","status":"publish","type":"post","link":"https:\/\/www.europesays.com\/fr\/300519\/","title":{"rendered":"trafic interrompu sur une partie des lignes J et L"},"content":{"rendered":"<p>            Par<br \/>\n        <strong><br \/>\n            <a href=\"https:\/\/actu.fr\/auteur\/redaction-paris\" title=\"Consulter tous les articles de R\u00e9daction Paris\" target=\"_blank\" rel=\"noopener\">R\u00e9daction Paris<\/a><br \/>\n        <\/strong><\/p>\n<p>        Publi\u00e9 le<\/p>\n<p>            6 ao\u00fbt 2025 \u00e0 13h37        <\/p>\n<p>Circulation difficile en ce d\u00e9but d\u2019apr\u00e8s-midi sur la <a href=\"https:\/\/actu.fr\/tag\/ligne-j\" target=\"_blank\" rel=\"noopener\">ligne J<\/a>. En raison d\u2019un <a href=\"https:\/\/actu.fr\/tag\/accident-grave-de-voyageur\" target=\"_blank\" rel=\"noopener\">accident grave de personne<\/a> \u00e0 hauteur d\u2019Asni\u00e8res-sur-Seine, le trafic a \u00e9t\u00e9 en partie <strong>interrompu<\/strong> ce mercredi 6\u00a0ao\u00fbt 2025, a fait savoir la <a href=\"https:\/\/actu.fr\/tag\/sncf\" target=\"_blank\" rel=\"noopener\">SNCF<\/a> sur X.<\/p>\n<p>Plusieurs arr\u00eats non desservis<\/p>\n<p class=\" wall-content\">Sur la ligne J, \u00ab\u2009le trafic est interrompu entre <strong>Paris-Saint-Lazare<\/strong> et <strong>Argenteuil<\/strong> dans les deux sens\u2009\u00bb, a annonc\u00e9 l\u2019entreprise ferroviaire. Les arr\u00eats suivants ne sont donc pas desservis\u2009: Asni\u00e8res-sur-Seine, Bois-Colombes, Colombes et Le Stade. L\u2019heure de reprise est pour l\u2019instant estim\u00e9e \u00e0 14h30.<\/p>\n<p class=\" wall-content\">\n<p class=\" wall-content\">Sur la ligne L, pas de circulation entre Paris-Saint-Lazare et La D\u00e9fense, dans les deux sens. Les <strong>gares suivantes<\/strong> ne sont donc pas desservies : Pont Cardinet, Clichy Levallois, Asni\u00e8res-sur-Seine, B\u00e9con les Bruy\u00e8res et Courbevoie. Pour rejoindre La D\u00e9fense, la SNCF recommande d\u2019emprunter les RER A ou E.\u00a0<\/p>\n<p class=\" wall-content\">\n<p class=\" wall-content\">Les <a href=\"https:\/\/actu.fr\/tag\/brigade-de-sapeurs-pompiers-de-paris\" target=\"_blank\" rel=\"noopener\">sapeurs-pompiers de Paris<\/a> et la police sont actuellement sur place.\u00a0Dans la mesure du possible, les usagers sont invit\u00e9s \u00e0 <strong>modifier leur itin\u00e9raire<\/strong>.<\/p>\n<p class=\" wall-content\">Suivez toute l\u2019actualit\u00e9 de vos villes et m\u00e9dias favoris en vous inscrivant \u00e0 <a href=\"https:\/\/moncompte.actu.fr\" title=\"D\u00e9couvez Mon Actu\" rel=\"nofollow noopener\" data-trk=\"{&quot;cta&quot;:{&quot;action&quot;:&quot;https:\\\/\\\/moncompte.actu.fr&quot;,&quot;category&quot;:&quot;mon compte&quot;,&quot;from&quot;:&quot;article footer&quot;,&quot;name&quot;:&quot;Mon actu&quot;,&quot;type&quot;:&quot;cta&quot;}}\" target=\"_blank\">Mon Actu<\/a>.<\/p>\n","protected":false},"excerpt":{"rendered":"Par R\u00e9daction Paris Publi\u00e9 le 6 ao\u00fbt 2025 \u00e0 13h37 Circulation difficile en ce d\u00e9but d\u2019apr\u00e8s-midi sur la&hellip;\n","protected":false},"author":2,"featured_media":8043,"comment_status":"","ping_status":"","sticky":false,"template":"","format":"standard","meta":{"footnotes":""},"categories":[1888],"tags":[11,1777,674,1011,27,21005,12,626,25,2215,104],"class_list":{"0":"post-300519","1":"post","2":"type-post","3":"status-publish","4":"format-standard","5":"has-post-thumbnail","7":"category-paris","8":"tag-actualites","9":"tag-eu","10":"tag-europe","11":"tag-fr","12":"tag-france","13":"tag-ligne-j","14":"tag-news","15":"tag-paris","16":"tag-republique-francaise","17":"tag-sncf","18":"tag-societe"},"share_on_mastodon":{"url":"https:\/\/pubeurope.com\/@fr\/114982202018821891","error":""},"_links":{"self":[{"href":"https:\/\/www.europesays.com\/fr\/wp-json\/wp\/v2\/posts\/300519","targetHints":{"allow":["GET"]}}],"collection":[{"href":"https:\/\/www.europesays.com\/fr\/wp-json\/wp\/v2\/posts"}],"about":[{"href":"https:\/\/www.europesays.com\/fr\/wp-json\/wp\/v2\/types\/post"}],"author":[{"embeddable":true,"href":"https:\/\/www.europesays.com\/fr\/wp-json\/wp\/v2\/users\/2"}],"replies":[{"embeddable":true,"href":"https:\/\/www.europesays.com\/fr\/wp-json\/wp\/v2\/comments?post=300519"}],"version-history":[{"count":0,"href":"https:\/\/www.europesays.com\/fr\/wp-json\/wp\/v2\/posts\/300519\/revisions"}],"wp:featuredmedia":[{"embeddable":true,"href":"https:\/\/www.europesays.com\/fr\/wp-json\/wp\/v2\/media\/8043"}],"wp:attachment":[{"href":"https:\/\/www.europesays.com\/fr\/wp-json\/wp\/v2\/media?parent=300519"}],"wp:term":[{"taxonomy":"category","embeddable":true,"href":"https:\/\/www.europesays.com\/fr\/wp-json\/wp\/v2\/categories?post=300519"},{"taxonomy":"post_tag","embeddable":true,"href":"https:\/\/www.europesays.com\/fr\/wp-json\/wp\/v2\/tags?post=300519"}],"curies":[{"name":"wp","href":"https:\/\/api.w.org\/{rel}","templated":true}]}}