{"id":300520,"date":"2025-08-06T14:05:10","date_gmt":"2025-08-06T14:05:10","guid":{"rendered":"https:\/\/www.europesays.com\/fr\/300520\/"},"modified":"2025-08-06T14:05:10","modified_gmt":"2025-08-06T14:05:10","slug":"la-date-de-la-legislative-partielle-a-paris-fixee-aux-21-et-28-septembre-liberation","status":"publish","type":"post","link":"https:\/\/www.europesays.com\/fr\/300520\/","title":{"rendered":"la date de la l\u00e9gislative partielle \u00e0 Paris fix\u00e9e aux 21 et 28\u00a0septembre \u2013 Lib\u00e9ration"},"content":{"rendered":"<p class=\"sc-ksZaOG ehjQrN text-element\">On a la date, il ne manque plus que les pop-corn. Le vote de la l\u00e9gislative partielle de la deuxi\u00e8me circonscription de Paris, qui devrait voir s\u2019affronter l\u2019ancien Premier ministre, Michel Barnier, et la ministre de la Culture, Rachida Dati, aura lieu les 21 et 28 septembre, selon un d\u00e9cret paru ce mercredi 6 ao\u00fbt au Journal officiel. \u00abLes \u00e9lecteurs de la deuxi\u00e8me circonscription de Paris sont convoqu\u00e9s le dimanche 21 septembre en vue de proc\u00e9der \u00e0 l\u2019\u00e9lection de leur d\u00e9put\u00e9 \u00e0 l\u2019Assembl\u00e9e nationale\u00bb, pr\u00e9cise le d\u00e9cret sign\u00e9 du ministre de l\u2019Int\u00e9rieur Bruno Retailleau. Le second tour aura lieu le 28 septembre, ajoute le texte.<\/p>\n<p class=\"sc-ksZaOG ehjQrN text-element\">La ministre de la Culture Rachida Dati a annonc\u00e9 fin juillet sa candidature \u00e0 cette l\u00e9gislative partielle, lan\u00e7ant les hostilit\u00e9s contre son camarade de LR Michel Barnier, qui brigue le m\u00eame poste de d\u00e9put\u00e9 et a <a href=\"https:\/\/www.liberation.fr\/politique\/legislative-partielle-a-paris-entre-dati-et-barnier-lr-dans-lembarras-du-choix-20250727_7KG7TLGHONGGXACFKYB3S4XWKI\/\" target=\"_blank\" rel=\"noreferrer noopener\" title=\"https:\/\/www.liberation.fr\/politique\/legislative-partielle-a-paris-entre-dati-et-barnier-lr-dans-lembarras-du-choix-20250727_7KG7TLGHONGGXACFKYB3S4XWKI\/\">obtenu l\u2019investiture<\/a> du parti. Rachida Dati a affirm\u00e9 qu\u2019elle serait candidate <a href=\"https:\/\/www.liberation.fr\/politique\/elections\/rachida-dati-candidate-quoi-quil-arrive-a-la-legislative-partielle-a-paris-20250728_ZDS6ZGW5T5BKZJ622XCQN7JJAA\/\" target=\"_blank\" rel=\"noreferrer noopener\" title=\"https:\/\/www.liberation.fr\/politique\/elections\/rachida-dati-candidate-quoi-quil-arrive-a-la-legislative-partielle-a-paris-20250728_ZDS6ZGW5T5BKZJ622XCQN7JJAA\/\">\u00abquoi qu\u2019il arrive\u00bb<\/a>, accusant Barnier de se pr\u00e9senter pour servir des \u00abambitions pr\u00e9sidentielles\u00bb. Ce dernier l\u2019a invit\u00e9e <a href=\"https:\/\/www.liberation.fr\/politique\/legislatives-a-paris-michel-barnier-demande-a-rachida-dati-de-ne-pas-se-tromper-delection-20250803_VOAAHWTFK5AFNMGERZRYYFNJJA\/\" target=\"_blank\" rel=\"noreferrer noopener\" title=\"https:\/\/www.liberation.fr\/politique\/legislatives-a-paris-michel-barnier-demande-a-rachida-dati-de-ne-pas-se-tromper-delection-20250803_VOAAHWTFK5AFNMGERZRYYFNJJA\/\">\u00e0 ne \u00abpas se tromper\u00bb d\u2019\u00e9lection<\/a>, estimant qu\u2019elle avait \u00abune ambition l\u00e9gitime\u00bb pour la mairie de Paris en 2026.<\/p>\n<p class=\"sc-ksZaOG ehjQrN text-element\">\u00abUn esprit malin (et lucide) pourrait tout \u00e0 fait rapprocher cette d\u00e9cision pr\u00e9cipit\u00e9e de Bruno Retailleau avec la date de l\u2019audience qui doit fixer la date du proc\u00e8s de Rachida Dati. Audience qui se tiendra le 29 septembre. Soit le lendemain du second tour\u00bb, a ironis\u00e9 sur X le pr\u00e9sident du conseil national du Parti socialiste, Luc Broussy. La maire du VIIe arrondissement <a href=\"https:\/\/www.liberation.fr\/societe\/police-justice\/la-ministre-de-la-culture-rachida-dati-sera-bien-jugee-pour-corruption-en-depit-dun-nombre-record-de-recours-20250722_JFJEARFX25DAZB6REUKWSXRGOU\/\" target=\"_blank\" rel=\"noreferrer noopener\" title=\"https:\/\/www.liberation.fr\/societe\/police-justice\/la-ministre-de-la-culture-rachida-dati-sera-bien-jugee-pour-corruption-en-depit-dun-nombre-record-de-recours-20250722_JFJEARFX25DAZB6REUKWSXRGOU\/\">a en effet \u00e9t\u00e9 renvoy\u00e9e le 22 juillet en proc\u00e8s<\/a> pour corruption et trafic d\u2019influence, soup\u00e7onn\u00e9e d\u2019avoir per\u00e7u 900 000 euros entre 2010 et 2012 pour des prestations de conseil avec une filiale de l\u2019alliance Renault-Nissan, mais sans avoir r\u00e9ellement travaill\u00e9, alors qu\u2019elle \u00e9tait avocate et d\u00e9put\u00e9e europ\u00e9enne. Elle a fait appel de la d\u00e9cision. \u00abSi la l\u00e9gislative avait \u00e9t\u00e9 convoqu\u00e9e, comme c\u2019\u00e9tait logique, pour les 28\/09 et 5\/10, la date de l\u2019audience serait intervenue entre les deux tours, a ajout\u00e9 sur X Luc Broussy. Madame Dati peut donc dire merci \u00e0 Bruno Retailleau et G\u00e9rald Darmanin.\u00bb <\/p>\n<p class=\"sc-ksZaOG ehjQrN text-element\">Pour le moment, seul une autre personne est officiellement candidate pour cette \u00e9lection : Thierry Mariani, ancien d\u00e9put\u00e9 du Vaucluse et ex-ministre du gouvernement Sarkozy, qui se pr\u00e9sente cette fois sous les couleurs du Rassemblement national. D\u2019apr\u00e8s les informations du <a href=\"https:\/\/www.leparisien.fr\/elections\/legislatives\/legislative-partielle-a-paris-la-ministre-clara-chappaz-pressentie-pour-defier-dati-et-barnier-16-07-2025-GMTO5YVULVCSFE52O3UGJG22RY.php\" target=\"_blank\" rel=\"noopener\" title=\"https:\/\/www.leparisien.fr\/elections\/legislatives\/legislative-partielle-a-paris-la-ministre-clara-chappaz-pressentie-pour-defier-dati-et-barnier-16-07-2025-GMTO5YVULVCSFE52O3UGJG22RY.php\">Parisien<\/a>, la ministre macroniste charg\u00e9e de l\u2019Intelligence artificielle et du Num\u00e9rique, Clara Chappaz, est pressentie pour \u00eatre investie par Ensemble pour la R\u00e9publique (EPR).<\/p>\n<p class=\"sc-ksZaOG ehjQrN text-element\">Cette l\u00e9gislative partielle intervient apr\u00e8s la d\u00e9cision du conseil constitutionnel de d\u00e9clarer in\u00e9ligible Jean Laussucq (EPR), pour des irr\u00e9gularit\u00e9s dans ses comptes de campagne. Deux autres d\u00e9put\u00e9s, St\u00e9phane Vojetta (circonscription des Fran\u00e7ais de l\u2019\u00e9tranger, EPR) et Brigitte Bar\u00e8ges (Tarn-et-Garonne, UDR), ont \u00e9galement \u00e9t\u00e9 d\u00e9clar\u00e9s in\u00e9ligibles le m\u00eame jour. Les dates des l\u00e9gislatives partielles de leurs circonscriptions n\u2019ont pas encore \u00e9t\u00e9 annonc\u00e9es.<\/p>\n","protected":false},"excerpt":{"rendered":"On a la date, il ne manque plus que les pop-corn. Le vote de la l\u00e9gislative partielle de&hellip;\n","protected":false},"author":2,"featured_media":300521,"comment_status":"","ping_status":"","sticky":false,"template":"","format":"standard","meta":{"footnotes":""},"categories":[1888],"tags":[11,1777,674,1011,27,27636,12,626,417,25],"class_list":{"0":"post-300520","1":"post","2":"type-post","3":"status-publish","4":"format-standard","5":"has-post-thumbnail","7":"category-paris","8":"tag-actualites","9":"tag-eu","10":"tag-europe","11":"tag-fr","12":"tag-france","13":"tag-michel-barnier","14":"tag-news","15":"tag-paris","16":"tag-rachida-dati","17":"tag-republique-francaise"},"share_on_mastodon":{"url":"https:\/\/pubeurope.com\/@fr\/114982205752292926","error":""},"_links":{"self":[{"href":"https:\/\/www.europesays.com\/fr\/wp-json\/wp\/v2\/posts\/300520","targetHints":{"allow":["GET"]}}],"collection":[{"href":"https:\/\/www.europesays.com\/fr\/wp-json\/wp\/v2\/posts"}],"about":[{"href":"https:\/\/www.europesays.com\/fr\/wp-json\/wp\/v2\/types\/post"}],"author":[{"embeddable":true,"href":"https:\/\/www.europesays.com\/fr\/wp-json\/wp\/v2\/users\/2"}],"replies":[{"embeddable":true,"href":"https:\/\/www.europesays.com\/fr\/wp-json\/wp\/v2\/comments?post=300520"}],"version-history":[{"count":0,"href":"https:\/\/www.europesays.com\/fr\/wp-json\/wp\/v2\/posts\/300520\/revisions"}],"wp:featuredmedia":[{"embeddable":true,"href":"https:\/\/www.europesays.com\/fr\/wp-json\/wp\/v2\/media\/300521"}],"wp:attachment":[{"href":"https:\/\/www.europesays.com\/fr\/wp-json\/wp\/v2\/media?parent=300520"}],"wp:term":[{"taxonomy":"category","embeddable":true,"href":"https:\/\/www.europesays.com\/fr\/wp-json\/wp\/v2\/categories?post=300520"},{"taxonomy":"post_tag","embeddable":true,"href":"https:\/\/www.europesays.com\/fr\/wp-json\/wp\/v2\/tags?post=300520"}],"curies":[{"name":"wp","href":"https:\/\/api.w.org\/{rel}","templated":true}]}}