{"id":300534,"date":"2025-08-06T14:12:12","date_gmt":"2025-08-06T14:12:12","guid":{"rendered":"https:\/\/www.europesays.com\/fr\/300534\/"},"modified":"2025-08-06T14:12:12","modified_gmt":"2025-08-06T14:12:12","slug":"depuis-debut-juin-nous-avons-eu-quatre-feux-autant-de-feux-que-de-week-ends-assure-la-presidente-du-conseil-departemental-de-laude","status":"publish","type":"post","link":"https:\/\/www.europesays.com\/fr\/300534\/","title":{"rendered":"\u00ab\u00a0Depuis d\u00e9but juin, nous avons eu quatre feux, autant de feux que de week-ends\u00a0\u00bb, assure la pr\u00e9sidente du conseil d\u00e9partemental de l&rsquo;Aude"},"content":{"rendered":"<p>Incendie dans l&rsquo;Aude: \u00ab\u00a0Depuis d\u00e9but juin, nous avons eu quatre feux, autant de feux que de week-ends\u00a0\u00bb, assure la pr\u00e9sidente du conseil d\u00e9partemental de l&rsquo;AudeSur le m\u00eame sujet<a href=\"https:\/\/www.bfmtv.com\/environnement\/climat\/video-le-lieutenant-robert-pous-temoigne-de-la-difficulte-des-pompiers-a-se-reapprovisionner-en-eau_VN-202508060342.html\" title=\"Le lieutenant Robert Pous t\u00e9moigne de la difficult\u00e9 des pompiers \u00e0 se r\u00e9approvisionner en eau\" rel=\"nofollow noopener\" target=\"_blank\"><img width=\"16\" height=\"9\" class=\"lozad\"  alt=\"Le lieutenant Robert Pous t\u00e9moigne de la difficult\u00e9 des pompiers \u00e0 se r\u00e9approvisionner en eau\"\/>1:48Le lieutenant Robert Pous t\u00e9moigne de la difficult\u00e9 des pompiers \u00e0 se r\u00e9approvisionner en eau<\/a><a href=\"https:\/\/www.bfmtv.com\/environnement\/climat\/video-incendie-dans-l-aude-depuis-debut-juin-nous-avons-eu-quatre-feux-autant-de-feux-que-de-week-ends-assure-la-presidente-du-conseil-departemental-de-l-aude_VN-202508060340.html\" title=\"Incendie dans l&#039;Aude: &quot;Depuis d\u00e9but juin, nous avons eu quatre feux, autant de feux que de week-ends&quot;, assure la pr\u00e9sidente du conseil d\u00e9partemental de l&#039;Aude\" rel=\"nofollow noopener\" target=\"_blank\"><img width=\"16\" height=\"9\" class=\"lozad\"  alt=\"Incendie dans l'Aude: &quot;Depuis d\u00e9but juin, nous avons eu quatre feux, autant de feux que de week-ends&quot;, assure la pr\u00e9sidente du conseil d\u00e9partemental de l'Aude\"\/>en lectureIncendie dans l&rsquo;Aude: \u00ab\u00a0Depuis d\u00e9but juin, nous avons eu quatre feux, autant de feux que de week-ends\u00a0\u00bb, assure la pr\u00e9sidente du conseil d\u00e9partemental de l&rsquo;Aude<\/a><a href=\"https:\/\/www.bfmtv.com\/environnement\/climat\/video-incendie-dans-l-aude-les-pompiers-des-bouches-du-rhone-ravitaillent-leurs-camions-avant-de-repartir-combattre-le-feu_VN-202508060339.html\" title=\"Incendie dans l&#039;Aude: les pompiers des Bouches-du-Rh\u00f4ne ravitaillent leurs camions avant de repartir combattre le feu\" rel=\"nofollow noopener\" target=\"_blank\"><img width=\"16\" height=\"9\" class=\"lozad\"  alt=\"Incendie dans l'Aude: les pompiers des Bouches-du-Rh\u00f4ne ravitaillent leurs camions avant de repartir combattre le feu\"\/>3:14Incendie dans l&rsquo;Aude: les pompiers des Bouches-du-Rh\u00f4ne ravitaillent leurs camions avant de repartir combattre le feu<\/a><a href=\"https:\/\/www.bfmtv.com\/politique\/video-incendie-dans-l-aude-c-est-une-immense-tristesse-nous-venons-de-perdre-15-000-hectares-declare-frederic-falcon-depute-rn_VN-202508060335.html\" title=\"Incendie dans l&#039;Aude: &quot;C&#039;est une immense tristesse: nous venons de perdre 15.000 hectares&quot;, d\u00e9clare Fr\u00e9d\u00e9ric Falcon (d\u00e9put\u00e9 RN)\" rel=\"nofollow noopener\" target=\"_blank\"><img width=\"16\" height=\"9\" class=\"lozad\"  alt=\"Incendie dans l'Aude: &quot;C'est une immense tristesse: nous venons de perdre 15.000 hectares&quot;, d\u00e9clare Fr\u00e9d\u00e9ric Falcon (d\u00e9put\u00e9 RN)\"\/>0:36Incendie dans l&rsquo;Aude: \u00ab\u00a0C&rsquo;est une immense tristesse: nous venons de perdre 15.000 hectares\u00a0\u00bb, d\u00e9clare Fr\u00e9d\u00e9ric Falcon (d\u00e9put\u00e9 RN)<\/a><a href=\"https:\/\/www.bfmtv.com\/environnement\/climat\/video-c-etait-un-message-de-reconfort-le-maire-de-sigean-raconte-son-appel-telephonique-avec-le-president-de-la-republique-emmanuel-macron_VN-202508060332.html\" title=\"&quot;C&#039;\u00e9tait un message de r\u00e9confort&quot;: le maire de Sigean raconte son appel t\u00e9l\u00e9phonique avec le pr\u00e9sident de la R\u00e9publique, Emmanuel Macron\" rel=\"nofollow noopener\" target=\"_blank\"><img width=\"16\" height=\"9\" class=\"lozad\"  alt=\"&quot;C'\u00e9tait un message de r\u00e9confort&quot;: le maire de Sigean raconte son appel t\u00e9l\u00e9phonique avec le pr\u00e9sident de la R\u00e9publique, Emmanuel Macron\"\/>1:07&Prime;C&rsquo;\u00e9tait un message de r\u00e9confort\u00a0\u00bb: le maire de Sigean raconte son appel t\u00e9l\u00e9phonique avec le pr\u00e9sident de la R\u00e9publique, Emmanuel Macron<\/a><a href=\"https:\/\/www.bfmtv.com\/environnement\/climat\/video-incendie-dans-l-aude-nous-avons-eu-a-peu-pres-200-personnes-dans-le-gymnase-requisitionne-pour-accueillir-les-sinistres-assure-le-maire-de-sigean_VN-202508060330.html\" title=\"Incendie dans l&#039;Aude: &quot;Nous avons eu \u00e0 peu pr\u00e8s 200 personnes dans le gymnase&quot; r\u00e9quisitionn\u00e9 pour accueillir les sinistr\u00e9s, assure le maire de Sigean\" rel=\"nofollow noopener\" target=\"_blank\"><img width=\"16\" height=\"9\" class=\"lozad\"  alt=\"Incendie dans l'Aude: &quot;Nous avons eu \u00e0 peu pr\u00e8s 200 personnes dans le gymnase&quot; r\u00e9quisitionn\u00e9 pour accueillir les sinistr\u00e9s, assure le maire de Sigean\"\/>1:24Incendie dans l&rsquo;Aude: \u00ab\u00a0Nous avons eu \u00e0 peu pr\u00e8s 200 personnes dans le gymnase\u00a0\u00bb r\u00e9quisitionn\u00e9 pour accueillir les sinistr\u00e9s, assure le maire de Sigean<\/a><a href=\"https:\/\/www.bfmtv.com\/environnement\/climat\/video-incendie-dans-l-aude-on-a-passe-une-belle-partie-de-la-nuit-a-essayer-d-eteindre-le-feu-temoigne-cet-habitant-de-saint-laurent-de-la-cabrerisse_VN-202508060329.html\" title=\"Incendie dans l&#039;Aude: &quot;On a pass\u00e9 une belle partie [de la nuit] \u00e0 essayer d&#039;\u00e9teindre&quot; le feu, t\u00e9moigne cet habitant de Saint-Laurent-de-la-Cabrerisse\" rel=\"nofollow noopener\" target=\"_blank\"><img width=\"16\" height=\"9\" class=\"lozad\"  alt=\"Incendie dans l'Aude: &quot;On a pass\u00e9 une belle partie [de la nuit] \u00e0 essayer d'\u00e9teindre&quot; le feu, t\u00e9moigne cet habitant de Saint-Laurent-de-la-Cabrerisse\"\/>2:42Incendie dans l&rsquo;Aude: \u00ab\u00a0On a pass\u00e9 une belle partie [de la nuit] \u00e0 essayer d&rsquo;\u00e9teindre\u00a0\u00bb le feu, t\u00e9moigne cet habitant de Saint-Laurent-de-la-Cabrerisse<\/a><a href=\"https:\/\/www.bfmtv.com\/police-justice\/video-incendie-dans-l-aude-deux-enquetes-ouvertes-par-le-parquet-de-carcassonne_VN-202508060315.html\" title=\"Incendie dans l&#039;Aude: deux enqu\u00eates ouvertes par le parquet de Carcassonne\" rel=\"nofollow noopener\" target=\"_blank\"><img width=\"16\" height=\"9\" class=\"lozad\"  alt=\"Incendie dans l'Aude: deux enqu\u00eates ouvertes par le parquet de Carcassonne\"\/>1:32Incendie dans l&rsquo;Aude: deux enqu\u00eates ouvertes par le parquet de Carcassonne<\/a><a href=\"https:\/\/www.bfmtv.com\/environnement\/climat\/video-julien-rancoule-depute-rn-et-pompier-volontaire-reagit-a-la-venue-de-francois-bayrou-suite-a-l-incendie-en-cours-dans-l-aude_VN-202508060314.html\" title=\"Julien Rancoule, d\u00e9put\u00e9 RN et pompier volontaire, r\u00e9agit \u00e0 la venue de Fran\u00e7ois Bayrou suite \u00e0 l&#039;incendie en cours dans l&#039;Aude\" rel=\"nofollow noopener\" target=\"_blank\"><img width=\"16\" height=\"9\" class=\"lozad\"  alt=\"Julien Rancoule, d\u00e9put\u00e9 RN et pompier volontaire, r\u00e9agit \u00e0 la venue de Fran\u00e7ois Bayrou suite \u00e0 l'incendie en cours dans l'Aude\"\/>1:07Julien Rancoule, d\u00e9put\u00e9 RN et pompier volontaire, r\u00e9agit \u00e0 la venue de Fran\u00e7ois Bayrou suite \u00e0 l&rsquo;incendie en cours dans l&rsquo;Aude<\/a><a href=\"https:\/\/www.bfmtv.com\/environnement\/climat\/video-incendie-dans-l-aude-au-moins-quatre-blesses-dont-un-grave-apres-un-accident-de-camion-de-pompiers-engage-sur-le-terrain_VN-202508060309.html\" title=\"Incendie dans l&#039;Aude: au moins quatre bless\u00e9s, dont un grave, apr\u00e8s un accident de camion de pompiers engag\u00e9 sur le terrain \" rel=\"nofollow noopener\" target=\"_blank\"><img width=\"16\" height=\"9\" class=\"lozad\"  alt=\"Incendie dans l'Aude: au moins quatre bless\u00e9s, dont un grave, apr\u00e8s un accident de camion de pompiers engag\u00e9 sur le terrain \"\/>0:32Incendie dans l&rsquo;Aude: au moins quatre bless\u00e9s, dont un grave, apr\u00e8s un accident de camion de pompiers engag\u00e9 sur le terrain<\/a><a href=\"https:\/\/www.bfmtv.com\/environnement\/climat\/video-le-sous-prefet-de-narbonne-remi-recio-fait-le-point-sur-l-avance-du-feu-dans-l-aude-ce-mercredi-6-aout-a-14h_VN-202508060307.html\" title=\"Le sous-pr\u00e9fet de Narbonne, R\u00e9mi Recio, fait le point sur l&#039;avanc\u00e9 du feu dans l&#039;Aude ce mercredi 6 ao\u00fbt \u00e0 14h\" rel=\"nofollow noopener\" target=\"_blank\"><img width=\"16\" height=\"9\" class=\"lozad\"  alt=\"Le sous-pr\u00e9fet de Narbonne, R\u00e9mi Recio, fait le point sur l'avanc\u00e9 du feu dans l'Aude ce mercredi 6 ao\u00fbt \u00e0 14h\"\/>2:12Le sous-pr\u00e9fet de Narbonne, R\u00e9mi Recio, fait le point sur l&rsquo;avanc\u00e9 du feu dans l&rsquo;Aude ce mercredi 6 ao\u00fbt \u00e0 14h<\/a><a href=\"https:\/\/www.bfmtv.com\/environnement\/climat\/video-incendie-dans-l-aude-on-a-envoye-sept-canadair-declare-le-colonel-alexandre-jouassard-porte-parole-de-la-securite-civile_VN-202508060303.html\" title=\"Incendie dans l&#039;Aude: &quot;On a envoy\u00e9 sept Canadair&quot;, d\u00e9clare le colonel Alexandre Jouassard, porte-parole de la S\u00e9curit\u00e9 civile\" rel=\"nofollow noopener\" target=\"_blank\"><img width=\"16\" height=\"9\" class=\"lozad\"  alt=\"Incendie dans l'Aude: &quot;On a envoy\u00e9 sept Canadair&quot;, d\u00e9clare le colonel Alexandre Jouassard, porte-parole de la S\u00e9curit\u00e9 civile\"\/>1:29Incendie dans l&rsquo;Aude: \u00ab\u00a0On a envoy\u00e9 sept Canadair\u00a0\u00bb, d\u00e9clare le colonel Alexandre Jouassard, porte-parole de la S\u00e9curit\u00e9 civile<\/a><a href=\"https:\/\/www.bfmtv.com\/environnement\/climat\/video-incendie-dans-l-aude-on-est-vraiment-sur-un-feu-enorme-avec-cette-difficulte-d-extinction-assure-le-colonel-alexandre-jouassard-porte-parole-de-la-securite-civile_VN-202508060298.html\" title=\"Incendie dans l&#039;Aude: &quot;On est vraiment sur un feu \u00e9norme, avec cette difficult\u00e9 d&#039;extinction&quot;, assure le colonel Alexandre Jouassard, porte-parole de la S\u00e9curit\u00e9 civile\" rel=\"nofollow noopener\" target=\"_blank\"><img width=\"16\" height=\"9\" class=\"lozad\"  alt=\"Incendie dans l'Aude: &quot;On est vraiment sur un feu \u00e9norme, avec cette difficult\u00e9 d'extinction&quot;, assure le colonel Alexandre Jouassard, porte-parole de la S\u00e9curit\u00e9 civile\"\/>1:18Incendie dans l&rsquo;Aude: \u00ab\u00a0On est vraiment sur un feu \u00e9norme, avec cette difficult\u00e9 d&rsquo;extinction\u00a0\u00bb, assure le colonel Alexandre Jouassard, porte-parole de la S\u00e9curit\u00e9 civile<\/a><a href=\"https:\/\/www.bfmtv.com\/environnement\/climat\/video-avec-14-000-hectares-parcourus-l-incendie-dans-l-aude-est-le-plus-important-depuis-au-moins-20-ans-en-france_VN-202508060295.html\" title=\"Avec 14.000 hectares parcourus, l&#039;incendie dans l&#039;Aude est le plus important depuis au moins 20 ans en France\" rel=\"nofollow noopener\" target=\"_blank\"><img width=\"16\" height=\"9\" class=\"lozad\"  alt=\"Avec 14.000 hectares parcourus, l'incendie dans l'Aude est le plus important depuis au moins 20 ans en France\"\/>0:31Avec 14.000 hectares parcourus, l&rsquo;incendie dans l&rsquo;Aude est le plus important depuis au moins 20 ans en France<\/a><a class=\"jumpToVideo\" target=\"_blank\"><img class=\"thumbnailPreview\"\/><\/a><\/p>\n","protected":false},"excerpt":{"rendered":"Incendie dans l&rsquo;Aude: \u00ab\u00a0Depuis d\u00e9but juin, nous avons eu quatre feux, autant de feux que de week-ends\u00a0\u00bb, assure&hellip;\n","protected":false},"author":2,"featured_media":300535,"comment_status":"","ping_status":"","sticky":false,"template":"","format":"standard","meta":{"footnotes":""},"categories":[1586],"tags":[11,1777,674,1779,1011,27,12,25,1778,364],"class_list":{"0":"post-300534","1":"post","2":"type-post","3":"status-publish","4":"format-standard","5":"has-post-thumbnail","7":"category-europe","8":"tag-actualites","9":"tag-eu","10":"tag-europe","11":"tag-european-union","12":"tag-fr","13":"tag-france","14":"tag-news","15":"tag-republique-francaise","16":"tag-ue","17":"tag-union-europeenne"},"share_on_mastodon":{"url":"https:\/\/pubeurope.com\/@fr\/114982233299748659","error":""},"_links":{"self":[{"href":"https:\/\/www.europesays.com\/fr\/wp-json\/wp\/v2\/posts\/300534","targetHints":{"allow":["GET"]}}],"collection":[{"href":"https:\/\/www.europesays.com\/fr\/wp-json\/wp\/v2\/posts"}],"about":[{"href":"https:\/\/www.europesays.com\/fr\/wp-json\/wp\/v2\/types\/post"}],"author":[{"embeddable":true,"href":"https:\/\/www.europesays.com\/fr\/wp-json\/wp\/v2\/users\/2"}],"replies":[{"embeddable":true,"href":"https:\/\/www.europesays.com\/fr\/wp-json\/wp\/v2\/comments?post=300534"}],"version-history":[{"count":0,"href":"https:\/\/www.europesays.com\/fr\/wp-json\/wp\/v2\/posts\/300534\/revisions"}],"wp:featuredmedia":[{"embeddable":true,"href":"https:\/\/www.europesays.com\/fr\/wp-json\/wp\/v2\/media\/300535"}],"wp:attachment":[{"href":"https:\/\/www.europesays.com\/fr\/wp-json\/wp\/v2\/media?parent=300534"}],"wp:term":[{"taxonomy":"category","embeddable":true,"href":"https:\/\/www.europesays.com\/fr\/wp-json\/wp\/v2\/categories?post=300534"},{"taxonomy":"post_tag","embeddable":true,"href":"https:\/\/www.europesays.com\/fr\/wp-json\/wp\/v2\/tags?post=300534"}],"curies":[{"name":"wp","href":"https:\/\/api.w.org\/{rel}","templated":true}]}}