{"id":300538,"date":"2025-08-06T14:14:20","date_gmt":"2025-08-06T14:14:20","guid":{"rendered":"https:\/\/www.europesays.com\/fr\/300538\/"},"modified":"2025-08-06T14:14:20","modified_gmt":"2025-08-06T14:14:20","slug":"cest-le-moment-montez-dans-le-train-florian-thauvin-france-lens","status":"publish","type":"post","link":"https:\/\/www.europesays.com\/fr\/300538\/","title":{"rendered":"C&rsquo;est le moment : montez dans le train Florian Thauvin ! &#8211; France &#8211; Lens"},"content":{"rendered":"<p>Florian Thauvin jouissait d\u00e9j\u00e0 d\u2019une belle cote de popularit\u00e9 \u00e0 Lens depuis <a target=\"_blank\" href=\"https:\/\/www.sofoot.com\/articles\/un-jour-transfert-florian-thauvin-a-marseille-episode-4\" rel=\"nofollow noopener\">l\u2019invraisemblable feuilleton de l\u2019\u00e9t\u00e9 2013<\/a>, quand il avait fini par tourner le dos au rival lillois pour filer \u00e0 Marseille. Mais rien \u00e0 voir avec la joie et la fiert\u00e9 que le peuple sang et or a exprim\u00e9 mardi soir \u00e0 l\u2019a\u00e9roport de Lille-Lesquin, au moment de l\u2019atterrissage du champion du monde 2018, <a target=\"_blank\" href=\"https:\/\/www.sofoot.com\/breves\/les-lensois-envahissent-laeroport-de-lille-pour-accueillir-florian-thauvin#goog_rewarded\" rel=\"nofollow noopener\">accueilli par des fumig\u00e8nes et des chants \u00e0 sa gloire<\/a>. L\u2019attaquant signera un contrat de trois saisons ce mercredi, une fois la traditionnelle visite m\u00e9dicale pass\u00e9e. Le coup d\u2019envoi d\u2019une mission reconqu\u00eate : quatre ans apr\u00e8s avoir quitt\u00e9 la Ligue 1, Thauvin revient avec la ferme intention de montrer qu\u2019il m\u00e9rite d\u2019\u00eatre mieux consid\u00e9r\u00e9 et que les sceptiques ont eu tort de l\u2019enterrer.<\/p>\n<p>\u00ab\u202fEnfin de la reconnaissance \u00e0 mon travail\u202f\u00bb<\/p>\n<p>Le pied \u00e0 peine pos\u00e9 sur le sol fran\u00e7ais, FloTov s\u2019est jet\u00e9 dans les bras de Jean-Louis Leca. Les deux hommes ont un passif, qui a assur\u00e9ment pes\u00e9 dans la balance. L\u2019an pass\u00e9, <a target=\"_blank\" href=\"https:\/\/www.sofoot.com\/breves\/jean-louis-leca-va-devenir-le-nouveau-directeur-sportif-du-rc-lens\" rel=\"nofollow noopener\">le directeur sportif lensois<\/a> avait d\u00e9j\u00e0 t\u00e9moign\u00e9 son respect et son int\u00e9r\u00eat pour le joueur de l\u2019Udinese. Thauvin avait racont\u00e9 leurs \u00e9changes dans <a target=\"_blank\" href=\"https:\/\/www.youtube.com\/watch?v=cuWAX_YwOUI\" rel=\"nofollow noopener\">un entretien avec Zack Nani cet automne<\/a>. \u00ab\u202fIl m\u2019appelle et il me dit : \u201cFlo, t\u2019es \u00e0 l\u2019Udinese, tout le monde dit que t\u2019es mort, je veux te signer tout de suite. J\u2019ai regard\u00e9 toute la nuit des vid\u00e9os de toi, t\u2019as retrouv\u00e9 tout ton niveau. Si ton attaquant n\u2019avait pas mang\u00e9 toutes tes pass\u00e9s d\u00e9, tu serais le meilleur passeur de Serie A.\u201d Je lui ai donc dit : \u201cJean-Louis, tu peux pas savoir le plaisir que tu me fais, parce que \u00e7a fait deux ans, quand je discute avec un club, on me dit que je suis mort et on me parle de mon salaire, sans me parler de football.\u201d Personne ne m\u2019a regard\u00e9 jouer.\u202f\u00bb<\/p>\n<p>De la consid\u00e9ration, enfin. Thauvin en avait besoin, lui qui a souvent entendu qu\u2019il n\u2019avait touch\u00e9 qu\u2019un seul ballon lors de la Coupe du monde 2018 et qui n\u2019a jamais sign\u00e9 dans un top club europ\u00e9en, malgr\u00e9 53 buts et 28 passes d\u00e9cisives en Ligue 1 entre 2016 et 2019. \u00ab\u202fJe pense que je le m\u00e9ritais. Ce que j\u2019ai r\u00e9alis\u00e9 durant trois saisons de suite, certains joueurs ne l\u2019ont fait que pendant six mois avant de partir dans des grands clubs\u00a0\u00bb, soulignait-il \u00e0 TNT Sports au printemps 2024. Les mots de Jean-Louis Leca sont donc all\u00e9s droit au c\u0153ur du joueur.\u00a0\u00ab\u202fC\u2019\u00e9tait enfin quelqu\u2019un qui donnait de la reconnaissance \u00e0 mon travail. Tu ne peux pas savoir le bonheur que \u00e7a m\u2019a procur\u00e9\u202f\u00bb, confiait Thauvin, qui est finalement rest\u00e9 en Italie une saison de plus car \u00ab\u202fce n\u2019\u00e9tait pas le moment\u202f\u00bb. Mais la graine a germ\u00e9 et un an plus tard, Lens s\u2019appr\u00eate \u00e0 en r\u00e9colter les fruits. D\u2019autant que parmi <a target=\"_blank\" href=\"https:\/\/www.sofoot.com\/articles\/paul-pogba-et-olivier-giroud-en-ligue-1-la-ligue-des-vieux-talents\" rel=\"nofollow noopener\">les trois champions du monde qui ont fait leur retour en France cet \u00e9t\u00e9<\/a>, Florian Thauvin est de loin celui qui pr\u00e9sente le plus de garanties.<\/p>\n<p>La barre des 100 buts en Ligue 1\u2026 et la Coupe du monde ?<\/p>\n<p>Apr\u00e8s un passage compliqu\u00e9 chez les Tigres, Thauvin a retrouv\u00e9 son football \u00e0 l\u2019Udinese : auteur de six buts en 2023-2024, <a target=\"_blank\" href=\"https:\/\/www.sofoot.com\/articles\/tiens-revoila-florian-thauvin-a-ludinese-leader-de-serie-a\" rel=\"nofollow noopener\">il a hauss\u00e9 le curseur en 2024-2025<\/a> avec neuf buts et cinq passes d\u00e9cisives en 26 matchs. L\u2019international fran\u00e7ais a tellement fait l\u2019unanimit\u00e9 qu\u2019il a re\u00e7u le brassard de capitaine. Une d\u00e9cision qui t\u00e9moigne de son attitude irr\u00e9prochable et de son leadership dans le vestiaire. Termin\u00e9e, l\u2019\u00e9poque \u00ab\u202fpetit con\u202f\u00bb : \u00e0 32 ans, FloTov a \u00e9volu\u00e9 en patron. Et il ne revient pas pour rien. Bless\u00e9 que personne ne lui tende la main \u00e0 son retour du Mexique, malgr\u00e9 son CV, l\u2019homme aux 86 buts en Ligue 1 a soif de revanche.<\/p>\n<p>D\u00e9termin\u00e9 \u00e0 rappeler qu\u2019il a beaucoup \u00e0 donner et qu\u2019il demeure une r\u00e9f\u00e9rence \u00e0 son poste dans le paysage fran\u00e7ais, Thauvin lorgne la Coupe du monde 2026, forc\u00e9ment. Le RC Lens version Pierre Sage appara\u00eet comme un cadre id\u00e9al pour s\u2019\u00e9panouir, dans une \u00e9quipe qui le mettra en valeur, en 10, et dans un club \u00e0 dimension familiale, mais ambitieux. Il pourra \u00e9trenner son nouveau maillot d\u00e8s samedi, \u00e0 Bollaert-Delelis, \u00e0 l\u2019occasion du match amical contre Leipzig, avant d\u2019entrer dans le vif du sujet le 16 ao\u00fbt face \u00e0 Lyon. En attendant de remettre le football fran\u00e7ais dans sa poche, le public lensois adh\u00e8re d\u00e9j\u00e0. FloTov a aliment\u00e9 la flamme mardi en publiant des c\u0153urs rouge et jaune dans plusieurs stories Instagram. La Ligue 1 attend maintenant avec impatience que le feu prenne.<\/p>\n<p>\t\t\t\t\t\t\t\t\t\t<a class=\"lien-connexe\" href=\"https:\/\/www.sofoot.com\/breves\/les-lensois-envahissent-laeroport-de-lille-pour-accueillir-florian-thauvin\" rel=\"nofollow noopener\" target=\"_blank\">Les supporters lensois envahissent l&rsquo;a\u00e9roport de Lille pour accueillir Florian Thauvin<\/a>\t\t\t\t\t<\/p>\n","protected":false},"excerpt":{"rendered":"Florian Thauvin jouissait d\u00e9j\u00e0 d\u2019une belle cote de popularit\u00e9 \u00e0 Lens depuis l\u2019invraisemblable feuilleton de l\u2019\u00e9t\u00e9 2013, quand&hellip;\n","protected":false},"author":2,"featured_media":300539,"comment_status":"","ping_status":"","sticky":false,"template":"","format":"standard","meta":{"footnotes":""},"categories":[2],"tags":[47,11,61,69,65,64,63,1011,27,68,66,12,62,70,25,67],"class_list":{"0":"post-300538","1":"post","2":"type-post","3":"status-publish","4":"format-standard","5":"has-post-thumbnail","7":"category-actualites","8":"tag-actualite","9":"tag-actualites","10":"tag-actus-football","11":"tag-bundesliga","12":"tag-championnats-europeens","13":"tag-equipe-de-france","14":"tag-football","15":"tag-fr","16":"tag-france","17":"tag-ligua","18":"tag-ligue-1","19":"tag-news","20":"tag-news-foot","21":"tag-premier-league","22":"tag-republique-francaise","23":"tag-serie-a"},"share_on_mastodon":{"url":"https:\/\/pubeurope.com\/@fr\/114982241176318647","error":""},"_links":{"self":[{"href":"https:\/\/www.europesays.com\/fr\/wp-json\/wp\/v2\/posts\/300538","targetHints":{"allow":["GET"]}}],"collection":[{"href":"https:\/\/www.europesays.com\/fr\/wp-json\/wp\/v2\/posts"}],"about":[{"href":"https:\/\/www.europesays.com\/fr\/wp-json\/wp\/v2\/types\/post"}],"author":[{"embeddable":true,"href":"https:\/\/www.europesays.com\/fr\/wp-json\/wp\/v2\/users\/2"}],"replies":[{"embeddable":true,"href":"https:\/\/www.europesays.com\/fr\/wp-json\/wp\/v2\/comments?post=300538"}],"version-history":[{"count":0,"href":"https:\/\/www.europesays.com\/fr\/wp-json\/wp\/v2\/posts\/300538\/revisions"}],"wp:featuredmedia":[{"embeddable":true,"href":"https:\/\/www.europesays.com\/fr\/wp-json\/wp\/v2\/media\/300539"}],"wp:attachment":[{"href":"https:\/\/www.europesays.com\/fr\/wp-json\/wp\/v2\/media?parent=300538"}],"wp:term":[{"taxonomy":"category","embeddable":true,"href":"https:\/\/www.europesays.com\/fr\/wp-json\/wp\/v2\/categories?post=300538"},{"taxonomy":"post_tag","embeddable":true,"href":"https:\/\/www.europesays.com\/fr\/wp-json\/wp\/v2\/tags?post=300538"}],"curies":[{"name":"wp","href":"https:\/\/api.w.org\/{rel}","templated":true}]}}