{"id":300543,"date":"2025-08-06T14:18:11","date_gmt":"2025-08-06T14:18:11","guid":{"rendered":"https:\/\/www.europesays.com\/fr\/300543\/"},"modified":"2025-08-06T14:18:11","modified_gmt":"2025-08-06T14:18:11","slug":"top-14-mathis-ferte-au-rct-gamin-javais-appris-par-coeur-le-pilou-pilou","status":"publish","type":"post","link":"https:\/\/www.europesays.com\/fr\/300543\/","title":{"rendered":"Top 14 &#8211; Mathis Fert\u00e9 au RCT\u00a0: \u00ab\u00a0Gamin, j\u2019avais appris par c\u0153ur le Pilou-Pilou\u00a0\u00bb"},"content":{"rendered":"<p>\n                Sourire aux l\u00e8vres, voix pos\u00e9e au fil des minutes, l\u2019ailier polyvalent s\u2019est confi\u00e9 en longueur pour expliquer son choix de quitter Brive pour Toulon, un club pour lequel il a toujours eu une affection dans sa jeunesse au gr\u00e9 des vacances d\u2019\u00e9t\u00e9 en famille.\n            <\/p>\n<p><strong>Vous avez fait vos premiers pas avec le RCT. Comme se d\u00e9roule cette nouvelle aventure ?\u00a0<\/strong><\/p>\n<p>J\u2019ai repris officiellement le 21\u00a0juillet, apr\u00e8s une bonne coupure. J\u2019ai eu le temps de pr\u00e9parer mon d\u00e9m\u00e9nagement. La premi\u00e8re semaine, on avait d\u00e9cid\u00e9 avec les nouveaux joueurs de venir plus t\u00f4t, de s\u2019entra\u00eener entre nous. On avait envie de se d\u00e9couvrir et de prendre nos rep\u00e8res avant la vraie reprise. C\u2019\u00e9tait franchement sympa, et on a eu le temps de s\u2019approprier les installations. Ces deux premi\u00e8res semaines ont \u00e9t\u00e9 bonnes. Tout se passe tr\u00e8s bien, les gens sont sympas. Je suis franchement tr\u00e8s content de mon choix, car tout se passe pour le mieux. L\u2019environnement est incroyable, le cadre est magnifique. Il y a tout pour aller chercher la performance.<\/p>\n<p><strong>Quel genre d\u2019homme \u00eates-vous dans un groupe\u00a0?<\/strong><\/p>\n<p>Avant tout, je voulais revenir en tr\u00e8s grande forme pour montrer une bonne image \u00e0 Pierre (Mignoni, NDLR), au staff et \u00e0 mes nouveaux co\u00e9quipiers. J\u2019ai beaucoup jou\u00e9 ces derni\u00e8res saisons, mais apr\u00e8s la coupure, je me suis dit que c\u2019\u00e9tait important de faire les efforts en vue de cette nouvelle aventure. Je repars \u00e0 z\u00e9ro sur du nouveau\u00a0: nouvelles t\u00eates, nouveaux entra\u00eenements, nouvelle maison, nouveau lieu de vie\u2026 \u00c7a fait du bien mentalement\u00a0! Franchement, tout est tr\u00e8s bien, j\u2019ai l\u2019impression d\u2019un peu tout red\u00e9couvrir et donc je m\u2019adapte peu \u00e0 peu. Je sens d\u00e9j\u00e0 une routine qui arrive, et les processus qui se mettent en place. Le matin, quand je me l\u00e8ve, je suis tr\u00e8s heureux d\u2019aller m\u2019entra\u00eener. Il fait beau, le temps est incroyable\u2026 Non, vraiment, je ne regrette pas du tout mon choix\u00a0! Je suis heureux. Je n\u2019ai rien d\u2019autre \u00e0 vous dire hormis que je me r\u00e9gale vraiment d\u2019\u00eatre ici.<\/p>\n<p><strong>Pouvez-vous nous raconter les coulisses de votre arriv\u00e9e, alors que vous \u00e9tiez encore sous contrat avec Brive\u00a0?<\/strong><\/p>\n<p>Sans mentir, tout s\u2019est fait assez naturellement. Je ne me suis jamais trop pris la t\u00eate, je fonctionne beaucoup \u00e0 l\u2019instinct. Quand j\u2019ai su que Toulon \u00e9tait entr\u00e9 en contact, j\u2019ai dit que j\u2019\u00e9tais int\u00e9ress\u00e9. Pierre (Mignoni, NDLR) m\u2019a alors appel\u00e9. J\u2019ai vraiment accroch\u00e9 \u00e0 son discours, \u00e0 son projet qui est hyper int\u00e9ressant. C\u2019\u00e9tait une suite logique de rejoindre Toulon. J\u2019ai ressenti que c\u2019\u00e9tait le bon moment pour partir de Brive. Je sors d\u2019une aventure de sept ans, et je ne regrette rien de ce que j\u2019ai pu faire \u00e0 Brive. J\u2019ai fait sept belles ann\u00e9es, j\u2019ai v\u00e9cu de merveilleux moments, j\u2019ai rencontr\u00e9 de superbes personnes. M\u00eame s\u2019il y a cette demi-finale\u2026 C\u2019est la loi du sport\u00a0! On ne peut pas revenir en arri\u00e8re. Je ne pense plus \u00e0 cet \u00e9chec, et je me projette sur cette nouvelle aventure passionnante.<\/p>\n<p><strong>Vous n\u2019\u00eates pas trop d\u00e9pays\u00e9 puisque vous avez rejoint une colonie nombreuse d\u2019anciens Brivistes. Est-ce que cela a \u00e9t\u00e9 un \u00e9l\u00e9ment important dans votre choix\u00a0?<\/strong><\/p>\n<p>Honn\u00eatement, c\u2019est un facteur qui rassure. J\u2019ai jou\u00e9 avec Enzo (Herv\u00e9), Dany (Brennan), Esteban (Abadie), Seta (Setariki Tuicuvu). C\u2019est forc\u00e9ment une aide quand on arrive dans un autre club. Bien \u00e9videmment, avant de faire mon choix, j\u2019ai eu des discussions notamment avec Dany, Esteban et Enzo. Ce sont des joueurs avec qui je m&rsquo;entendais\u00a0tr\u00e8s bien \u00e0 Brive. Ils m\u2019ont racont\u00e9 la vie ici, le groupe, la ville, le club. Ils m\u2019ont tous dit que c\u2019\u00e9tait incroyable. Ce sont des gars de confiance, et \u00e7a m\u2019a motiv\u00e9 \u00e0 relever ce d\u00e9fi. S\u2019ils sont \u00e9panouis, je me suis dit\u00a0: \u00ab\u00a0Il n\u2019y a pas de raison que \u00e7a ne plaise pas.\u00a0\u00bb Je connais aussi des mecs de l\u2019\u00e9quipe de France moins de 20 ans comme Jo\u00e9 (Qu\u00e9r\u00e9-Karaba), ou Corentin (M\u00e9zou). C\u2019est vraiment cool de tous les retrouver\u00a0!<\/p>\n<p><strong>Est-ce qu\u2019il y a un point qui vous a particuli\u00e8rement convaincu\u00a0?<\/strong><\/p>\n<p>J\u2019ai vraiment \u00e9cout\u00e9 mon feeling. J\u2019ai su rapidement que j\u2019avais envie d\u2019aller \u00e0 Toulon. C\u2019\u00e9tait naturel. Puis, Toulon, c\u2019est un club que j\u2019ai toujours regard\u00e9 \u00e0 la t\u00e9l\u00e9vision. Quand j\u2019\u00e9tais petit, j\u2019avais m\u00eame des maillots de Toulon (rires) et j\u2019ai quelques anecdotes.<\/p>\n<p><strong>On vous \u00e9coute\u2026<\/strong><\/p>\n<p>Petit, avec ma famille, je suis venu quelques fois voir des matchs lorsqu\u2019on partait en vacances en Corse avec mes parents, ma marraine, et les meilleurs amis de mes parents. Mon grand fr\u00e8re \u00e9tait pour Toulouse, tout comme\u00a0son copain. Et moi, avec le fils de ma marraine, on \u00e9tait pour Toulon (rires). Quand on faisait des deux contre deux, apr\u00e8s ces vacances, j\u2019\u00e9tais donc un joueur de Toulon dans le jardin (sourire) et je jouais contre Toulouse\u00a0! C\u2019est fou. Quand on gagnait, on chantait comme les supporters de Mayol. Gamin, j\u2019avais m\u00eame appris le Pilou-Pilou\u00a0! Je le criais partout dans la maison. Donc, voil\u00e0, ma famille ne sera pas d\u00e9pays\u00e9e. Je peux vous dire que tout le monde a bascul\u00e9 sur Toulon et le RCT. Ils vont nous supporter.<\/p>\n<p><strong>Cahors, Brive, puis Toulon\u2026 On peut dire que ce sont des villes qui vivent pour le rugby. Est-ce un hasard ou est-ce que c\u2019est une volont\u00e9\u00a0?<\/strong><\/p>\n<p>J\u2019ai \u00e9t\u00e9 habitu\u00e9 comme \u00e7a d\u00e9j\u00e0 depuis petit. Mon p\u00e8re m\u2019entra\u00eenait au rugby, tous mes amis sont issus du rugby, mon fr\u00e8re joue, et ma m\u00e8re \u00e9tait b\u00e9n\u00e9vole au sein d\u2019un club&#8230; J\u2019ai baign\u00e9 dans tout \u00e7a ! En fait, sans m&rsquo;en apercevoir, on parle toujours rugby m\u00eame avec ma tante, mon oncle. J\u2019ai retrouv\u00e9 \u00e7a \u00e0 Brive. J\u2019aime \u00e7a, le fait que les supporters soient \u00e0 fond. J\u2019ai besoin de ressentir \u00e7a, et m\u00eame d\u2019entendre que je ne suis pas bon quand c\u2019est le cas. Parce que je sais que ces gens donnent tout. J\u2019aime que le club pour lequel je joue puisse avoir un impact sur la ville. Ici, \u00e7a vit aussi pour le rugby. \u00c7a m\u2019aide \u00e0 me surpasser et \u00e0 me faire progresser. Au fond, tout pousse \u00e0 ne pas d\u00e9cevoir les supporters. J\u2019ai besoin d\u2019\u00eatre connect\u00e9 au rugby le plus souvent possible. Le rugby est ma passion, et cela ne me d\u00e9range pas de partager \u00e7a avec le plus de monde possible, m\u00eame si maintenant je suis aussi un joueur.<\/p>\n<p><strong>Il peut aussi y avoir le revers de la m\u00e9daille en cas de mauvaises performances\u2026<\/strong><\/p>\n<p>Moi, \u00e7a m\u2019a toujours aid\u00e9 \u00e0 \u00eatre meilleur. Je sais qu\u2019il y a une responsabilit\u00e9 de jouer ici. Je n\u2019ai pas envie de d\u00e9cevoir, encore plus quand tu es un nouveau. Je suis exigeant et j\u2019ai envie de mettre la barre au top niveau. La pression, je veux m\u2019en servir. J\u2019ai envie que l\u2019on dise rapidement de moi que je suis un chien, que je suis un gars qui se bat pour ce maillot. Ici, il faut se battre, bien \u00e9videmment pour tes co\u00e9quipiers, mais surtout pour un club, un blason, une ville et une r\u00e9gion. Les gens ont l\u2019amour du maillot ici, et j\u2019esp\u00e8re en \u00eatre digne le plus rapidement.<\/p>\n<p><strong>Vous \u00e9voquez beaucoup votre famille. Vous \u00e9tiez \u00e0 une heure de votre cocon de Cahors. Est-ce qu\u2019ils ont eu une incidence sur votre choix\u00a0?<\/strong><\/p>\n<p>Je suis tr\u00e8s famille. Quand je rentre \u00e0 Cahors, je voulais aller voir mon fr\u00e8re au rugby, je faisais une bise \u00e0 mes oncles, tantes, cousins. Je passe la journ\u00e9e chez ma grand-m\u00e8re o\u00f9 je joue \u00e0 des jeux. Mes parents m\u2019ont laiss\u00e9 le choix, mais ils n\u2019ont jamais dit que serait une mauvaise id\u00e9e de signer ici. Ils m\u2019ont soutenu \u00e0 100\u00a0% dans ma r\u00e9flexion. En v\u00e9rit\u00e9, l\u2019\u00e9loignement avec la famille a \u00e9t\u00e9 le facteur qui m\u2019a fait le plus r\u00e9fl\u00e9chir. Mais, je suis s\u00fbr que \u00e7a va me faire grandir. \u00c7a va me faire du bien, mais bien \u00e9videmment que je me suis dit\u00a0: \u00ab\u00a0Si tu es loin d\u2019eux, est-ce que tu seras bien dans la t\u00eate\u00a0?\u00a0\u00bb Si tu n\u2019es pas bien dans ta vie, tu n\u2019es pas bien au rugby. Mais, je ne suis pas venu tout seul ici puisque ma petite amie, qui est de Cahors, m\u2019accompagne. On va se soutenir, \u00e0 deux, dans cette aventure. Pour l\u2019instant, je peux juste vous dire que je suis bien et heureux. La famille vient beaucoup nous voir, il n\u2019y a que cinq heures de route.<\/p>\n<p><strong>Revenons au terrain. Pour le moment, aux entra\u00eenements, on vous voit\u00a0\u00e9voluer uniquement \u00e0 l\u2019aile\u2026<\/strong><\/p>\n<p>Oui, vous avez bien vu. C\u2019est plaisant\u00a0!<\/p>\n<p><strong>Avez-vous envie de continuer \u00e0 cultiver votre polyvalence \u00e0 Toulon ?<\/strong><\/p>\n<p>Je suis l\u00e0 pour rendre service. Depuis tout petit, j\u2019ai appris \u00e0 jouer de partout. \u00c0 la m\u00eal\u00e9e, \u00e0 l\u2019arri\u00e8re ou \u00e0 l\u2019aile, cela ne change rien pour moi. J\u2019ai de l\u2019exp\u00e9rience sur les trois postes. Pour l\u2019instant, je m\u2019entra\u00eene \u00e0 l\u2019aile, mais je sais que je vais travailler au fur et \u00e0 mesure sur les autres postes. Pierre (Mignoni) compte sur ma polyvalence. Il n\u2019y aura, dans tous les cas, aucune excuse \u00e0 avoir\u2026 Ce sera \u00e0 moi d\u2019\u00eatre bon\u00a0!<\/p>\n<p><strong>Est-ce que cela rend plus difficile l\u2019apprentissage d\u2019un nouveau plan de jeu\u00a0?<\/strong><\/p>\n<p>Non, pas vraiment. Quand je m\u2019entra\u00eene \u00e0 l\u2019aile, je regarde beaucoup ce que font les arri\u00e8res et les demis de m\u00eal\u00e9e. J\u2019essaie d\u2019anticiper les choses, pour \u00e9viter d\u2019\u00eatre perdu. Il y a des automatismes \u00e0 prendre, bien s\u00fbr, mais c\u2019est toujours le cas quand tu d\u00e9couvres des co\u00e9quipiers. Je ne passe pas trois fois plus de temps devant le plan de jeu (rires). Je fais confiance aussi \u00e0 mon instinct, et j\u2019utilise beaucoup la vid\u00e9o depuis mon plus jeune \u00e2ge. Je suis tr\u00e8s rugby. Depuis petit, je loupe peu de matchs, et je regarde beaucoup la t\u00e9l\u00e9vision. J\u2019adore vraiment ce sport, et vous pouvez me voir en tribunes sur des matchs d\u2019Honneur, de F\u00e9d\u00e9rale 2\u2026 D\u00e9j\u00e0, quand je suis \u00e0 Cahors, je vais toujours les voir et en plus il y a mon fr\u00e8re. Depuis l&rsquo;\u00e2ge de cinq ans, c\u2019est une vraie passion.<\/p>\n<p><strong>Au niveau international, les s\u00e9lectionneurs tentent de plus en plus des bancs avec sept avants et un trois-quart. Vous avez la polyvalence pour le faire. Est-ce que les Bleus sont dans un coin de votre t\u00eate\u00a0?<\/strong><\/p>\n<p>Avant tout, il y a Toulon et le fait de rejouer en Top 14. C\u2019\u00e9tait une suite logique. J\u2019avais le besoin de voir autre chose apr\u00e8s sept ans \u00e0 Brive. J\u2019ai tout ador\u00e9 l\u00e0-bas, mais je suis un comp\u00e9titeur. J\u2019avais envie de retrouver le tr\u00e8s haut niveau pour voir ce que je valais face aux meilleurs. Pour l\u2019\u00e9quipe de France, je ne vais pas vous mentir\u00a0: c\u2019est dans un coin de ma t\u00eate. Je suis conscient que \u00e7a sera compliqu\u00e9 d\u2019y aller quand je vois la concurrence, et je sais que j\u2019ai encore du boulot. Je vais travailler pour me donner les moyens d\u2019y aller, mais je ne me suis jamais dit\u00a0: \u00ab\u00a0Mathis, il faut y \u00eatre dans six mois, un an\u2026\u00a0\u00bb Loin de l\u00e0\u00a0! Mais, l\u2019ambition est l\u00e0. J\u2019ai le go\u00fbt de l\u2019apprentissage et de la comp\u00e9tition. Je suis un \u00e9ternel insatisfait, et je veux aller chercher tr\u00e8s haut.<\/p>\n","protected":false},"excerpt":{"rendered":"Sourire aux l\u00e8vres, voix pos\u00e9e au fil des minutes, l\u2019ailier polyvalent s\u2019est confi\u00e9 en longueur pour expliquer son&hellip;\n","protected":false},"author":2,"featured_media":300544,"comment_status":"","ping_status":"","sticky":false,"template":"","format":"standard","meta":{"footnotes":""},"categories":[1416],"tags":[1011,27,479,1468,60],"class_list":{"0":"post-300543","1":"post","2":"type-post","3":"status-publish","4":"format-standard","5":"has-post-thumbnail","7":"category-rugby","8":"tag-fr","9":"tag-france","10":"tag-rugby","11":"tag-rugby-football","12":"tag-sports"},"share_on_mastodon":{"url":"https:\/\/pubeurope.com\/@fr\/114982256907169943","error":""},"_links":{"self":[{"href":"https:\/\/www.europesays.com\/fr\/wp-json\/wp\/v2\/posts\/300543","targetHints":{"allow":["GET"]}}],"collection":[{"href":"https:\/\/www.europesays.com\/fr\/wp-json\/wp\/v2\/posts"}],"about":[{"href":"https:\/\/www.europesays.com\/fr\/wp-json\/wp\/v2\/types\/post"}],"author":[{"embeddable":true,"href":"https:\/\/www.europesays.com\/fr\/wp-json\/wp\/v2\/users\/2"}],"replies":[{"embeddable":true,"href":"https:\/\/www.europesays.com\/fr\/wp-json\/wp\/v2\/comments?post=300543"}],"version-history":[{"count":0,"href":"https:\/\/www.europesays.com\/fr\/wp-json\/wp\/v2\/posts\/300543\/revisions"}],"wp:featuredmedia":[{"embeddable":true,"href":"https:\/\/www.europesays.com\/fr\/wp-json\/wp\/v2\/media\/300544"}],"wp:attachment":[{"href":"https:\/\/www.europesays.com\/fr\/wp-json\/wp\/v2\/media?parent=300543"}],"wp:term":[{"taxonomy":"category","embeddable":true,"href":"https:\/\/www.europesays.com\/fr\/wp-json\/wp\/v2\/categories?post=300543"},{"taxonomy":"post_tag","embeddable":true,"href":"https:\/\/www.europesays.com\/fr\/wp-json\/wp\/v2\/tags?post=300543"}],"curies":[{"name":"wp","href":"https:\/\/api.w.org\/{rel}","templated":true}]}}