{"id":300560,"date":"2025-08-06T14:28:18","date_gmt":"2025-08-06T14:28:18","guid":{"rendered":"https:\/\/www.europesays.com\/fr\/300560\/"},"modified":"2025-08-06T14:28:18","modified_gmt":"2025-08-06T14:28:18","slug":"delmas-piege-par-morgane-et-arrete-hector-place-sous-tutelle-par-vanessa-le-resume-de-lepisode-393-du-jeudi-7-aout-2025","status":"publish","type":"post","link":"https:\/\/www.europesays.com\/fr\/300560\/","title":{"rendered":"Delmas pi\u00e9g\u00e9 par Morgane et arr\u00eat\u00e9, Hector plac\u00e9 sous tutelle par Vanessa&#8230; Le r\u00e9sum\u00e9 de l&rsquo;\u00e9pisode 393 du jeudi 7 ao\u00fbt 2025"},"content":{"rendered":"<p>Dans Plus belle la vie, encore plus belle, sur TF1, Morgane pi\u00e8ge Delmas pour qu&rsquo;il passe aux aveux, Thomas affronte une impasse financi\u00e8re et apprend le mariage de Gabriel tandis qu&rsquo;Hector d\u00e9couvre qu\u2019il a \u00e9t\u00e9 plac\u00e9 sous tutelle par Vanessa Kepler. <\/p>\n<p><b>Dans l\u2019\u00e9pisode de <\/b><b>Plus belle la vie, encore plus belle<\/b><b> du jeudi 7\u00a0ao\u00fbt 2025<\/b>, d\u00e9j\u00e0 <a href=\"https:\/\/www.programme-tv.net\/news\/series-tv\/344072-plus-belle-la-vie-encore-plus-belle-en-streaming-ou-regarder-la-nouvelle-serie-de-tf1-en-replay\/\" data-api-deeplink=\"teleloisirs:\/\/news\/344072\" target=\"_blank\" rel=\"noopener\">disponible en streaming<\/a>&#8230; Vadim retrouve Morgane dans sa chambre. Laura est partie courir seule. <a href=\"https:\/\/www.programme-tv.net\/news\/series-tv\/384061-plus-belle-la-vie-en-avance-patrick-est-bien-le-pere-de-vadim-qui-l-accuse-de-viol-et-menace-de-le-detruire-le-resume-de-l-episode-386-du-mardi-29-juillet-2025\/\" data-api-deeplink=\"teleloisirs:\/\/news\/384061\" target=\"_blank\" rel=\"noopener\">Le fils de Patrick <\/a>l&rsquo;interroge sur <a href=\"https:\/\/www.programme-tv.net\/news\/series-tv\/384714-plus-belle-la-vie-en-avance-ariane-creuse-la-piste-de-delmas-morgane-s-impose-face-a-laura-et-luna-tombe-sous-le-charme-d-idriss-le-resume-de-lepisode-392-du-mercredi-6-aout-2025\/\" data-api-deeplink=\"teleloisirs:\/\/news\/384714\" target=\"_blank\" rel=\"noopener\">la tentative de suicide de sa s\u0153ur<\/a>. Laura croise ensuite Jules qui n\u2019arrive pas \u00e0 envoyer son article. Au m\u00eame moment, Morgane rassure Vadim : Delmas va payer pour l&#8217;empoisonnement d&rsquo;Esteban. Morgane lui soumet une id\u00e9e mais il devra collaborer avec Patrick.<\/p>\n<p><b>Plus belle la vie <\/b><b>en avance : Morgane pi\u00e8ge Delmas <\/b><\/p>\n<p>Les policiers d\u00e9cident de mettre au point un plan pour coincer le pr\u00e9sum\u00e9 coupable. Mais avant, il faut l&rsquo;aval de la juge Colbert. Elle le donne \u00e0 Patrick et Ariane. Morgane retrouve Delmas. Elle ne sait pas si elle se sent l\u00e9gitime pour int\u00e9grer l&rsquo;unit\u00e9. C&rsquo;est alors que Vadim arrive avec une seringue qu\u2019il plante dans le cou de Delmas. Delmas supplie Morgane d&rsquo;appeler les secours. Morgane le fera contre des aveux. Il a drogu\u00e9 le verre de Patrick et a fourni la drogue \u00e0 Laura pour Esteban. Patrick et Ariane arr\u00eatent Delmas.<\/p>\n<p>                        <b>Plus belle la vie <\/b><b>en avance : Thomas apprend le mariage de Gabriel <\/b><\/p>\n<p> Au Mistral, Thomas se retrouve dans une impasse \u00e0 mesure que les mauvaises nouvelles s&rsquo;accumulent. Thomas doit 66 000 euros en cinq jours. Barbara pense qu&rsquo;il va trouver une solution. Elle lui propose d&rsquo;attendre avant d&rsquo;\u00eatre pay\u00e9e et d&rsquo;acheter des produits moins chers. Il lui rappelle qu&rsquo;il n&rsquo;est pas tout seul. Mirta veut aussi l&rsquo;aider \u00e0 trouver une solution. Mirta et Robert ont lanc\u00e9 une cagnotte en ligne pour sauver le Mistral. Il pense que cette id\u00e9e va faire fuir les clients. Thomas leur demande de la de la cl\u00f4turer en urgence. Mirta lui conseille de demander de l&rsquo;aide \u00e0 Gabriel, Thomas refuse. De retour de la banque, Thomas perd espoir. Djawad lui sugg\u00e8re de faire jouer l&rsquo;assurance. Thomas \u00e9voque le rachat du Mistral par Vanessa Kepler. Yolande lui apprend ensuite que <a href=\"https:\/\/www.programme-tv.net\/news\/series-tv\/384614-plus-belle-la-vie-en-avance-morgane-risque-sa-carriere-pour-sauver-patrick-gabriel-accepte-d-epouser-axel-le-resume-de-l-episode-391-du-mardi-5-aout-2025\/\" data-api-deeplink=\"teleloisirs:\/\/news\/384614\" target=\"_blank\" rel=\"noopener\">Gabriel va se marier.<\/a><\/p>\n<p>            <b>Plus belle la vie <\/b><b>en avance : Hector plac\u00e9 sous tutelle par Vanessa<\/b><\/p>\n<p>Hector lit le livre \u00e9crit par Blanche. Il la f\u00e9licite pour son travail. Blanche \u00e9voque la th\u00e9rapie exp\u00e9rimentale trouv\u00e9e par Vanessa Kepler. L&rsquo;ancienne professeure est morte de trouille avant son suicide assist\u00e9. C&rsquo;est alors qu&rsquo;Hector apprend qu&rsquo;il fait l&rsquo;objet d\u2019une proc\u00e9dure de mise sous tutelle engag\u00e9e par Vanessa. L&rsquo;association refuse donc de l&rsquo;aider. Hector confronte Vanessa. Elle veut s&rsquo;occuper de lui jusqu&rsquo;au bout. Hector lui montre l&rsquo;\u00e9tendue de ses futures souffrances.<\/p>\n","protected":false},"excerpt":{"rendered":"Dans Plus belle la vie, encore plus belle, sur TF1, Morgane pi\u00e8ge Delmas pour qu&rsquo;il passe aux aveux,&hellip;\n","protected":false},"author":2,"featured_media":300561,"comment_status":"","ping_status":"","sticky":false,"template":"","format":"standard","meta":{"footnotes":""},"categories":[1356],"tags":[244,58,1367,7313,7312,7314,7315,7316,59,1011,27,1368,7309,7311,7310,252,199,2175,1364],"class_list":{"0":"post-300560","1":"post","2":"type-post","3":"status-publish","4":"format-standard","5":"has-post-thumbnail","7":"category-television","8":"tag-commentaire","9":"tag-divertissement","10":"tag-encore-plus-belle","11":"tag-encore-plus-belle-182024-0120-pm-plug-rtl","12":"tag-encore-plus-belle-192024-1145-am-rts-un","13":"tag-encore-plus-belle-saison-1-52152789","14":"tag-encore-plus-belle-su00e9rie-52152788","15":"tag-encore-plus-belle-le-doc-u00e9vu00e8nement-292024-0905-pm-tfx","16":"tag-entertainment","17":"tag-fr","18":"tag-france","19":"tag-plus-belle-la-vie","20":"tag-plus-belle-la-vie-en-avance","21":"tag-ru00e9sumu00e9-plus-belle-la-vie","22":"tag-ru00e9sumu00e9-plus-belle-la-vie-en-avance","23":"tag-television","24":"tag-tf1","25":"tag-tl-story","26":"tag-tv"},"share_on_mastodon":{"url":"","error":"Validation failed: Text character limit of 500 exceeded"},"_links":{"self":[{"href":"https:\/\/www.europesays.com\/fr\/wp-json\/wp\/v2\/posts\/300560","targetHints":{"allow":["GET"]}}],"collection":[{"href":"https:\/\/www.europesays.com\/fr\/wp-json\/wp\/v2\/posts"}],"about":[{"href":"https:\/\/www.europesays.com\/fr\/wp-json\/wp\/v2\/types\/post"}],"author":[{"embeddable":true,"href":"https:\/\/www.europesays.com\/fr\/wp-json\/wp\/v2\/users\/2"}],"replies":[{"embeddable":true,"href":"https:\/\/www.europesays.com\/fr\/wp-json\/wp\/v2\/comments?post=300560"}],"version-history":[{"count":0,"href":"https:\/\/www.europesays.com\/fr\/wp-json\/wp\/v2\/posts\/300560\/revisions"}],"wp:featuredmedia":[{"embeddable":true,"href":"https:\/\/www.europesays.com\/fr\/wp-json\/wp\/v2\/media\/300561"}],"wp:attachment":[{"href":"https:\/\/www.europesays.com\/fr\/wp-json\/wp\/v2\/media?parent=300560"}],"wp:term":[{"taxonomy":"category","embeddable":true,"href":"https:\/\/www.europesays.com\/fr\/wp-json\/wp\/v2\/categories?post=300560"},{"taxonomy":"post_tag","embeddable":true,"href":"https:\/\/www.europesays.com\/fr\/wp-json\/wp\/v2\/tags?post=300560"}],"curies":[{"name":"wp","href":"https:\/\/api.w.org\/{rel}","templated":true}]}}