{"id":300562,"date":"2025-08-06T14:29:10","date_gmt":"2025-08-06T14:29:10","guid":{"rendered":"https:\/\/www.europesays.com\/fr\/300562\/"},"modified":"2025-08-06T14:29:10","modified_gmt":"2025-08-06T14:29:10","slug":"ed-sheeran-retrouve-le-numero-17-et-ce-nest-pas-une-blague","status":"publish","type":"post","link":"https:\/\/www.europesays.com\/fr\/300562\/","title":{"rendered":"Ed Sheeran retrouve le num\u00e9ro\u00a017 (et ce n\u2019est pas une blague)"},"content":{"rendered":"<p>Les num\u00e9ros de la saison 2025-26 ont \u00e9t\u00e9 attribu\u00e9s <a href=\"https:\/\/www.20minutes.fr\/sport\/football\/premier_league\/4127008-20241203-homophobie-capitaine-ipswich-refuse-porter-brassard-arc-ciel-raison-convictions-religieuses\" class=\"color-ultramarine c-link\" target=\"_blank\" rel=\"noopener\">du c\u00f4t\u00e9 d\u2019Ipswich Town<\/a>. On s\u2019en cogne, nous direz-vous. Ce n\u2019est pas totalement faux, \u00e0 cela pr\u00e8s qu\u2019en y regardant \u00e0 la loupe, on s\u2019apercevra qu\u2019entre le num\u00e9ro\u00a016 d\u2019Ali al Hamadi et le num\u00e9ro\u00a018 de Ben Johnson, Ed Sheeran portera le num\u00e9ro\u00a017. Un homonyme, sans doute\u00a0? Que nenni. Il s\u2019agit bien du <a href=\"https:\/\/www.20minutes.fr\/culture\/ed-sheeran\/\" class=\"color-ultramarine c-link\" target=\"_blank\" rel=\"noopener\">chanteur et sosie capillaire de Kevin De\u00a0Bruyne<\/a>.<\/p>\n<p class=\"mb-xxl@xs color-ultramarine font-weight-semi-bold@xs font-source-serif-pro heading-s@xs\">L\u2019acc\u00e8s \u00e0 ce contenu a \u00e9t\u00e9 bloqu\u00e9 afin de respecter votre choix de consentement<\/p>\n<p class=\"mb-m@xs text-l@xs\">En cliquant sur\u00ab J\u2019accepte \u00bb, vous acceptez le d\u00e9p\u00f4t de cookies par des services externes et aurez ainsi acc\u00e8s aux contenus de nos partenaires.<\/p>\n<p class=\"mb-xl@xs text-s@xs\">Plus d\u2019informations sur la page<a href=\"https:\/\/www.20minutes.fr\/gestion-cookies\" class=\"mx-xxs@xs color-ultramarine\" target=\"_blank\" rel=\"noopener\">Politique de gestion des cookies<\/a><\/p>\n<p>J\u2019accepte<\/p>\n<p>Le plus \u00e9tonnant, c\u2019est qu\u2019il ne s\u2019agit pas de la premi\u00e8re fois qu\u2019Ed Sheeran h\u00e9rite de ce m\u00eame num\u00e9ro\u00a017. C\u2019\u00e9tait carr\u00e9ment devenu un rituel depuis son entr\u00e9e au capital du club \u00e0 hauteur de 1,4\u00a0% en\u00a02021 et en tant que sponsor maillot. Seule la saison pass\u00e9e, qui co\u00efncidait avec la mont\u00e9e d\u2019Ipswich en Premier League, a d\u00e9rog\u00e9 \u00e0 la r\u00e8gle. Mais vu que le club anglais a fait l\u2019ascenseur vers le Championship, et que la D2 anglaise semble ne pas m\u00e9riter autant de respect que l\u2019\u00e9lite, celui-ci a d\u00e9cid\u00e9 de renouer avec cette tradition qui, para\u00eet-il, ne fait pas l\u2019unanimit\u00e9 chez les supporters.<\/p>\n<p>Ed Sheeran, supporter combl\u00e9<\/p>\n<p><a href=\"https:\/\/www.20minutes.fr\/insolite\/4056927-20231009-ed-sheeran-sert-bieres-spectateurs-chante-joueurs-ipswich-town-fc\" class=\"color-ultramarine c-link\" target=\"_blank\" rel=\"noopener\">Ipswich Town est le club de c\u0153ur d\u2019Ed Sheeran<\/a>. \u00ab\u00a0C\u2019est le r\u00eave de tout fan de foot de devenir propri\u00e9taire du club qu\u2019il soutient et je suis tr\u00e8s reconnaissant d\u2019avoir cette opportunit\u00e9. Je vis dans le Suffolk depuis l\u2019\u00e2ge de 3 ans et, m\u00eame si je voyage \u00e0 travers le monde, Ipswich m\u2019a toujours donn\u00e9 l\u2019impression d\u2019appartenir \u00e0 sa communaut\u00e9\u00a0\u00bb, avait d\u00e9clar\u00e9 la star \u00e0 son arriv\u00e9e en\u00a02021.<\/p>\n","protected":false},"excerpt":{"rendered":"Les num\u00e9ros de la saison 2025-26 ont \u00e9t\u00e9 attribu\u00e9s du c\u00f4t\u00e9 d\u2019Ipswich Town. On s\u2019en cogne, nous direz-vous.&hellip;\n","protected":false},"author":2,"featured_media":300563,"comment_status":"","ping_status":"","sticky":false,"template":"","format":"standard","meta":{"footnotes":""},"categories":[1355],"tags":[4708,1695,1696,58,9472,59,63,1011,27,1361,873,517],"class_list":{"0":"post-300562","1":"post","2":"type-post","3":"status-publish","4":"format-standard","5":"has-post-thumbnail","7":"category-musique","8":"tag-angleterre","9":"tag-chanson","10":"tag-chanteur","11":"tag-divertissement","12":"tag-ed-sheeran","13":"tag-entertainment","14":"tag-football","15":"tag-fr","16":"tag-france","17":"tag-music","18":"tag-musique","19":"tag-sport"},"share_on_mastodon":{"url":"https:\/\/pubeurope.com\/@fr\/114982300225189648","error":""},"_links":{"self":[{"href":"https:\/\/www.europesays.com\/fr\/wp-json\/wp\/v2\/posts\/300562","targetHints":{"allow":["GET"]}}],"collection":[{"href":"https:\/\/www.europesays.com\/fr\/wp-json\/wp\/v2\/posts"}],"about":[{"href":"https:\/\/www.europesays.com\/fr\/wp-json\/wp\/v2\/types\/post"}],"author":[{"embeddable":true,"href":"https:\/\/www.europesays.com\/fr\/wp-json\/wp\/v2\/users\/2"}],"replies":[{"embeddable":true,"href":"https:\/\/www.europesays.com\/fr\/wp-json\/wp\/v2\/comments?post=300562"}],"version-history":[{"count":0,"href":"https:\/\/www.europesays.com\/fr\/wp-json\/wp\/v2\/posts\/300562\/revisions"}],"wp:featuredmedia":[{"embeddable":true,"href":"https:\/\/www.europesays.com\/fr\/wp-json\/wp\/v2\/media\/300563"}],"wp:attachment":[{"href":"https:\/\/www.europesays.com\/fr\/wp-json\/wp\/v2\/media?parent=300562"}],"wp:term":[{"taxonomy":"category","embeddable":true,"href":"https:\/\/www.europesays.com\/fr\/wp-json\/wp\/v2\/categories?post=300562"},{"taxonomy":"post_tag","embeddable":true,"href":"https:\/\/www.europesays.com\/fr\/wp-json\/wp\/v2\/tags?post=300562"}],"curies":[{"name":"wp","href":"https:\/\/api.w.org\/{rel}","templated":true}]}}