{"id":300566,"date":"2025-08-06T14:31:14","date_gmt":"2025-08-06T14:31:14","guid":{"rendered":"https:\/\/www.europesays.com\/fr\/300566\/"},"modified":"2025-08-06T14:31:14","modified_gmt":"2025-08-06T14:31:14","slug":"4-400-patients-dun-cabinet-dentaire-appeles-a-se-faire-depister-apres-de-graves-negligences","status":"publish","type":"post","link":"https:\/\/www.europesays.com\/fr\/300566\/","title":{"rendered":"4.400 patients d&rsquo;un cabinet dentaire appel\u00e9s \u00e0 se faire d\u00e9pister apr\u00e8s de graves n\u00e9gligences"},"content":{"rendered":"<p class=\"article-p mdl\">4.400 patients du cabinet dentaire du centre hospitalier de Maubeuge (Nord) sont plong\u00e9s dans l&rsquo;angoisse. Ils vont devoir subir des tests de d\u00e9pistage des h\u00e9patites B et C mais aussi du VIH car une visite\u00a0d&rsquo;inspection a r\u00e9v\u00e9l\u00e9 de graves n\u00e9gligences en mati\u00e8re de st\u00e9rilisation du mat\u00e9riel dans ce cabinet.\u00a0<\/p>\n<p class=\"article-p mdl\">Pendant plusieurs ann\u00e9es, les porte-instruments et les tablettes pour poser les outils n&rsquo;\u00e9taient pas st\u00e9rilis\u00e9s. Le cabinet dentaire se contentait de les d\u00e9sinfecter plusieurs fois par jour. Or, seule la st\u00e9rilisation permet d&rsquo;\u00e9liminer totalement les micro-organismes. Ce d\u00e9faut a pu entra\u00eener <strong>un risque de transmission de certains virus,<\/strong> peut-on lire dans le courrier envoy\u00e9 aux patients concern\u00e9s.<\/p>\n<p class=\"article-p mdl\">\u00ab\u00a0Je ne m&rsquo;attendais pas \u00e0 un courrier comme \u00e7a en revenant de vacances. Je fais soigner mes enfants r\u00e9guli\u00e8rement. Ils m&rsquo;ont dit que \u00e7a faisait des ann\u00e9es qu&rsquo;ils agissaient comme \u00e7a. Comme par hasard, il a fallu un contr\u00f4le de l&rsquo;ARS pour que le mat\u00e9riel soit achet\u00e9. Sinon, on ne l&rsquo;aurait pas su. Ils ont attendu qu&rsquo;il y ait un contr\u00f4le pour r\u00e9agir. C&rsquo;est \u00e7a qui me met en col\u00e8re\u00a0\u00bb, d\u00e9plore Juliette, dont le fils est un des patients.<\/p>\n<p class=\"article-p mdl\">D&rsquo;apr\u00e8s l&rsquo;h\u00f4pital, <strong>les zones non st\u00e9rilis\u00e9es ne sont pas entr\u00e9es en contact direct avec les patients<\/strong>. Le risque d&rsquo;infection serait infime : 0,003% pour le\u00a0<a class=\"link\" href=\"https:\/\/www.rtl.fr\/sujet\/vih\" target=\"_blank\" rel=\"noopener\">VIH<\/a>, 0,005% pour l&rsquo;h\u00e9patite C et 0,3% pour l&rsquo;h\u00e9patite B. Mais les patients doivent prendre rapidement rendez-vous chez leur m\u00e9decin traitant pour \u00eatre s\u00fbrs qu&rsquo;aucune contamination n&rsquo;a eu lieu. Depuis l&rsquo;inspection en janvier, l&rsquo;h\u00f4pital assure s&rsquo;\u00eatre conform\u00e9 aux recommandations de l&rsquo;ARS. Le processus de st\u00e9rilisation a depuis \u00e9t\u00e9 corrig\u00e9.<\/p>\n<p>    La r\u00e9daction vous recommande<\/p>\n<p class=\"s-newsletter__title\">\n                L\u2019actualit\u00e9 par la r\u00e9daction de RTL dans votre bo\u00eete mail.\n            <\/p>\n<p class=\"s-newsletter__subtitle\">\n                Gr\u00e2ce \u00e0 votre compte RTL abonnez-vous \u00e0 la newsletter RTL info pour suivre toute l&rsquo;actualit\u00e9 au quotidien\n            <\/p>\n<p>\n                                    Lire la suite\n                                <\/p>\n","protected":false},"excerpt":{"rendered":"4.400 patients du cabinet dentaire du centre hospitalier de Maubeuge (Nord) sont plong\u00e9s dans l&rsquo;angoisse. Ils vont devoir&hellip;\n","protected":false},"author":2,"featured_media":300567,"comment_status":"","ping_status":"","sticky":false,"template":"","format":"standard","meta":{"footnotes":""},"categories":[10],"tags":[107,1011,27,811,72,2777,362,360,71,10705],"class_list":{"0":"post-300566","1":"post","2":"type-post","3":"status-publish","4":"format-standard","5":"has-post-thumbnail","7":"category-sante","8":"tag-fil-info","9":"tag-fr","10":"tag-france","11":"tag-hauts-de-france","12":"tag-health","13":"tag-hopitaux","14":"tag-replay","15":"tag-replay-integral","16":"tag-sante","17":"tag-vih"},"share_on_mastodon":{"url":"https:\/\/pubeurope.com\/@fr\/114982308073366022","error":""},"_links":{"self":[{"href":"https:\/\/www.europesays.com\/fr\/wp-json\/wp\/v2\/posts\/300566","targetHints":{"allow":["GET"]}}],"collection":[{"href":"https:\/\/www.europesays.com\/fr\/wp-json\/wp\/v2\/posts"}],"about":[{"href":"https:\/\/www.europesays.com\/fr\/wp-json\/wp\/v2\/types\/post"}],"author":[{"embeddable":true,"href":"https:\/\/www.europesays.com\/fr\/wp-json\/wp\/v2\/users\/2"}],"replies":[{"embeddable":true,"href":"https:\/\/www.europesays.com\/fr\/wp-json\/wp\/v2\/comments?post=300566"}],"version-history":[{"count":0,"href":"https:\/\/www.europesays.com\/fr\/wp-json\/wp\/v2\/posts\/300566\/revisions"}],"wp:featuredmedia":[{"embeddable":true,"href":"https:\/\/www.europesays.com\/fr\/wp-json\/wp\/v2\/media\/300567"}],"wp:attachment":[{"href":"https:\/\/www.europesays.com\/fr\/wp-json\/wp\/v2\/media?parent=300566"}],"wp:term":[{"taxonomy":"category","embeddable":true,"href":"https:\/\/www.europesays.com\/fr\/wp-json\/wp\/v2\/categories?post=300566"},{"taxonomy":"post_tag","embeddable":true,"href":"https:\/\/www.europesays.com\/fr\/wp-json\/wp\/v2\/tags?post=300566"}],"curies":[{"name":"wp","href":"https:\/\/api.w.org\/{rel}","templated":true}]}}