{"id":300570,"date":"2025-08-06T14:33:15","date_gmt":"2025-08-06T14:33:15","guid":{"rendered":"https:\/\/www.europesays.com\/fr\/300570\/"},"modified":"2025-08-06T14:33:15","modified_gmt":"2025-08-06T14:33:15","slug":"jenna-ortega-qua-t-elle-fait-a-son-visage-cest-juste-le-maquillage-ce-genre-doperation-devrait-etre-interdite-cest-vraiment-trop-triste-lactrice-de-la-serie-mercredi-victime-dun","status":"publish","type":"post","link":"https:\/\/www.europesays.com\/fr\/300570\/","title":{"rendered":"Jenna Ortega &#8211; \u00ab\u00a0Qu&rsquo;a-t-elle fait \u00e0 son visage ?\u00a0\u00bb, \u00ab\u00a0C&rsquo;est juste le maquillage\u00a0\u00bb, \u00ab\u00a0Ce genre d&rsquo;op\u00e9ration devrait \u00eatre interdite\u00a0\u00bb, \u00ab\u00a0C&rsquo;est vraiment trop triste\u00a0\u00bb : l&rsquo;actrice de la s\u00e9rie Mercredi victime d&rsquo;une vague de haine apr\u00e8s son apparition \u00e0 l&rsquo;avant-premi\u00e8re de la deuxi\u00e8me saison"},"content":{"rendered":"<p>Elle \u00e9tait tr\u00e8s attendue par les fans. Plus de deux ans apr\u00e8s la premi\u00e8re saison, <a data-i13n=\"cpos:1;pos:1\" href=\"https:\/\/fr.news.yahoo.com\/mercredi-saison-2-partie-1-053000560.html\" data-ylk=\"slk:Mercredi revient sur Netflix;cpos:1;pos:1;elm:context_link;itc:0;sec:content-canvas;outcm:mb_qualified_link;_E:mb_qualified_link;ct:story;\" class=\"link  yahoo-link\" rel=\"nofollow noopener\" target=\"_blank\">Mercredi revient sur Netflix<\/a> pour la suite des aventures de la famille Adams. La saison 2 sera disponible sur Netflix d\u00e8s ce mercredi 6 ao\u00fbt pour la partie 1, et le mercredi 3 septembre pour la partie 2. Au casting de cette nouvelle saison : <a data-i13n=\"cpos:2;pos:1\" href=\"https:\/\/fr.style.yahoo.com\/lady-gaga-craque-%C3%A0-tour-074843413.html\" data-ylk=\"slk:Lady Gaga;cpos:2;pos:1;elm:context_link;itc:0;sec:content-canvas;outcm:mb_qualified_link;_E:mb_qualified_link;ct:story;\" class=\"link  yahoo-link\" rel=\"nofollow noopener\" target=\"_blank\">Lady Gaga<\/a>, Luis Guzman, Catherine Zeta-Jones, Steve Buscemi, Billie Piper, &#8230; Et <a data-i13n=\"cpos:3;pos:1\" href=\"https:\/\/fr.style.yahoo.com\/jenna-ortega-lavez-doute-oubli%C3%A9-072616907.html\" data-ylk=\"slk:Jenna Ortega;cpos:3;pos:1;elm:context_link;itc:0;sec:content-canvas;outcm:mb_qualified_link;_E:mb_qualified_link;ct:story;\" class=\"link  yahoo-link\" rel=\"nofollow noopener\" target=\"_blank\">Jenna Ortega<\/a>, qui subit une vague de moqueries depuis quelques jours.<\/p>\n<p>La jeune actrice de 22 ans ne fait pas qu&rsquo;incarner le r\u00f4le de Mercredi. Elle le vit, elle l&rsquo;habite. Elle performe. Comme ce 30 juillet, \u00e0 Londres, \u00e0 l&rsquo;occasion de l&rsquo;avant-premi\u00e8re. Jenna Ortega avait rev\u00eatu une longue robe couleur chair, imitation peau de serpent. Ses sourcils ont \u00e9t\u00e9 teints en blond pour l&rsquo;occasion et ses cheveux attach\u00e9s en arri\u00e8re. M\u00e9connaissable.<\/p>\n<p>\u00ab\u00a0C&rsquo;est impossible que ce soit la m\u00eame personne\u00a0\u00bb<\/p>\n<p>Tr\u00e8s vite, le look reptilien de Jenna Ortega suscite de vives r\u00e9actions. Certains trouvent son visage bien trop mince, d&rsquo;autres sont persuad\u00e9s qu&rsquo;elle a eu recours \u00e0 de la chirurgie esth\u00e9tique. \u00ab\u00a0Mais qu&rsquo;est-ce qui lui est arriv\u00e9 ?\u00a0\u00bb, lance un internaute sur X. \u00ab\u00a0Qu&rsquo;a-t-elle fait \u00e0 son visage ?\u00a0\u00bb, questionne un autre. \u00ab\u00a0Pourquoi a-t-elle tant chang\u00e9 ?\u00a0\u00bb Et les r\u00e9actions ne s&rsquo;arr\u00eatent pas l\u00e0.<\/p>\n<p>\u00ab\u00a0C&rsquo;est vraiment trop triste\u00a0\u00bb, \u00ab\u00a0C&rsquo;\u00e9tait une jolie jeune fille, c&rsquo;est dommage\u00a0\u00bb, \u00ab\u00a0Elle a pris 15 ans d&rsquo;un seul coup\u00a0\u00bb, \u00ab\u00a0L&rsquo;industrie du cin\u00e9ma a ruin\u00e9 son innocence\u00a0\u00bb, \u00ab\u00a0Elle fait peur \u00e0 voir\u00a0\u00bb, &#8230; Des commentaires de ce type, on en lit par dizaine sur les r\u00e9seaux sociaux depuis quelques jours. En France comme aux Etats-Unis, en Espagne ou en Grande-Bretagne, les internautes se d\u00e9cha\u00eenent. Les plus m\u00e9chants comparent la jeune femme aux fr\u00e8res Bogdanoff, connus pour leur visage singulier d\u00fb \u00e0 de nombreuses injections de produits siliconn\u00e9s. Certains \u00e9voquent \u00e9galement la transition physique de Michael Jackson. \u00ab\u00a0C&rsquo;est effrayant\u00a0\u00bb, ose un homme sur X.<\/p>\n<p>Devant des images d&rsquo;elle en 2018 et en 2025, les fans de la s\u00e9rie Mercredi se questionnent. \u00ab\u00a0C&rsquo;est impossible que ce soit la m\u00eame personne\u00a0\u00bb, ose l&rsquo;un. \u00ab\u00a0Ce genre d&rsquo;op\u00e9ration devrait \u00eatre interdite\u00a0\u00bb, soumet un autre, persuad\u00e9 que la jeune actrice s&rsquo;est fait retirer les Boules de Bichat. Visage moins rond, joues creus\u00e9es, pommettes plus saillantes : nombreux en sont persuad\u00e9s, c&rsquo;est une bichectomie que l&rsquo;actrice aurait r\u00e9alis\u00e9. Il n&rsquo;en est a priori rien du tout, et ses soutiens sont l\u00e0 pour la d\u00e9fendre dans le monde entier.<\/p>\n<blockquote placeholder=\"\" data-theme=\"light\" class=\"twitter-tweet\">\n<p>Jenna Ortega n\u2019a pas fait de chirurgie\u2026 elle a perdu ses traits juv\u00e9niles et sa baby fat face. sa m\u00e2choire ressort davantage car elle a s\u00fbrement perdu un peu de poids et c\u2019est surtout une question de maquillage\/coiffure et angle. \ud83e\udd71<\/p>\n<p>\u2014 clarux \ud83e\udee6 (@claravenus_) <a href=\"https:\/\/twitter.com\/claravenus_\/status\/1952765790362423679?ref_src=twsrc%5Etfw\" rel=\"nofollow noopener\" target=\"_blank\" data-ylk=\"slk:August 5, 2025;elm:context_link;itc:0;sec:content-canvas\" class=\"link \">August 5, 2025<\/a><\/p>\n<\/blockquote>\n<p>\u00ab\u00a0Vous voulez vraiment qu&rsquo;elle ressemble \u00e0 une adolescente toute sa vie ? Elle avait 18 ans sur les premi\u00e8res photos, elle en a 22 maintenant. C&rsquo;est naturel\u00a0\u00bb, scande une femme sur X. \u00ab\u00a0C&rsquo;est son maquillage qui la fait para\u00eetre si mince\u00a0\u00bb, assure une autre internaute, persuad\u00e9e que la jeune femme a juste essay\u00e9 de camper au maximum le personnage de Mercredi Adams. \u00ab\u00a0Son visage n&rsquo;a absolument pas chang\u00e9. C&rsquo;est juste le maquillage et ses sourcils teint\u00e9s. Et puis, ce n&rsquo;est plus une ado\u00a0\u00bb, confirme une autre un peu plus loin.<\/p>\n<p>Au-del\u00e0 d&rsquo;un maquillage parfaitement r\u00e9alis\u00e9, les internautes tiennent \u00e0 souligner l&rsquo;\u00e2ge de l&rsquo;actrice. \u00ab\u00a0Perdre son visage enfantin quand on devient adulte, c&rsquo;est le lot de tous les humains\u00a0\u00bb, assure l&rsquo;un d&rsquo;eux. \u00ab\u00a0Elle est sublime\u00a0\u00bb, continue une jeune femme sur TikTok. \u00ab\u00a0Elle est tr\u00e8s belle et puis, elle fait ce qu&rsquo;elle veut.\u00a0\u00bb <\/p>\n<p><script async src=\"https:\/\/platform.twitter.com\/widgets.js\" charset=\"utf-8\"><\/script><\/p>\n","protected":false},"excerpt":{"rendered":"Elle \u00e9tait tr\u00e8s attendue par les fans. Plus de deux ans apr\u00e8s la premi\u00e8re saison, Mercredi revient sur&hellip;\n","protected":false},"author":2,"featured_media":300571,"comment_status":"","ping_status":"","sticky":false,"template":"","format":"standard","meta":{"footnotes":""},"categories":[8],"tags":[17544,58,59,1011,27,5878,14164,44084,6774,14931],"class_list":{"0":"post-300570","1":"post","2":"type-post","3":"status-publish","4":"format-standard","5":"has-post-thumbnail","7":"category-divertissement","8":"tag-cest-impossible","9":"tag-divertissement","10":"tag-entertainment","11":"tag-fr","12":"tag-france","13":"tag-jenna-ortega","14":"tag-lactrice","15":"tag-la-famille-adams","16":"tag-mercredi","17":"tag-visage"},"share_on_mastodon":{"url":"https:\/\/pubeurope.com\/@fr\/114982316035166507","error":""},"_links":{"self":[{"href":"https:\/\/www.europesays.com\/fr\/wp-json\/wp\/v2\/posts\/300570","targetHints":{"allow":["GET"]}}],"collection":[{"href":"https:\/\/www.europesays.com\/fr\/wp-json\/wp\/v2\/posts"}],"about":[{"href":"https:\/\/www.europesays.com\/fr\/wp-json\/wp\/v2\/types\/post"}],"author":[{"embeddable":true,"href":"https:\/\/www.europesays.com\/fr\/wp-json\/wp\/v2\/users\/2"}],"replies":[{"embeddable":true,"href":"https:\/\/www.europesays.com\/fr\/wp-json\/wp\/v2\/comments?post=300570"}],"version-history":[{"count":0,"href":"https:\/\/www.europesays.com\/fr\/wp-json\/wp\/v2\/posts\/300570\/revisions"}],"wp:featuredmedia":[{"embeddable":true,"href":"https:\/\/www.europesays.com\/fr\/wp-json\/wp\/v2\/media\/300571"}],"wp:attachment":[{"href":"https:\/\/www.europesays.com\/fr\/wp-json\/wp\/v2\/media?parent=300570"}],"wp:term":[{"taxonomy":"category","embeddable":true,"href":"https:\/\/www.europesays.com\/fr\/wp-json\/wp\/v2\/categories?post=300570"},{"taxonomy":"post_tag","embeddable":true,"href":"https:\/\/www.europesays.com\/fr\/wp-json\/wp\/v2\/tags?post=300570"}],"curies":[{"name":"wp","href":"https:\/\/api.w.org\/{rel}","templated":true}]}}