{"id":300574,"date":"2025-08-06T14:35:12","date_gmt":"2025-08-06T14:35:12","guid":{"rendered":"https:\/\/www.europesays.com\/fr\/300574\/"},"modified":"2025-08-06T14:35:12","modified_gmt":"2025-08-06T14:35:12","slug":"catastrophes-naturelles-les-incendies-de-los-angeles-font-gonfler-les-pertes-economiques-actualites","status":"publish","type":"post","link":"https:\/\/www.europesays.com\/fr\/300574\/","title":{"rendered":"Catastrophes naturelles: les incendies de Los Angeles font gonfler les pertes \u00e9conomiques : Actualit\u00e9s"},"content":{"rendered":"<p class=\"lead \">Les catastrophes naturelles ont entra\u00een\u00e9 des pertes \u00e9conomiques de 135 milliards de dollars (116 milliards d&rsquo;euros) dans le monde au premier semestre, selon une premi\u00e8re estimation de Swiss Re, les incendies de Los Angeles faisant particuli\u00e8rement gonfler la facture pour les assureurs. <\/p>\n<p class=\"lead \">Sur la m\u00eame p\u00e9riode de l&rsquo;ann\u00e9e derni\u00e8re, ces pertes s&rsquo;\u00e9tablissaient \u00e0 123 milliards de dollars, a rappel\u00e9 mercredi le g\u00e9ant de la r\u00e9assurance, les pertes au premier semestre 2025 d\u00e9passant de 36% la moyenne sur 10 ans, a-t-il pr\u00e9cis\u00e9 dans un communiqu\u00e9. <\/p>\n<p class=\"lead \">A eux seuls, les incendies de Los Angeles ont repr\u00e9sent\u00e9 40 milliards de dollars de pertes couvertes par les compagnies d&rsquo;assurance.<\/p>\n<p class=\"lead \">Le groupe suisse, qui fait office d&rsquo;assureur pour les assureurs, \u00e9voque des pertes d&rsquo;une \u00ab\u00a0s\u00e9v\u00e9rit\u00e9 exceptionnelle\u00a0\u00bb, ces incendies \u00e9tant survenus dans une partie dens\u00e9ment peupl\u00e9e des Etats-Unis avec de surcro\u00eet une concentration d&rsquo;actifs de grande valeur qui y \u00e9taient assur\u00e9s. <\/p>\n<p class=\"lead \">Ces incendies ont fait grimper les pertes prises en charge par les assureurs au premier semestre \u00e0 80 milliards de dollars pour le volant concernant les catastrophes naturelles, contre 62 milliards de dollars au premier semestre 2024, selon cette premi\u00e8re estimation de Swiss Re.<\/p>\n<p class=\"lead \">&#8211; Orages aux Etats-Unis &#8211;<\/p>\n<p class=\"lead \">S&rsquo;y sont ajout\u00e9s 31 milliards de dollars de d\u00e9g\u00e2ts couverts par les assurances pour les orages s\u00e9v\u00e8res aux Etats-Unis. Ce montant n&rsquo;est pas aussi \u00e9lev\u00e9 qu&rsquo;en 2023 et 2024, et inf\u00e9rieur \u00e0 la tendance longue avec des frais pour les assureurs plut\u00f4t aux environs de 35 milliards de dollars, pr\u00e9cise Swiss Re. <\/p>\n<p class=\"lead \">Mais, ces orages s\u00e9v\u00e8res, qui s&rsquo;accompagnent de gr\u00eales et tornades, n&rsquo;en restent pas moins une source grandissante de pertes pour les compagnies d&rsquo;assurance.<\/p>\n<p class=\"lead \">Le r\u00e9assureur suisse souligne en revanche que les factures des assureurs pour les incendies ont fortement augment\u00e9 au cours des 10 derni\u00e8res ann\u00e9es. <\/p>\n<p class=\"lead \">Avant 2015, les incendies ne repr\u00e9sentaient qu&rsquo;environ 1% des pertes assur\u00e9es. Mais entre \u00ab\u00a0la hausse des temp\u00e9ratures, les p\u00e9riodes de s\u00e9cheresse plus fr\u00e9quentes et les changements dans les r\u00e9gimes pluviom\u00e9triques\u00a0\u00bb, combin\u00e9s \u00e0 l&rsquo;expansion urbaine, ils repr\u00e9sentent 7% des pertes assur\u00e9es, indique Swiss Re. <\/p>\n<p class=\"lead \">Le premier semestre a aussi \u00e9t\u00e9 marqu\u00e9 par un tremblement de terre en mars en Birmanie, ressenti jusqu&rsquo;en Tha\u00eflande, en Inde et en Chine. Rien qu&rsquo;en Tha\u00eflande, les pertes assur\u00e9es ont atteint 1,5 milliard de dollars. <\/p>\n<p class=\"lead \">En tenant compte de ce que Swiss Re appelle les sinistres engendr\u00e9s par l&rsquo;humain, comme par exemple les accidents industriels, les pertes assur\u00e9s se sont mont\u00e9es \u00e0 87 milliards de dollars au premier semestre, contre 69 milliards de dollars au premier semestre 2024.<\/p>\n<p class=\"lead \">Le second semestre est habituellement plus co\u00fbteux pour les assureurs en raison des d\u00e9g\u00e2ts durant la saison des ouragans dans l&rsquo;Atlantique Nord. <\/p>\n<p class=\"lead \">Mais si les frais continuent de grimper au m\u00eame rythme qu&rsquo;au premier semestre, le montant des dommages pris en charge par les assureurs pourrait d\u00e9passer ses projections pour les catastrophes naturelles en 2025. Elles se se situent pour l&rsquo;instant \u00e0 150 milliards de dollars.<\/p>\n<p class=\"small font-weight-bold text-gray3 \"> publi\u00e9 le 6 ao\u00fbt \u00e0 16h06, AFP<\/p>\n<p>                             Partager<\/p>\n","protected":false},"excerpt":{"rendered":"Les catastrophes naturelles ont entra\u00een\u00e9 des pertes \u00e9conomiques de 135 milliards de dollars (116 milliards d&rsquo;euros) dans le&hellip;\n","protected":false},"author":2,"featured_media":300575,"comment_status":"","ping_status":"","sticky":false,"template":"","format":"standard","meta":{"footnotes":""},"categories":[6],"tags":[13110,35,33,34,1011,27,1310,20867,3067,308],"class_list":{"0":"post-300574","1":"post","2":"type-post","3":"status-publish","4":"format-standard","5":"has-post-thumbnail","7":"category-economie","8":"tag-assurances","9":"tag-business","10":"tag-economie","11":"tag-economy","12":"tag-fr","13":"tag-france","14":"tag-incendie","15":"tag-sisme","16":"tag-suisse","17":"tag-usa"},"share_on_mastodon":{"url":"https:\/\/pubeurope.com\/@fr\/114982323793091901","error":""},"_links":{"self":[{"href":"https:\/\/www.europesays.com\/fr\/wp-json\/wp\/v2\/posts\/300574","targetHints":{"allow":["GET"]}}],"collection":[{"href":"https:\/\/www.europesays.com\/fr\/wp-json\/wp\/v2\/posts"}],"about":[{"href":"https:\/\/www.europesays.com\/fr\/wp-json\/wp\/v2\/types\/post"}],"author":[{"embeddable":true,"href":"https:\/\/www.europesays.com\/fr\/wp-json\/wp\/v2\/users\/2"}],"replies":[{"embeddable":true,"href":"https:\/\/www.europesays.com\/fr\/wp-json\/wp\/v2\/comments?post=300574"}],"version-history":[{"count":0,"href":"https:\/\/www.europesays.com\/fr\/wp-json\/wp\/v2\/posts\/300574\/revisions"}],"wp:featuredmedia":[{"embeddable":true,"href":"https:\/\/www.europesays.com\/fr\/wp-json\/wp\/v2\/media\/300575"}],"wp:attachment":[{"href":"https:\/\/www.europesays.com\/fr\/wp-json\/wp\/v2\/media?parent=300574"}],"wp:term":[{"taxonomy":"category","embeddable":true,"href":"https:\/\/www.europesays.com\/fr\/wp-json\/wp\/v2\/categories?post=300574"},{"taxonomy":"post_tag","embeddable":true,"href":"https:\/\/www.europesays.com\/fr\/wp-json\/wp\/v2\/tags?post=300574"}],"curies":[{"name":"wp","href":"https:\/\/api.w.org\/{rel}","templated":true}]}}