{"id":300576,"date":"2025-08-06T14:36:16","date_gmt":"2025-08-06T14:36:16","guid":{"rendered":"https:\/\/www.europesays.com\/fr\/300576\/"},"modified":"2025-08-06T14:36:16","modified_gmt":"2025-08-06T14:36:16","slug":"jd-vance-successeur-de-donald-trump-pour-la-presidentielle-2028-le-locataire-de-la-maison-blanche-ouvre-la-porte-06-08-2025-a-1433","status":"publish","type":"post","link":"https:\/\/www.europesays.com\/fr\/300576\/","title":{"rendered":"JD Vance successeur de Donald Trump pour la pr\u00e9sidentielle 2028? Le locataire de la Maison Blanche ouvre la porte &#8211; 06\/08\/2025 \u00e0 14:33"},"content":{"rendered":"<p> Ancien s\u00e9nateur de l&rsquo;Ohio puis colistier de Donald Trump en 2024, le vice-pr\u00e9sident Vance a \u00e9merg\u00e9 comme une figure majeure de la nouvelle administration Trump et des r\u00e9publicains.<\/p>\n<p>        <img fetchpriority=\"high\" decoding=\"async\" src=\"https:\/\/www.europesays.com\/fr\/wp-content\/uploads\/2025\/08\/ab74e4c82b8536be69a28e169213e47f-760x471.jpg\" alt=\"Donald Trump et JD Vance \u00e0 Arlington (Virginie), le 26 mai 2025 ( AFP \/ SAUL LOEB )\" loading=\"eager\" width=\"760\" height=\"471\" style=\"max-width: 100%!important; height: auto;\"\/><\/p>\n<p class=\"c-image-news__legend\">Donald Trump et JD Vance \u00e0 Arlington (Virginie), le 26 mai 2025 ( AFP \/ SAUL LOEB )<\/p>\n<p>\n \u00ab\u00a0Il serait probablement favori\u00a0\u00bb. Interrog\u00e9 mardi 5 ao\u00fbt sur l&rsquo;\u00e9ch\u00e9ance encore lointaine de l&rsquo;\u00e9lection pr\u00e9sidentielle 2028 aux Etats-Unis, Donald Trump a laiss\u00e9 entendre devant la presse que son vice-pr\u00e9sident JD Vance pourrait \u00eatre son successeur chez les r\u00e9publicains pour la prochaine course \u00e0 la Maison Blanche.\n<\/p>\n<p>\n Questionn\u00e9 sur le potentiel statut de dauphin de JD Vance dans la galaxie MAGA (\u00ab\u00a0Make America Great Again\u00a0\u00bb, le mouvement populiste cr\u00e9\u00e9 et incarn\u00e9 par Donald Trump lors de sa campagne pour la pr\u00e9sidentielle en 2024), le pr\u00e9sident des \u00c9tats-Unis a r\u00e9pondu:<br \/>\n <strong><br \/>\n  \u00ab\u00a0C&rsquo;est fort probable (&#8230;), c&rsquo;est le vice-pr\u00e9sident\u00a0\u00bb.<br \/>\n <\/strong><br \/>\n \u00ab\u00a0Il est trop t\u00f4t pour en parler, mais il fait sans aucun doute du tr\u00e8s bon travail et il serait probablement favori \u00e0 ce stade\u00a0\u00bb, a poursuivi Donald Trump, qui s&rsquo;est jusqu&rsquo;alors refus\u00e9 \u00e0 soutenir et nommer un successeur dans son mouvement.\n<\/p>\n<p> Un ticket Vance-Rubio en 2028?<\/p>\n<p>\n Donald Trump, qui a un temps assur\u00e9 qu&rsquo;il pourrait briguer un troisi\u00e8me mandat &#8211; ce qui est contraire \u00e0 la Constitution am\u00e9ricaine &#8211; avant de se r\u00e9tracter,<br \/>\n <strong><br \/>\n  a \u00e9galement sugg\u00e9r\u00e9 mardi que son chef de la diplomatie Marco Rubio et JD Vance pourraient s&rsquo;allier en vue de la prochaine campagne pr\u00e9sidentielle.<br \/>\n <\/strong>\n<\/p>\n<p>\n Ap\u00f4tre d&rsquo;une droite tr\u00e8s conservatrice et chr\u00e9tienne, JD Vance a lui-m\u00eame indiqu\u00e9 qu&rsquo;il pourrait se porter candidat \u00e0 la pr\u00e9sidentielle de 2028, mais seulement apr\u00e8s consultation avec Donald Trump.<\/p>\n","protected":false},"excerpt":{"rendered":"Ancien s\u00e9nateur de l&rsquo;Ohio puis colistier de Donald Trump en 2024, le vice-pr\u00e9sident Vance a \u00e9merg\u00e9 comme une&hellip;\n","protected":false},"author":2,"featured_media":300577,"comment_status":"","ping_status":"","sticky":false,"template":"","format":"standard","meta":{"footnotes":""},"categories":[5],"tags":[400,11,398,408,405,1011,27,403,14,402,399,404,12,401,406,407,28],"class_list":{"0":"post-300576","1":"post","2":"type-post","3":"status-publish","4":"format-standard","5":"has-post-thumbnail","7":"category-international","8":"tag-action-cac-40","9":"tag-actualites","10":"tag-bourse-de-paris","11":"tag-boursorama","12":"tag-cotations","13":"tag-fr","14":"tag-france","15":"tag-indices-devises","16":"tag-international","17":"tag-investir","18":"tag-investissement","19":"tag-marche-boursier","20":"tag-news","21":"tag-sicav","22":"tag-trackers","23":"tag-warrants","24":"tag-world"},"share_on_mastodon":{"url":"https:\/\/pubeurope.com\/@fr\/114982327809444147","error":""},"_links":{"self":[{"href":"https:\/\/www.europesays.com\/fr\/wp-json\/wp\/v2\/posts\/300576","targetHints":{"allow":["GET"]}}],"collection":[{"href":"https:\/\/www.europesays.com\/fr\/wp-json\/wp\/v2\/posts"}],"about":[{"href":"https:\/\/www.europesays.com\/fr\/wp-json\/wp\/v2\/types\/post"}],"author":[{"embeddable":true,"href":"https:\/\/www.europesays.com\/fr\/wp-json\/wp\/v2\/users\/2"}],"replies":[{"embeddable":true,"href":"https:\/\/www.europesays.com\/fr\/wp-json\/wp\/v2\/comments?post=300576"}],"version-history":[{"count":0,"href":"https:\/\/www.europesays.com\/fr\/wp-json\/wp\/v2\/posts\/300576\/revisions"}],"wp:featuredmedia":[{"embeddable":true,"href":"https:\/\/www.europesays.com\/fr\/wp-json\/wp\/v2\/media\/300577"}],"wp:attachment":[{"href":"https:\/\/www.europesays.com\/fr\/wp-json\/wp\/v2\/media?parent=300576"}],"wp:term":[{"taxonomy":"category","embeddable":true,"href":"https:\/\/www.europesays.com\/fr\/wp-json\/wp\/v2\/categories?post=300576"},{"taxonomy":"post_tag","embeddable":true,"href":"https:\/\/www.europesays.com\/fr\/wp-json\/wp\/v2\/tags?post=300576"}],"curies":[{"name":"wp","href":"https:\/\/api.w.org\/{rel}","templated":true}]}}