{"id":300580,"date":"2025-08-06T14:38:19","date_gmt":"2025-08-06T14:38:19","guid":{"rendered":"https:\/\/www.europesays.com\/fr\/300580\/"},"modified":"2025-08-06T14:38:19","modified_gmt":"2025-08-06T14:38:19","slug":"des-evolutions-decisives-dans-lenquete-un-suspect-en-garde-a-vue","status":"publish","type":"post","link":"https:\/\/www.europesays.com\/fr\/300580\/","title":{"rendered":"\u00ab des \u00e9volutions d\u00e9cisives \u00bb dans l&rsquo;enqu\u00eate, un suspect en garde \u00e0 vue"},"content":{"rendered":"<p>            Par<br \/>\n        <strong><br \/>\n            <a href=\"https:\/\/actu.fr\/auteur\/julien-bouteiller\" title=\"Consulter tous les articles de Julien Bouteiller\" rel=\"nofollow noopener\" target=\"_blank\">Julien Bouteiller<\/a><br \/>\n        <\/strong><\/p>\n<p>        Publi\u00e9 le<\/p>\n<p>            6 ao\u00fbt 2025 \u00e0 12h25        <\/p>\n<p><strong>Les propri\u00e9taires de chevaux vont-ils pouvoir souffler\u2009?<\/strong> Ce mercredi 6\u00a0ao\u00fbt 2025, la procureure de la R\u00e9publique annonce des <strong>\u00ab\u2009\u00e9volutions d\u00e9cisives\u2009\u00bb<\/strong> dans l\u2019enqu\u00eate <a href=\"https:\/\/actu.fr\/normandie\/le-havre_76351\/de-nouveaux-chevaux-mutiles-retrouves-a-saint-martin-du-manoir-les-gendarmeries-collaborent-pour-l-enquete_62991107.html\" rel=\"nofollow noopener\" target=\"_blank\">sur les chevaux mutil\u00e9s dans la r\u00e9gion du\u00a0Havre<\/a> depuis plusieurs mois.<\/p>\n<p>Des chevaux mutil\u00e9s en Seine-Maritime<\/p>\n<p class=\" wall-content\">Depuis le mois de mai, des faits de mutilations sont signal\u00e9s sur des chevaux dans les secteurs <strong>d\u2019Angerville-l\u2019Orcher, Saint-Vaast-Dieppedalle, Saint-Martin-du-Manoir ou encore Saint-Nicolas-d\u2019Aliermont<\/strong>. Plusieurs animaux sont <strong>morts<\/strong> des suites de ces graves blessures, touchant souvent leurs yeux.<\/p>\n<p class=\" wall-content\">Ces affaires ont \u00e9t\u00e9 prises tr\u00e8s au s\u00e9rieux par les autorit\u00e9s, et<strong> une direction d\u2019enqu\u00eate mobilisant des gendarmes du\u00a0Havre, de F\u00e9camp et d\u2019Yvetot a \u00e9t\u00e9 cr\u00e9\u00e9e.<\/strong><\/p>\n<p class=\" wall-content\">Par ailleurs, des patrouilles ont \u00e9t\u00e9 mobilis\u00e9es pour s\u00e9curiser les \u00e9levages et propri\u00e9taires de chevaux.<\/p>\n<p class=\" wall-content\">Dans un communiqu\u00e9 de presse du mercredi 6\u00a0ao\u00fbt 2025, la procureure Soizic Guillaume annonce \u00ab\u2009qu\u2019un individu<strong> a \u00e9t\u00e9 interpell\u00e9<\/strong> et se trouve actuellement en garde \u00e0 vue\u2009\u00bb, dans le cadre de cette enqu\u00eate.<\/p>\n<p class=\" wall-content\">Une conf\u00e9rence de presse est annonc\u00e9e ce jeudi en fin de matin\u00e9e, afin de faire un point sur les \u00ab\u2009\u00e9volutions d\u00e9cisives\u2009\u00bb r\u00e9centes. Nous ne manquerons \u00e9videmment pas de la suivre sur 76actu.<\/p>\n<p>Suivez l\u2019actualit\u00e9 du\u00a0Havre <a href=\"https:\/\/www.whatsapp.com\/channel\/0029VaFqJYE8aKvLBwVrEe0o\" rel=\"nofollow noopener\" target=\"_blank\">sur notre cha\u00eene WhatsApp<\/a> et <a href=\"https:\/\/www.tiktok.com\/@76actu.fr?lang=fr\" rel=\"nofollow noopener\" target=\"_blank\">sur notre compte TikTok<\/a><\/p>\n<p class=\" wall-content\">Suivez toute l\u2019actualit\u00e9 de vos villes et m\u00e9dias favoris en vous inscrivant \u00e0 <a href=\"https:\/\/moncompte.actu.fr\" title=\"D\u00e9couvez Mon Actu\" rel=\"nofollow noopener\" data-trk=\"{&quot;cta&quot;:{&quot;action&quot;:&quot;https:\\\/\\\/moncompte.actu.fr&quot;,&quot;category&quot;:&quot;mon compte&quot;,&quot;from&quot;:&quot;article footer&quot;,&quot;name&quot;:&quot;Mon actu&quot;,&quot;type&quot;:&quot;cta&quot;}}\" target=\"_blank\">Mon Actu<\/a>.<\/p>\n<p>                    <script async src=\"\/\/www.tiktok.com\/embed.js\"><\/script><\/p>\n","protected":false},"excerpt":{"rendered":"Par Julien Bouteiller Publi\u00e9 le 6 ao\u00fbt 2025 \u00e0 12h25 Les propri\u00e9taires de chevaux vont-ils pouvoir souffler\u2009? Ce&hellip;\n","protected":false},"author":2,"featured_media":300581,"comment_status":"","ping_status":"","sticky":false,"template":"","format":"standard","meta":{"footnotes":""},"categories":[2],"tags":[11,12668,118,1011,27,3381,12],"class_list":{"0":"post-300580","1":"post","2":"type-post","3":"status-publish","4":"format-standard","5":"has-post-thumbnail","7":"category-actualites","8":"tag-actualites","9":"tag-cheval","10":"tag-faits-divers","11":"tag-fr","12":"tag-france","13":"tag-gendarmerie","14":"tag-news"},"share_on_mastodon":{"url":"https:\/\/pubeurope.com\/@fr\/114982335678784532","error":""},"_links":{"self":[{"href":"https:\/\/www.europesays.com\/fr\/wp-json\/wp\/v2\/posts\/300580","targetHints":{"allow":["GET"]}}],"collection":[{"href":"https:\/\/www.europesays.com\/fr\/wp-json\/wp\/v2\/posts"}],"about":[{"href":"https:\/\/www.europesays.com\/fr\/wp-json\/wp\/v2\/types\/post"}],"author":[{"embeddable":true,"href":"https:\/\/www.europesays.com\/fr\/wp-json\/wp\/v2\/users\/2"}],"replies":[{"embeddable":true,"href":"https:\/\/www.europesays.com\/fr\/wp-json\/wp\/v2\/comments?post=300580"}],"version-history":[{"count":0,"href":"https:\/\/www.europesays.com\/fr\/wp-json\/wp\/v2\/posts\/300580\/revisions"}],"wp:featuredmedia":[{"embeddable":true,"href":"https:\/\/www.europesays.com\/fr\/wp-json\/wp\/v2\/media\/300581"}],"wp:attachment":[{"href":"https:\/\/www.europesays.com\/fr\/wp-json\/wp\/v2\/media?parent=300580"}],"wp:term":[{"taxonomy":"category","embeddable":true,"href":"https:\/\/www.europesays.com\/fr\/wp-json\/wp\/v2\/categories?post=300580"},{"taxonomy":"post_tag","embeddable":true,"href":"https:\/\/www.europesays.com\/fr\/wp-json\/wp\/v2\/tags?post=300580"}],"curies":[{"name":"wp","href":"https:\/\/api.w.org\/{rel}","templated":true}]}}