{"id":300584,"date":"2025-08-06T14:40:20","date_gmt":"2025-08-06T14:40:20","guid":{"rendered":"https:\/\/www.europesays.com\/fr\/300584\/"},"modified":"2025-08-06T14:40:20","modified_gmt":"2025-08-06T14:40:20","slug":"jusqua-quand-ca-va-durer","status":"publish","type":"post","link":"https:\/\/www.europesays.com\/fr\/300584\/","title":{"rendered":"jusqu&rsquo;\u00e0 quand \u00e7a va durer"},"content":{"rendered":"<p>            Par<br \/>\n        <strong><br \/>\n            <a href=\"https:\/\/actu.fr\/auteur\/mathias-souteyrat\" title=\"Consulter tous les articles de Mathias Souteyrat\" rel=\"nofollow noopener\" target=\"_blank\">Mathias Souteyrat<\/a><br \/>\n        <\/strong><\/p>\n<p>        Publi\u00e9 le<\/p>\n<p>            6 ao\u00fbt 2025 \u00e0 16h05        <\/p>\n<p>Apr\u00e8s celle de fin juin, une nouvelle <a href=\"https:\/\/actu.fr\/meteo\/un-episode-assez-inquietant-canicule-redoutee-cette-semaine-10-jours-de-fortes-chaleurs-les-previsions_62998512.html\" rel=\"nofollow noopener\" target=\"_blank\">canicule<\/a> arrive ces prochains jours. \u00ab\u2009Depuis quelques jours, les mod\u00e8les num\u00e9riques entrevoyaient la possibilit\u00e9 d\u2019une masse d\u2019air tr\u00e8s chaude sur le pays (&gt;20\u00b0 \u00e0 1\u2009550\u00a0m), craignant alors une vague de chaleur g\u00e9n\u00e9ralis\u00e9e. C\u2019est maintenant confirm\u00e9, les seuils de canicule \u00e9tant atteints, nous allons conna\u00eetre<strong> la deuxi\u00e8me canicule de cet \u00e9t\u00e9 2025<\/strong>\u2009\u00bb, \u00e9crit M\u00e9t\u00e9o Loire. Voici les pr\u00e9visions de ces prochains jours.<\/p>\n<p>33\/34\u00b0 en plaine dans la Loire d\u00e8s jeudi<\/p>\n<p class=\" wall-content\">\u00c0 partir du jeudi 7\u00a0ao\u00fbt, le thermom\u00e8tre va fortement augmenter avec des temp\u00e9ratures atteignant les 33\/34\u00b0 en plaine dans la <a href=\"https:\/\/actu.fr\/auvergne-rhone-alpes\/saint-etienne_42218\/meteo-les-chaleurs-etouffantes-de-retour-dans-la-loire-jusqu-a-38-c-attendus-les-zones-impactees_62989950.html\" rel=\"nofollow noopener\" target=\"_blank\">Loire<\/a>.<\/p>\n<p class=\" wall-content\">Le long de la vall\u00e9e du Rh\u00f4ne, 35 \u00e0 37\u00a0\u00b0C sont attendus. Les temp\u00e9ratures minimales restent encore majoritairement inf\u00e9rieures \u00e0 20\u00a0\u00b0C, except\u00e9 sur le littoral de la M\u00e9diterran\u00e9e.<\/p>\n<p class=\" wall-content\">Contrairement au <a href=\"https:\/\/actu.fr\/auvergne-rhone-alpes\/lyon_69123\/lyon-un-risque-serieux-de-canicule-la-vigilance-declenchee-jeudi-ce-qui-nous-attend_63003061.html\" rel=\"nofollow noopener\" target=\"_blank\">Rh\u00f4ne<\/a> (en vigilance jaune canicule), M\u00e9t\u00e9o France n\u2019a pas \u00e9mis d\u2019alerte particuli\u00e8re pour ces fortes chaleurs dans le d\u00e9partement lig\u00e9rien.<\/p>\n<p class=\" wall-content\">Vendredi, selon M\u00e9t\u00e9o France, les temp\u00e9ratures maximales atteignent souvent 30 \u00e0 33\u00a0\u00b0C au nord, et d\u00e9passent les 35\u00a0\u00b0C sur une bonne moiti\u00e9 sud, avec des pointes \u00e0 39\u00a0\u00b0C du Sud-Ouest <strong>au Centre-Est<\/strong>, tr\u00e8s localement un peu plus.<\/p>\n<p>Fin de semaine \u00e0 39\/40\u00b0C<\/p>\n<p class=\" wall-content\">Ce samedi, ces maximales devraient progresser ailleurs, avec des valeurs souvent comprises entre 36 et 39\u00a0\u00b0C de l\u2019est de la Nouvelle Aquitaine \u00e0 Rh\u00f4ne-Alpes, en passant par l\u2019Occitanie, les vall\u00e9es d\u2019Auvergne, remontant jusqu\u2019\u00e0 l\u2019ouest de la Bourgogne et le sud du Centre.<\/p>\n<blockquote class=\"ac-article-quote wall-content\">\n<p>D\u00e8s la fin de semaine, la chaleur s&rsquo;accentuera avec de valeurs atteignant les 37\/38\u00b0C (potentiellement 39\/40\u00b0 samedi et dimanche).<\/p>\n<p>    <strong>M\u00e9t\u00e9o Loire<\/strong>\n            <\/p><\/blockquote>\n<p class=\" wall-content\">Les minimales seront, elles aussi, \u00e9lev\u00e9es avec des temp\u00e9ratures ne passant pas en dessous des 20\/22\u00b0 sur les reliefs et 25\u00b0 en plaine d\u00e8s ce week-end.<\/p>\n<p>Jusqu\u2019\u00e0 mercredi prochain\u2009?<\/p>\n<p class=\" wall-content\">\u00ab\u2009Cette canicule pourrait \u00eatre durable et durer au minimum jusqu\u2019\u00e0 mercredi prochain\u2009\u00bb, note M\u00e9t\u00e9o Loire.<\/p>\n<p class=\" wall-content\">L\u2019air chaud devrait remonter vers le nord du pays en d\u00e9but de semaine. Les tr\u00e8s fortes chaleurs pourraient ainsi temporairement concerner les r\u00e9gions au nord de la Loire, tandis qu\u2019il pourrait encore faire tr\u00e8s chaud sur le sud. Le pic de chaleur pourrait ainsi \u00eatre atteint \u00e0 l\u2019\u00e9chelle nationale en d\u00e9but de semaine.<\/p>\n<p class=\" wall-content\">Suivez toute l\u2019actualit\u00e9 de vos villes et m\u00e9dias favoris en vous inscrivant \u00e0 <a href=\"https:\/\/moncompte.actu.fr\" title=\"D\u00e9couvez Mon Actu\" rel=\"nofollow noopener\" data-trk=\"{&quot;cta&quot;:{&quot;action&quot;:&quot;https:\\\/\\\/moncompte.actu.fr&quot;,&quot;category&quot;:&quot;mon compte&quot;,&quot;from&quot;:&quot;article footer&quot;,&quot;name&quot;:&quot;Mon actu&quot;,&quot;type&quot;:&quot;cta&quot;}}\" target=\"_blank\">Mon Actu<\/a>.<\/p>\n","protected":false},"excerpt":{"rendered":"Par Mathias Souteyrat Publi\u00e9 le 6 ao\u00fbt 2025 \u00e0 16h05 Apr\u00e8s celle de fin juin, une nouvelle canicule&hellip;\n","protected":false},"author":2,"featured_media":300585,"comment_status":"","ping_status":"","sticky":false,"template":"","format":"standard","meta":{"footnotes":""},"categories":[9653],"tags":[1111,11,2430,6698,1777,674,1011,27,2487,2357,12,25,4001,15637],"class_list":{"0":"post-300584","1":"post","2":"type-post","3":"status-publish","4":"format-standard","5":"has-post-thumbnail","7":"category-saint-etienne","8":"tag-actu","9":"tag-actualites","10":"tag-auvergne-rhone-alpes","11":"tag-canicule","12":"tag-eu","13":"tag-europe","14":"tag-fr","15":"tag-france","16":"tag-meteo","17":"tag-meteo-france","18":"tag-news","19":"tag-republique-francaise","20":"tag-saint-etienne","21":"tag-vague-de-chaleur"},"share_on_mastodon":{"url":"https:\/\/pubeurope.com\/@fr\/114982343551486244","error":""},"_links":{"self":[{"href":"https:\/\/www.europesays.com\/fr\/wp-json\/wp\/v2\/posts\/300584","targetHints":{"allow":["GET"]}}],"collection":[{"href":"https:\/\/www.europesays.com\/fr\/wp-json\/wp\/v2\/posts"}],"about":[{"href":"https:\/\/www.europesays.com\/fr\/wp-json\/wp\/v2\/types\/post"}],"author":[{"embeddable":true,"href":"https:\/\/www.europesays.com\/fr\/wp-json\/wp\/v2\/users\/2"}],"replies":[{"embeddable":true,"href":"https:\/\/www.europesays.com\/fr\/wp-json\/wp\/v2\/comments?post=300584"}],"version-history":[{"count":0,"href":"https:\/\/www.europesays.com\/fr\/wp-json\/wp\/v2\/posts\/300584\/revisions"}],"wp:featuredmedia":[{"embeddable":true,"href":"https:\/\/www.europesays.com\/fr\/wp-json\/wp\/v2\/media\/300585"}],"wp:attachment":[{"href":"https:\/\/www.europesays.com\/fr\/wp-json\/wp\/v2\/media?parent=300584"}],"wp:term":[{"taxonomy":"category","embeddable":true,"href":"https:\/\/www.europesays.com\/fr\/wp-json\/wp\/v2\/categories?post=300584"},{"taxonomy":"post_tag","embeddable":true,"href":"https:\/\/www.europesays.com\/fr\/wp-json\/wp\/v2\/tags?post=300584"}],"curies":[{"name":"wp","href":"https:\/\/api.w.org\/{rel}","templated":true}]}}