{"id":300588,"date":"2025-08-06T14:42:11","date_gmt":"2025-08-06T14:42:11","guid":{"rendered":"https:\/\/www.europesays.com\/fr\/300588\/"},"modified":"2025-08-06T14:42:11","modified_gmt":"2025-08-06T14:42:11","slug":"la-conception-des-cabines-en-question-la-direction-sans-solution-claire","status":"publish","type":"post","link":"https:\/\/www.europesays.com\/fr\/300588\/","title":{"rendered":"la conception des cabines en question, la direction sans\u00a0solution\u00a0claire"},"content":{"rendered":"<p>            Par<br \/>\n        <strong><br \/>\n            <a href=\"https:\/\/actu.fr\/auteur\/pierre-emile-bouchy-actu-fr\" title=\"Consulter tous les articles de Paul-Emile Bouchy\" rel=\"nofollow noopener\" target=\"_blank\">Paul-Emile Bouchy<\/a><br \/>\n        <\/strong><\/p>\n<p>        Publi\u00e9 le<\/p>\n<p>            6 ao\u00fbt 2025 \u00e0 16h07        <\/p>\n<p>Dimanche 3\u00a0ao\u00fbt, <a href=\"https:\/\/actu.fr\/grand-est\/nancy_54395\/nancy-thermal-un-etudiant-de-26-ans-photographie-un-pere-et-sa-fille-dans-une-cabine-avec-son-portable_62997031.html\" rel=\"nofollow noopener\" target=\"_blank\">un \u00e9tudiant de 26\u00a0ans a \u00e9t\u00e9 arr\u00eat\u00e9 \u00e0\u00a0Nancy Thermal<\/a> apr\u00e8s avoir <strong>photographi\u00e9 un p\u00e8re et sa fille dans leur cabine<\/strong>.<\/p>\n<p class=\" wall-content\">Malheureusement, cela n\u2019est pas un acte isol\u00e9 puisque <strong>deux autres faits similaires ont \u00e9t\u00e9 relev\u00e9s depuis septembre\u00a02024<\/strong> au sein du complexe aquatique\u2009: l\u2019un concernant <a href=\"https:\/\/actu.fr\/grand-est\/nancy_54395\/nancy-thermal-alors-qu-elle-se-change-elle-surprend-un-homme-qui-la-filme-j-ai-vu-un-truc-qui-depassait_61638424.html\" rel=\"nofollow noopener\" target=\"_blank\">une femme de 44\u00a0ans qui a surpris un homme qui la filmait<\/a>, l\u2019autre en juin\u00a02025 o\u00f9 <a href=\"https:\/\/actu.fr\/grand-est\/nancy_54395\/nancy-thermal-deux-filles-de-13-ans-filmees-par-un-homme-alors-qu-elles-se-changeaient-elles-ont-hurle_62804634.html\" rel=\"nofollow noopener\" target=\"_blank\">deux filles de 13\u00a0ans ont \u00e9t\u00e9 film\u00e9es<\/a> par un individu.<\/p>\n<p class=\" wall-content\">Cependant, la direction semble dans l\u2019impasse pour trouver des solutions afin d\u2019\u00e9radiquer ce probl\u00e8me.<\/p>\n<p>Un sujet pris \u00ab\u2009au s\u00e9rieux\u2009\u00bb par les \u00e9quipes de Nancy Thermal<\/p>\n<p class=\" wall-content\">Interrog\u00e9e par\u00a0Lorraine Actu \u00e0 la suite de cette nouvelle interpellation, la direction de Nancy Thermal indique \u00ab\u2009regretter ce genre de comportement\u2009\u00bb et \u00ab\u2009prendre le sujet au s\u00e9rieux\u2009\u00bb.<\/p>\n<p class=\" wall-content\">\u00ab<strong>\u2009Le passage des agents de s\u00e9curit\u00e9 dans les vestiaires a \u00e9t\u00e9 renforc\u00e9<\/strong>. La police a \u00e9t\u00e9 pr\u00e9venue imm\u00e9diatement et, cette fois encore, la personne a pu \u00eatre interpell\u00e9e\u2009[en r\u00e9f\u00e9rence aux faits du 3 ao\u00fbt, NDLR] \u00bb, rappelle-t-elle.<\/p>\n<p>Impossible de fermer davantage les cabines, selon la direction<\/p>\n<p class=\" wall-content\">Dans les diff\u00e9rentes affaires, le proc\u00e9d\u00e9 \u00e9tait toujours le m\u00eame\u2009: <strong>le voyeur a fait glisser son t\u00e9l\u00e9phone sous la paroi de la cabine<\/strong> pour filmer la personne qui est en train de se changer.<\/p>\n<p class=\" wall-content\">Rabaisser ces parois vers le sol n\u2019est pas possible d\u2019apr\u00e8s la direction\u2009: \u00ab<strong>\u2009Les cabines ne sont pas ferm\u00e9es en bas pour des raisons de s\u00e9curit\u00e9\u2009: il faut pouvoir apercevoir quelqu\u2019un qui ferait un malaise dans la cabine<\/strong>. De plus, <strong>pour des raisons d\u2019hygi\u00e8ne<\/strong>, il est plus facile de maintenir le sol propre sans paroi qui descende jusqu\u2019en bas.\u2009\u00bb<\/p>\n<p class=\" wall-content\">La direction de Nancy Thermal signale qu\u2019<strong>il existe \u00ab\u2009des cabines ferm\u00e9es de haut en bas<\/strong> dans le vestiaire pour ceux qui le souhaiteraient\u2009\u00bb.<\/p>\n<p>Maintien d\u2019un vestiaire enti\u00e8rement mixte<\/p>\n<p class=\" wall-content\">En juin dernier, la maman de Victorine, film\u00e9e dans une cabine, ne comprenait pas pourquoi ils ne s\u00e9paraient pas les hommes et les femmes dans le vestiaire.<\/p>\n<p class=\" wall-content\">D\u2019apr\u00e8s Nancy Thermal, \u00ab<strong>\u2009la conception du vestiaire ne permet pas de faire une zone hommes et une zone femmes<\/strong>\u2009\u00bb. Il ajoute que \u00ab\u2009toutes les nouvelles piscines sont con\u00e7ues en zone mixte\u2009\u00bb.<\/p>\n<p class=\" wall-content\">La solution serait donc d<strong>\u2019interdire le t\u00e9l\u00e9phone dans les cabines<\/strong>, en le posant au pr\u00e9alable dans son casier\u2009? <strong>\u00ab\u2009Pas possible\u2009\u00bb, d\u2019apr\u00e8s la direction<\/strong>, puisqu\u2019il faut d\u2019abord se changer dans une des cabines traversantes pour acc\u00e9der aux casiers qui se trouvent dans la zone pieds nus.<\/p>\n<p class=\" wall-content\">Suivez toute l\u2019actualit\u00e9 de vos villes et m\u00e9dias favoris en vous inscrivant \u00e0 <a href=\"https:\/\/moncompte.actu.fr\" title=\"D\u00e9couvez Mon Actu\" rel=\"nofollow noopener\" data-trk=\"{&quot;cta&quot;:{&quot;action&quot;:&quot;https:\\\/\\\/moncompte.actu.fr&quot;,&quot;category&quot;:&quot;mon compte&quot;,&quot;from&quot;:&quot;article footer&quot;,&quot;name&quot;:&quot;Mon actu&quot;,&quot;type&quot;:&quot;cta&quot;}}\" target=\"_blank\">Mon Actu<\/a>.<\/p>\n","protected":false},"excerpt":{"rendered":"Par Paul-Emile Bouchy Publi\u00e9 le 6 ao\u00fbt 2025 \u00e0 16h07 Dimanche 3\u00a0ao\u00fbt, un \u00e9tudiant de 26\u00a0ans a \u00e9t\u00e9&hellip;\n","protected":false},"author":2,"featured_media":300589,"comment_status":"","ping_status":"","sticky":false,"template":"","format":"standard","meta":{"footnotes":""},"categories":[9635],"tags":[1111,11,1777,674,1011,27,775,1702,33033,12,25,104],"class_list":{"0":"post-300588","1":"post","2":"type-post","3":"status-publish","4":"format-standard","5":"has-post-thumbnail","7":"category-nancy","8":"tag-actu","9":"tag-actualites","10":"tag-eu","11":"tag-europe","12":"tag-fr","13":"tag-france","14":"tag-grand-est","15":"tag-nancy","16":"tag-nancy-thermal","17":"tag-news","18":"tag-republique-francaise","19":"tag-societe"},"share_on_mastodon":{"url":"https:\/\/pubeurope.com\/@fr\/114982351170865206","error":""},"_links":{"self":[{"href":"https:\/\/www.europesays.com\/fr\/wp-json\/wp\/v2\/posts\/300588","targetHints":{"allow":["GET"]}}],"collection":[{"href":"https:\/\/www.europesays.com\/fr\/wp-json\/wp\/v2\/posts"}],"about":[{"href":"https:\/\/www.europesays.com\/fr\/wp-json\/wp\/v2\/types\/post"}],"author":[{"embeddable":true,"href":"https:\/\/www.europesays.com\/fr\/wp-json\/wp\/v2\/users\/2"}],"replies":[{"embeddable":true,"href":"https:\/\/www.europesays.com\/fr\/wp-json\/wp\/v2\/comments?post=300588"}],"version-history":[{"count":0,"href":"https:\/\/www.europesays.com\/fr\/wp-json\/wp\/v2\/posts\/300588\/revisions"}],"wp:featuredmedia":[{"embeddable":true,"href":"https:\/\/www.europesays.com\/fr\/wp-json\/wp\/v2\/media\/300589"}],"wp:attachment":[{"href":"https:\/\/www.europesays.com\/fr\/wp-json\/wp\/v2\/media?parent=300588"}],"wp:term":[{"taxonomy":"category","embeddable":true,"href":"https:\/\/www.europesays.com\/fr\/wp-json\/wp\/v2\/categories?post=300588"},{"taxonomy":"post_tag","embeddable":true,"href":"https:\/\/www.europesays.com\/fr\/wp-json\/wp\/v2\/tags?post=300588"}],"curies":[{"name":"wp","href":"https:\/\/api.w.org\/{rel}","templated":true}]}}