{"id":30059,"date":"2025-04-16T21:54:08","date_gmt":"2025-04-16T21:54:08","guid":{"rendered":"https:\/\/www.europesays.com\/fr\/30059\/"},"modified":"2025-04-16T21:54:08","modified_gmt":"2025-04-16T21:54:08","slug":"choc-au-sommet-entre-brive-et-provence-rugby-pour-tenter-de-se-rapprocher-de-grenoble","status":"publish","type":"post","link":"https:\/\/www.europesays.com\/fr\/30059\/","title":{"rendered":"choc au sommet entre Brive et Provence Rugby pour tenter de se rapprocher de Grenoble"},"content":{"rendered":"<p>Le leader grenoblois, qui re\u00e7oit le rel\u00e9gu\u00e9 Nice, ne compte plus cinq points d\u2019avance sur les Corr\u00e9ziens et neuf sur les Aixois.<\/p>\n<p class=\"fig-paragraph\">\u00c0 quatre journ\u00e9es de la fin du championnat de Pro D2, Brive et Provence s&rsquo;affrontent dans un choc du haut de tableau, toujours domin\u00e9 par Grenoble qui doit se relancer pour s&rsquo;assurer une place directe en demi-finale. Toujours leader avec 85 points, Grenoble ne compte plus que cinq points d&rsquo;avance sur Brive, et neuf sur Provence Rugby, la faute \u00e0 sa d\u00e9faite contre Valence-Romans (26-22).<\/p>\n<p class=\"fig-paragraph\">Apr\u00e8s trois d\u00e9faites sur les quatre derniers matches, les Is\u00e9rois ont perdu leur dynamique, mais peuvent se relancer face \u00e0 la lanterne rouge Nice, officiellement rel\u00e9gu\u00e9 lors de la journ\u00e9e pr\u00e9c\u00e9dente, pour s\u00e9curiser une des deux premi\u00e8res places synonymes de demi-finale directe. Le FCG regardera \u00e9galement avec attention le choc entre son dauphin briviste et Provence, qui s&rsquo;affrontent \u00e0 Am\u00e9d\u00e9e-Domenech vendredi en cl\u00f4ture de cette 27e journ\u00e9e.<\/p>\n<p class=\"fig-paragraph\">Meilleure \u00e9quipe \u00e0 domicile de la saison mais parfois fragile \u00e0 l&rsquo;ext\u00e9rieur, les Aixois devront r\u00e9aliser une performance loin de leurs bases pour conforter une place de barragiste \u00e0 domicile, voire r\u00eaver d&rsquo;une demi-finale directe. Car en cas de d\u00e9faite, Provence pourrait \u00eatre menac\u00e9 par Colomiers (4e avec 72 pts) qui accueille Agen (11e) en match d&rsquo;ouverture jeudi.<\/p>\n<p class=\"fig-paragraph\">\u00c9galement dans le Top 6, la surprenante \u00e9quipe de Soyaux-Angoul\u00eame, cinqui\u00e8me (70 pts) malgr\u00e9 sa d\u00e9faite \u00e0 Nevers (30-23), peut conforter ses espoirs de qualification aux phases finales avec la r\u00e9ception de Montauban (7e avec 68 points).<\/p>\n<p>Programme de la 27e journ\u00e9e\u00a0:<\/p>\n<p class=\"fig-paragraph\"><strong>Jeudi\u00a0<\/strong><br \/>(21h00)\u00a0Colomiers &#8211; Agen<\/p>\n<p class=\"fig-paragraph\"><strong>Vendredi<\/strong><br \/>(19h00) Nevers &#8211; Biarritz<br \/>(19h30) B\u00e9ziers &#8211; Mont-de-Marsan<br \/>Grenoble &#8211; Nice<br \/>Oyonnax &#8211; Valence-Romans<br \/>Soyaux-Angoul\u00eame &#8211; Montauban<br \/>Dax &#8211; Aurillac<br \/>(21h00) Brive &#8211; Provence Rugby<\/p>\n","protected":false},"excerpt":{"rendered":"Le leader grenoblois, qui re\u00e7oit le rel\u00e9gu\u00e9 Nice, ne compte plus cinq points d\u2019avance sur les Corr\u00e9ziens et&hellip;\n","protected":false},"author":2,"featured_media":30060,"comment_status":"","ping_status":"","sticky":false,"template":"","format":"standard","meta":{"footnotes":""},"categories":[1416],"tags":[2306,10420,525,2309,1981,2313,1089,451,814,1011,27,955,2308,10421,2311,1980,479,1468,2259,2307,60,478,2310,2312,513],"class_list":{"0":"post-30059","1":"post","2":"type-post","3":"status-publish","4":"format-standard","5":"has-post-thumbnail","7":"category-rugby","8":"tag-6-nations","9":"tag-ca-brive","10":"tag-calendrier","11":"tag-challenge-europeen","12":"tag-classement","13":"tag-clermont","14":"tag-coupe-deurope","15":"tag-coupe-du-monde","16":"tag-direct","17":"tag-fr","18":"tag-france","19":"tag-match","20":"tag-pro-d2","21":"tag-provence-rugby","22":"tag-racing","23":"tag-resultats","24":"tag-rugby","25":"tag-rugby-football","26":"tag-score","27":"tag-six-nations","28":"tag-sports","29":"tag-top-14","30":"tag-toulon","31":"tag-toulouse","32":"tag-xv-de-france"},"share_on_mastodon":{"url":"https:\/\/pubeurope.com\/@fr\/114349871152551923","error":""},"_links":{"self":[{"href":"https:\/\/www.europesays.com\/fr\/wp-json\/wp\/v2\/posts\/30059","targetHints":{"allow":["GET"]}}],"collection":[{"href":"https:\/\/www.europesays.com\/fr\/wp-json\/wp\/v2\/posts"}],"about":[{"href":"https:\/\/www.europesays.com\/fr\/wp-json\/wp\/v2\/types\/post"}],"author":[{"embeddable":true,"href":"https:\/\/www.europesays.com\/fr\/wp-json\/wp\/v2\/users\/2"}],"replies":[{"embeddable":true,"href":"https:\/\/www.europesays.com\/fr\/wp-json\/wp\/v2\/comments?post=30059"}],"version-history":[{"count":0,"href":"https:\/\/www.europesays.com\/fr\/wp-json\/wp\/v2\/posts\/30059\/revisions"}],"wp:featuredmedia":[{"embeddable":true,"href":"https:\/\/www.europesays.com\/fr\/wp-json\/wp\/v2\/media\/30060"}],"wp:attachment":[{"href":"https:\/\/www.europesays.com\/fr\/wp-json\/wp\/v2\/media?parent=30059"}],"wp:term":[{"taxonomy":"category","embeddable":true,"href":"https:\/\/www.europesays.com\/fr\/wp-json\/wp\/v2\/categories?post=30059"},{"taxonomy":"post_tag","embeddable":true,"href":"https:\/\/www.europesays.com\/fr\/wp-json\/wp\/v2\/tags?post=30059"}],"curies":[{"name":"wp","href":"https:\/\/api.w.org\/{rel}","templated":true}]}}